{"id":993,"date":"2018-09-24T17:09:02","date_gmt":"2018-09-24T15:09:02","guid":{"rendered":"http:\/\/www.amicidellorgano.org\/?p=993"},"modified":"2018-10-18T09:32:20","modified_gmt":"2018-10-18T07:32:20","slug":"concerto-di-ensemble-berlin-e-hedwig-bilgram-21-ottobre-2018","status":"publish","type":"post","link":"https:\/\/www.amicidellorgano.org\/index.php\/2018\/09\/24\/concerto-di-ensemble-berlin-e-hedwig-bilgram-21-ottobre-2018\/","title":{"rendered":"Concerto di Ensemble Berlin e Hedwig Bilgram &#8211; 21 ottobre 2018"},"content":{"rendered":"<p><img loading=\"lazy\" decoding=\"async\" class=\"wp-image-989 size-medium alignleft\" src=\"http:\/\/www.amicidellorgano.org\/wp-content\/uploads\/concerti2018\/15-Ensemble-Berlin-300x200.jpg\" alt=\"Concerti d'organo 2018 - Ensemble Berlin\" width=\"300\" height=\"200\" \/><img loading=\"lazy\" decoding=\"async\" class=\"alignnone size-medium wp-image-990\" src=\"http:\/\/www.amicidellorgano.org\/wp-content\/uploads\/concerti2018\/15-Hedwig-Bilgram-300x200.jpg\" alt=\"Concerti d'organo 2018 - Hedwig Bilgram\" width=\"300\" height=\"200\" \/><\/p>\n<p>domenica 21 ottobre, ore 18<br \/>\nALESSANDRIA, chiesa di S. Giovannino<br \/>\nENSEMBLE BERLIN<br \/>\nmusicisti dei Berliner Philarmoniker<br \/>\nHEDWIG BILGRAM, organo<\/p>\n<p>Un grandissimo evento, del tutto inedito per la citt\u00e0 di Alessandria come pure per la Stagione di Concerti sugli organi storici sostenuta da Compagnia di San Paolo e dalle Fondazioni CRT, SociAl, CRAL e Piemonte dal Vivo \u00e8 in programma domenica 21 ottobre alle ore 18 nella centralissima chiesa di S. Giovannino fresca di restauro.<\/p>\n<p><strong>L&#8217; ENSEMBLE BERLIN, costituito da musicisti dei Berliner Philarmoniker e da HEDWIG BILGRAM,<\/strong> storica organista e continuista di questa grande orchestra, si esibir\u00e0 in un <strong>programma che alterna brani da camera a composizioni per organo solo<\/strong>.<br \/>\nSaranno utilizzati per questo motivo due organi:<br \/>\nlo storico &#8220;Mentasti&#8221; del 1890, anch&#8217; esso appena restaurato dalla ditta &#8220;Brondino- Vegezzi Bossi&#8221;, ed un bellissimo strumento a cassone costruito da Walter Chinaglia di Cermenate, che sar\u00e0 collocato sul pavimento per la musica d&#8217;insieme.<\/p>\n<p>&#8220;Non possiamo che dirci soddisfatti quanto mai&#8221;, dicono gli Amici dell&#8217; Organo, &#8220;ospitiamo per la prima volta il meglio possibile della qualit\u00e0 musicale all&#8217;interno della nostra Stagione. A memoria nostra nessun altro ciclo di concerti d&#8217;organo in Italia ha mai offerto al pubblico un appuntamento di cos\u00ec elevato livello, unito ad una grande variet\u00e0 di repertorio.<br \/>\n<strong>Per questo ringraziamo sentitamente le Fondazioni che ci sostengono ed in particolare per questo evento la Fondazione SociAL, il Comune di Alessandria e la Confraternita del SS. Crocifisso che ci ospita in quella incantevole sede carica di storia e di arte che \u00e8 la Chiesa di S. Giovannino, riportata al suo originario splendore per iniziativa della &#8220;Consulta per la Valorizzazione dei beni culturali dell&#8217;alessandrino&#8221;, presieduta dall&#8217;ing. Piergiacomo Guala&#8221;<\/strong><\/p>\n<p><!--more--><\/p>\n<p><strong>Programma<br \/>\n<\/strong>Louis James Alfred Lef\u00e9bure- W\u00e9ly (1817 \u2013 1869)<br \/>\n3 pezzi per organo<\/p>\n<p>Johann Sebastian Bach (1685 \u2013 1750)<br \/>\nTrio Sonate Nr.1 BWV 525 per oboe, viola e cello<\/p>\n<p>Johan Halvorsen (1864 \u2013 1935)<br \/>\nPasacaglia per viola e violoncello<\/p>\n<p>Georg Philipp Telemann (1681 \u2013 1767)<br \/>\nSonata in mi bemolle maggiore per oboe e organo obbligato<\/p>\n<p>Nicolaus Bruhns (1665 \u2013 1697)<br \/>\nPreludio in mi minore per organo<\/p>\n<p>G. Silvestrini (1961)<br \/>\n3 studi dai 6 studi per oboe solo<\/p>\n<p>Georg Philipp Telemann<br \/>\nTrio Sonate in do minore TWV 42:c5 per oboe, viola, cello e organo<\/p>\n<p>L\u2019<strong>Ensemble Berlin<\/strong> nasce nel 1999 per iniziativa dell\u2019oboista Christoph Hartmann, oboe solista dei Berliner Philharmoniker, e di un gruppo di solisti della grande orchestra tedesca. Il debutto avviene in occasione del Landsberger Sommermusiken, un festival musicale estivo creato e diretto a tutt\u2019oggi dagli stessi musicisti dell\u2019ensemble e che ospita regolarmente alcune fra le migliori formazioni cameristiche tedesche ed europee.<br \/>\nDopo il grande successo di pubblico e di critica fatto riscontrare al festival Landsberger Sommermusiken i musicisti della Filarmonica di Berlino hanno deciso di esibirsi come Ensemble Berlin anche al di fuori della loro rassegna. Cos\u00ec, dal 1999 ad oggi, l\u2019ensemble ha effettuato numerosi concerti, esibendosi nei pi\u00f9 importanti festival e sale da concerto d\u2019Europa.<br \/>\nL\u2019Ensemble Berlin \u00e8 una formazione aperta e flessibile che pu\u00f2 includere archi, fiati e talvolta il pianoforte, fino a contemplare numerose altre possibilit\u00e0 d\u2019assieme strumentali, espressioni del vasto repertorio cameristico dal periodo classico in poi.<br \/>\nIl repertorio del gruppo, vista la duttilit\u00e0 e l\u2019eccellenza tecnica dei musicisti, \u00e8 quanto di pi\u00f9 aperto si possa immaginare e prevede, oltre al repertorio cameristico classico e alla musica del periodo barocco, l\u2019esecuzione di adattamenti musicali, pot-pourris strumentali, romanze da salotto, divertissements ottocenteschi su temi tratti dall\u2019opera, ricongiungendosi direttamente, in questo modo, alla fiorente e ricca tradizione dell\u2019opera da salotto affermatasi nel XIX secolo.<br \/>\nL\u2019Ensemble Berlin ha inciso vari dischi: ricordiamo le efficaci trascrizioni di due grandi classici della storia della musica: una versione per nonetto dalla \u201cWandererphantasie\u201d di Franz Schubert e una versione per quintetto di fiati del quartetto d\u2019archi di Giuseppe Verdi (accolto calorosamente dalla critica); il cd EMI dedicato alla musica di Antonio Pasculli (Editor choice per la rivista Gramophone); le recenti trascrizioni di altri due capolavori, i Quadri d\u2019una esposizione di Musorgsky e Le Tombeau de Couperin di Ravel (record of the week per la RBB Kultur).<\/p>\n<p><strong>Hedwig Bilgram<\/strong> \u00e8 nata a Memmingen (Germania). Da giovanissima prese lezioni di pianoforte da Thilde Kraushaar, allieva di Schmid-Lindner.In seguto prosegu\u00ec la sua formazione musicale all&#8217; Universit\u00e0 di Musica di Monaco di Baviera ove ha studiato pianoforte con Friedrich W\u00fchrer ed organo con Karl Richter.<br \/>\nNel 1956 vinse il primo premio al Concorso delle Universit\u00e0 della Germania e solo tre anni dopo il primo premio all&#8217; \u201c International ARD Music Competition of the Federal Republic of Germany\u201d a Monaco.<br \/>\nPer numerosi anni, sotto la direzione di Karl Richter, ha suonato il basso continuo nelle esecuzioni di Passioni, Cantate ed Oratori del \u201cMunich Bach Choir and Bach Orchestra\u201d. Dal 1961 Hedwig Bilgram insegna organo, e dal 1964 clavicembalo, all&#8217;Universit\u00e0 di Musica a Monaco.<br \/>\nNel 1971 a Norimberga, nel corso dell&#8217; anno \u201c Albrecht Duerer\u201d, Hedwig Bilgram ha avuto l&#8217;onore di suonare in prima esecuzione il Concerto per organo ed orchestra di Harald Genzmer.<br \/>\nLa sua enorme esperienza concertistica, sia come solista che come musicista da camera, con artisti quali Paul Meisen, Maurice Andr\u00e9, Jean-Pierre Rampal, ha portato Hedwig Bilgram in numerosi Paesi europei, in USA, Canada, Giappone e Russia.<br \/>\nDal 1990 Hedwig Bilgram \u00e8 membro del \u201cBerlin Haydn Ensemble\u201d, fondato da Hansj\u00f6rg Schellenberger, che raccoglie molti membri della Berlin Philharmonic Orchestra. E&#8217; spesso solista ospite del Bach Collegium Munich.<br \/>\nIn tempi recenti Hedwig Bilgram ha volto il suo interesse verso lo \u201chammer piano\u201d, sia come solista sia per Associazioni di musica da camera con diversi altri musicisti.<\/p>\n","protected":false},"excerpt":{"rendered":"<p>domenica 21 ottobre, ore 18 ALESSANDRIA, chiesa di S. Giovannino ENSEMBLE BERLIN musicisti dei Berliner Philarmoniker HEDWIG BILGRAM, organo Un grandissimo evento, del tutto inedito per la citt\u00e0 di Alessandria &hellip; <a href=\"https:\/\/www.amicidellorgano.org\/index.php\/2018\/09\/24\/concerto-di-ensemble-berlin-e-hedwig-bilgram-21-ottobre-2018\/\" class=\"more-link\">Continua la lettura di <span class=\"screen-reader-text\">Concerto di Ensemble Berlin e Hedwig Bilgram &#8211; 21 ottobre 2018<\/span> <span class=\"meta-nav\">&rarr;<\/span><\/a><\/p>\n","protected":false},"author":1,"featured_media":0,"comment_status":"closed","ping_status":"closed","sticky":false,"template":"","format":"standard","meta":{"footnotes":""},"categories":[105,13],"tags":[51,106,133,132,131],"class_list":["post-993","post","type-post","status-publish","format-standard","hentry","category-concerti-2018","category-news","tag-alessandria","tag-concerti2018","tag-ensemble-berlin","tag-hedwig-bilgram","tag-san-giovannino"],"_links":{"self":[{"href":"https:\/\/www.amicidellorgano.org\/index.php\/wp-json\/wp\/v2\/posts\/993"}],"collection":[{"href":"https:\/\/www.amicidellorgano.org\/index.php\/wp-json\/wp\/v2\/posts"}],"about":[{"href":"https:\/\/www.amicidellorgano.org\/index.php\/wp-json\/wp\/v2\/types\/post"}],"author":[{"embeddable":true,"href":"https:\/\/www.amicidellorgano.org\/index.php\/wp-json\/wp\/v2\/users\/1"}],"replies":[{"embeddable":true,"href":"https:\/\/www.amicidellorgano.org\/index.php\/wp-json\/wp\/v2\/comments?post=993"}],"version-history":[{"count":4,"href":"https:\/\/www.amicidellorgano.org\/index.php\/wp-json\/wp\/v2\/posts\/993\/revisions"}],"predecessor-version":[{"id":1007,"href":"https:\/\/www.amicidellorgano.org\/index.php\/wp-json\/wp\/v2\/posts\/993\/revisions\/1007"}],"wp:attachment":[{"href":"https:\/\/www.amicidellorgano.org\/index.php\/wp-json\/wp\/v2\/media?parent=993"}],"wp:term":[{"taxonomy":"category","embeddable":true,"href":"https:\/\/www.amicidellorgano.org\/index.php\/wp-json\/wp\/v2\/categories?post=993"},{"taxonomy":"post_tag","embeddable":true,"href":"https:\/\/www.amicidellorgano.org\/index.php\/wp-json\/wp\/v2\/tags?post=993"}],"curies":[{"name":"wp","href":"https:\/\/api.w.org\/{rel}","templated":true}]}}