{"id":901,"date":"2018-06-30T10:37:51","date_gmt":"2018-06-30T08:37:51","guid":{"rendered":"http:\/\/www.amicidellorgano.org\/?p=901"},"modified":"2018-07-02T10:29:41","modified_gmt":"2018-07-02T08:29:41","slug":"concerto-di-rosana-orsini-e-marco-aurelio-brescia-8-luglio-2018","status":"publish","type":"post","link":"https:\/\/www.amicidellorgano.org\/index.php\/2018\/06\/30\/concerto-di-rosana-orsini-e-marco-aurelio-brescia-8-luglio-2018\/","title":{"rendered":"Concerto di Rosana Orsini e Marco Aurelio Brescia \u2013 8 luglio 2018"},"content":{"rendered":"<p><strong>Concerto di Rosana Orsini e Marco Aurelio Brescia \u2013 8 luglio 2018<\/strong><\/p>\n<p><img loading=\"lazy\" decoding=\"async\" class=\"aligncenter wp-image-864 size-large\" src=\"http:\/\/www.amicidellorgano.org\/wp-content\/uploads\/concerti2018\/04-Rosana-Orsini-Marco-Aurelio-Brescia-1024x681.jpg\" alt=\"Concerti d'organo 2018 - Rosana Orsini - Marco Aurelio Brescia\" width=\"474\" height=\"315\" \/><\/p>\n<p><span style=\"font-size: medium;\">Domenica 8 luglio alle ore 18.30 presso l&#8217;Abbazia di Novalesa (TO), nell&#8217;ambito della XXXIX Stagione internazionale di concerti sugli organi storici organizzata dagli Amici dell&#8217;Organo di Alessandria con il sostegno delle Fondazioni CRT, CRAL, SociAl e Piemonte dal Vivo, si terr\u00e0 un concerto per organo e voce. Ad esibirsi sar\u00e0 il duo formato dal soprano ROSANA ORSINI (Brasile-Portogallo) e dall&#8217;organista MARCO AURELIO BRESCIA (Italia &#8211; Brasile- Portogallo), che proporr\u00e0 un raffinato ed interessante programma dal titolo<span style=\"font-family: Times New Roman, serif;\"><span lang=\"pt-PT\"><i>\u201c MUSICA SACRA A PORTO E SANTIAGO DI COMPOSTELA \u201c(secc. XVIII \/ XIX).<\/i><\/span><\/span><\/span><\/p>\n<p lang=\"pt-PT\"><span style=\"font-family: Times New Roman, serif;\"><span style=\"font-size: medium;\">Il concerto, per il quale viene impiegato il preziosissimo organo costruito da Cesare Catarinozzi intorno al 1695, \u00e8 dedicato alla memoria dell&#8217;architetto Nicola Antonio de Liso, responsabile della sezione organi della Sovraintendenza ai Beni Storici ed artistici del Piemonte, che diresse tra l&#8217;altro proprio le operazioni di restauro dello strumento. Fra un brano e l&#8217;altro la signora Giovanna De Liso, sorella dell&#8217;architetto prematuramente scomparso, legger\u00e0 alcune proprie poesie.<\/span><\/span><\/p>\n<p lang=\"pt-PT\"><!--more--><\/p>\n<p><strong>Programma<br \/>\n<\/strong><strong>Jos\u00e9 de Nebra<\/strong> (Calatayud, 1702 \u2013 Madrid, 1768)<br \/>\n.<em> Batalla de Clarines<\/em><\/p>\n<p><strong>Girolamo Sertori<\/strong> (Parma, 1692; Pamplona, <em>fl<\/em>. 1758; Porto, <em>fl<\/em>. 1764)<br \/>\nBiblioteca Nazionale del Portogallo, dagli antichi conventi femminili di Porto<br \/>\nLectio III in Feria VI<br \/>\n<em>. Manum suam misit hostis<\/em><\/p>\n<p><strong>Melchor L\u00f3pez<\/strong> (Hueva, 1759 \u2013 Santiago di Compostela, 1822)<br \/>\nArchivio della Cattedrale di Santiago di Compostela<br \/>\n<em>Libro d\u2019Organo di Melchor L\u00f3pez<\/em> (1781)<br \/>\n<em>. 2.<sup>o<\/sup> Intento<\/em><\/p>\n<p><strong>Fr\u00e0 Francisco de S\u00e3o Boaventura<\/strong> (Porto, <em>fl<\/em>. 1773-1802)<br \/>\nBiblioteca Nazionale del Portogallo, dall\u2019antico convento di Santa Chiara di Porto<br \/>\nLectio II in Feria VI (1773)<br \/>\n<em>. Matribus suis dixerunt ubi est triticum et vinum<\/em><\/p>\n<p><strong>Jos\u00e9 de Nebra<br \/>\n<\/strong>Archivio della Cattedrale di Santiago di Compostela<br \/>\n<em>Libro d\u2019Organo di Melchor L\u00f3pez<\/em> (1781)<br \/>\n<em>. 11 Versos de V\u00edsperas de Jos\u00e9 de Nebra: VIII \u2013 IX \u2013 X \u2013 XI<\/em><\/p>\n<p><strong>Ant\u00f3nio da Silva Leite<\/strong> (Porto, 1759 \u2013 1833)<br \/>\nBiblioteca Nazionale del Portogallo, dall\u2019antico convento di Santa Chiara di Porto<br \/>\nLi\u00e7\u00e3o a solo e \u00f3rg\u00e3o (1797)<br \/>\n<em>. Ex tractatu sancti augustini episcopi super psalmos<\/em><\/p>\n<p><strong>Melchor L\u00f3pez<br \/>\n<\/strong>Archivio della Cattedrale di Santiago di Compostela<br \/>\n<em>Libro d\u2019Organo di Melchor L\u00f3pez<\/em> (1781)<br \/>\n<em>. 3.<sup>o<\/sup> Intento<\/em><\/p>\n<p><strong>Ant\u00f3nio da Silva Leite<\/strong> (Porto, 1759 \u2013 1833)<br \/>\nBiblioteca Nazionale del Portogallo, dall\u2019antico convento di Santa Chiara di Porto<br \/>\n. <em>Calenda do Patriarca S. Francisco <\/em>(1816)<\/p>\n<p><strong>Melchor L\u00f3pez<br \/>\n<\/strong>Archivio della Cattedrale di Santiago di Compostela<br \/>\n<em>Libro d\u2019Organo di Melchor L\u00f3pez<\/em> (1781)<br \/>\n<em>. 4.<sup>o<\/sup> Intento<\/em><\/p>\n<p><strong>Ant\u00f3nio da Silva Leite<br \/>\n<\/strong>Biblioteca Nazionale del Portogallo, dall\u2019antico convento di San Benedetto \u201cde Av\u00e9-Maria\u201d di Porto<br \/>\n. <em>Aria Latina <\/em>(1795)<\/p>\n<p><strong>Rosana Orsini \u2013 soprano<br \/>\n<\/strong>Specializzata nell\u2019interpretazione storica della musica barocca, il soprano Rosana Orsini ha collaborato con diversi gruppi in Brasile, Stati Uniti ed Europa, avendo calcato prestigiosi palcoscenici e cantato in festival internazionali tra cui il Greenwich Museum (New York \u2013 Stati Uniti), l\u2019Opera Mozart Praha \u2013 Stavovsk\u00e9 divadlo (Praga \u2013 Repubblica Ceca), il Theatro Municipal (Rio de Janeiro \u2013 Brasile), il Pal\u00e1cio das Artes (Belo Horizonte \u2013 Brasile), la National Gallery of Art (Washington \u2013 Stati Uniti), il <em>Long Island Guitar Festival<\/em> (New York \u2013 Stati Uniti), il <em>Trencianska Hudnobn\u00e1 Jar 2006<\/em> (Tren\u010d\u00edn \u2013 Slovacchia), il <em>Compostela Organum Festival \u2013 Xacobeo 2010<\/em> (Santiago di Compostela \u2013 Spagna), l\u2019<em>Aste Nagusia 2017<\/em> (Bilbao, Spagna), lo <em>ScarlattiLab Barocco<\/em> <em>2014<\/em> (Napoli \u2013 Italia), il <em>XL Festival di Estoril \/ Lisbona<\/em> (Portogallo), il <em>Festival Internazionale di Musica Antica de Juiz de Fora<\/em> e il <em>Festival Internazionale di Musica Antica di Diamantina<\/em> (Brasile), il <em>Festival di Musica Antica di Panama<\/em> (Panama). Rosana Orsini ha conseguito il master in musica presso la Manhattan School of Music di New York, una specializzazione presso la Royal Academy of Music di Londra, un PhD in musicologia presso la Universit\u00e9 Sorbonne \u2013 Paris IV e la Universidade Nova de Lisboa, specializzandosi nella prassi esecutiva barocca nel Conservatorio di San Pietro a Majella di Napoli, sotto la direzione del maestro Antonio Florio.<\/p>\n<p><strong>Marco Brescia \u2013 organo<br \/>\n<\/strong>Organista italo-brasiliano stabilitosi a Porto (Portogallo), Marco Brescia sviluppa un\u2019importante attivit\u00e0 artistica, partecipando con regolarit\u00e0 ai principali eventi musicali e festival internazionali in Europa, Centro America e America del Sud. \u00c8 il fondatore, assieme al soprano Rosana Orsini, dell\u2019ensemble Favola d\u2019Argo. Ha collaborato con prestigiosi gruppi e artisti come Ministriles de Marsias, Il Combattimento, Real Filharmon\u00eda de Galicia ed il tenore Marco Beasley.<br \/>\nBrescia \u00e8 dottore di ricerca in musicologia storica \/ organologica presso l\u2019universit\u00e0 Sorbonne \u2013 Paris IV, avendo ottenuto la menzione massima \u201ctr\u00e8s honorable \u00e0 l\u2019hunanimit\u00e9\u201d. \u00c8 specializzato nell\u2019interpretazione storica della musica iberica e italiana, avendo conseguito il master in Musica Antica \/ specialit\u00e0 organo storico presso la Escola Superior de M\u00fasica de Catalunya \/ Universitat Aut\u00f2noma de Barcelona, dove ha ottenuto la prestigiosa \u201cmatr\u00edcula de honor\u201d.<br \/>\nBrescia \u00e8 stato il responsabile per l\u2019edizione critica del <em>Libro d\u2019Organo di Melchor L\u00f3pez<\/em> (1781), pubblicato in occasione dell\u2019800\u00ba anniversario della consacrazione della Cattedrale de Santiago di Compostela. E&#8217; il direttore artistico del <em>Festival Internazionale di Musica Antica di Diamantina<\/em> (Brasile) e del <em>Ciclo di Concerti di Organo \u201c Vila Nova de Famalic\u00e3o e Santo Tirso\u201d<\/em> (Portogallo). Per il suo lavoro di conservazione e diffusione del patrimonio organaro storico brasiliano \u00e8 stato decorato con la <em>Medaglia d\u2019Onore Presidente Juscelino Kubitschek.<\/em><\/p>\n","protected":false},"excerpt":{"rendered":"<p>Concerto di Rosana Orsini e Marco Aurelio Brescia \u2013 8 luglio 2018 Domenica 8 luglio alle ore 18.30 presso l&#8217;Abbazia di Novalesa (TO), nell&#8217;ambito della XXXIX Stagione internazionale di concerti &hellip; <a href=\"https:\/\/www.amicidellorgano.org\/index.php\/2018\/06\/30\/concerto-di-rosana-orsini-e-marco-aurelio-brescia-8-luglio-2018\/\" class=\"more-link\">Continua la lettura di <span class=\"screen-reader-text\">Concerto di Rosana Orsini e Marco Aurelio Brescia \u2013 8 luglio 2018<\/span> <span class=\"meta-nav\">&rarr;<\/span><\/a><\/p>\n","protected":false},"author":1,"featured_media":0,"comment_status":"closed","ping_status":"closed","sticky":false,"template":"","format":"standard","meta":{"footnotes":""},"categories":[105,13],"tags":[112,106,111,110,113],"class_list":["post-901","post","type-post","status-publish","format-standard","hentry","category-concerti-2018","category-news","tag-abbazia-di-novalesa","tag-concerti2018","tag-marco-aurelio-brescia","tag-rosana-orsini","tag-torino"],"_links":{"self":[{"href":"https:\/\/www.amicidellorgano.org\/index.php\/wp-json\/wp\/v2\/posts\/901"}],"collection":[{"href":"https:\/\/www.amicidellorgano.org\/index.php\/wp-json\/wp\/v2\/posts"}],"about":[{"href":"https:\/\/www.amicidellorgano.org\/index.php\/wp-json\/wp\/v2\/types\/post"}],"author":[{"embeddable":true,"href":"https:\/\/www.amicidellorgano.org\/index.php\/wp-json\/wp\/v2\/users\/1"}],"replies":[{"embeddable":true,"href":"https:\/\/www.amicidellorgano.org\/index.php\/wp-json\/wp\/v2\/comments?post=901"}],"version-history":[{"count":2,"href":"https:\/\/www.amicidellorgano.org\/index.php\/wp-json\/wp\/v2\/posts\/901\/revisions"}],"predecessor-version":[{"id":919,"href":"https:\/\/www.amicidellorgano.org\/index.php\/wp-json\/wp\/v2\/posts\/901\/revisions\/919"}],"wp:attachment":[{"href":"https:\/\/www.amicidellorgano.org\/index.php\/wp-json\/wp\/v2\/media?parent=901"}],"wp:term":[{"taxonomy":"category","embeddable":true,"href":"https:\/\/www.amicidellorgano.org\/index.php\/wp-json\/wp\/v2\/categories?post=901"},{"taxonomy":"post_tag","embeddable":true,"href":"https:\/\/www.amicidellorgano.org\/index.php\/wp-json\/wp\/v2\/tags?post=901"}],"curies":[{"name":"wp","href":"https:\/\/api.w.org\/{rel}","templated":true}]}}