{"id":886,"date":"2018-06-25T13:17:21","date_gmt":"2018-06-25T11:17:21","guid":{"rendered":"http:\/\/www.amicidellorgano.org\/?p=886"},"modified":"2018-06-25T13:17:21","modified_gmt":"2018-06-25T11:17:21","slug":"concerto-di-gabriele-giacomelli-29-giugno-2018","status":"publish","type":"post","link":"https:\/\/www.amicidellorgano.org\/index.php\/2018\/06\/25\/concerto-di-gabriele-giacomelli-29-giugno-2018\/","title":{"rendered":"Concerto di Gabriele Giacomelli &#8211; 29 giugno 2018"},"content":{"rendered":"<p><strong>Concerto di Gabriele Giacomelli &#8211; 29 giugno 2018<\/strong><\/p>\n<p><img loading=\"lazy\" decoding=\"async\" class=\"aligncenter wp-image-865 size-large\" src=\"http:\/\/www.amicidellorgano.org\/wp-content\/uploads\/concerti2018\/02-Gabriele-Giacomelli-1024x768.jpg\" alt=\"Concerti d'organo 2018 - Gabriele Giacomelli\" width=\"474\" height=\"356\" \/><\/p>\n<p>Nella Collegiata dei Santi Pietro e Paolo di Castelnuovo Scrivia si svolger\u00e0 venerd\u00ec 29 giugno alle ore 21 nella ricorrenza di San Pietro, come \u00e8 ormai tradizione, il primo appuntamento della nuova Stagione di concerti sugli organi storici. All&#8217;organo Vitani-Amati, uno dei pi\u00f9 antichi di tutta la provincia, sieder\u00e0 Gabriele Giacomelli che proporr\u00e0 pagine di notissimi autori come Bach, Haendel, Pasquini e Muffat, ma non mancheranno brani di compositori poco eseguiti fra i quali alcuni anonimi ripescati dallo stesso concertista nell&#8217;archivio musicale della Cattedrale di Firenze, o pezzi di Athanasius Kircher fra i quali uno che fa chiaro riferimento alla cosiddetta &#8220;TARANTA&#8221; oggi assai di moda.<\/p>\n<p><!--more--><\/p>\n<div class=\"gmail_quote\">\n<div dir=\"ltr\">\n<div>\n<p>\u00c8 acclarato da varie fonti storiche che il ballo e la musica della taranta siano legati in antichit\u00e0 al culto di Dioniso, allora assai presente in terra salentina. Durante lo svolgimento della festivit\u00e0 le popolazioni si potevano addentrare nei misteri dionisiaci.<\/p>\n<p>La sfrenatezza dei comportamenti, la licenziosit\u00e0 dei rapporti che pubblicamente avvenivano rinsaldavano i legami tra le genti. Che questo poteva avvenire aiutato da qualche &#8220;pizzica&#8221; o bevanda, a noi non \u00e8 dato da sapere. Di certo si sa che successivamente tali misteri furono coperti dalle varie regole imposte dal Cristianesimo, per cui la musica si leg\u00f2 a quella che dopo si chiam\u00f2 nevrastenia per cui la pizzica fu considerata l&#8217;unica medicina contro il morso delle tarante.<\/p>\n<p>Nel Salento di molti anni fa la popolazione era per lo pi\u00f9 contadina e viveva a stretto contatto con la terra e gli animali, tra cui i ragni, la tarantola. Durante il raccolto capitava di sentirsi improvvisamente male e svenire. Dopo molti casi non curati dalla medicina tradizionale, si not\u00f2 che la persona in questione appariva in uno stato di trance continuo e non aveva alcuna reazione ad eccezione di un ballo durante la suonata di alcuni strumenti tra cui, il pi\u00f9 importante, il tamburello.<\/p>\n<p>Il tarantismo, che si manifestava soprattutto nei mesi estivi (il periodo della mietitura del grano in Puglia ), era costituito da sintomi di malessere generale, quali stati di prostrazione, depressione melanconia, quadri neuropsicologici come catatonia o deliri, dolori addominali, muscolari o affaticamento, e la maggior parte dei soggetti che ne denunciavano i sintomi erano donne (e naturalmente tale sintomatologia venne presto classificata come una forma di isterismo).<\/p>\n<p>Attraverso la musica e la danza era per\u00f2 possibile dare guarigione ai tarantati, realizzando un vero e proprio esorcismo a carattere musicale. Ogni volta che un tarantato esibiva i sintomi associati al tarantismo, dei suonatori di tamburello, violino, organetto, armonica a bocca ed altri strumenti musicali andavano nell&#8217;abitazione del tarantato oppure nella piazza principale del paese. I musicisti cominciavano a suonare la pizzica o la tarantella, musiche dal ritmo sfrenato, e il tarantato cominciava a danzare e urlare per lunghe ore sino allo sfinimento. La credenza voleva infatti, che mentre si consumavano le proprie energie nella danza, anche la taranta si consumasse e soffrisse sino ad essere annientata. Tuttavia, nel rito esorcistico erano impiegate anche altre musiche dal ritmo lento e dalla melodia malinconica.<\/p>\n<p>Quanto al brano di Kircher lo stesso Giacomelli scrive:<br \/>\n&#8220;La festa dei Santi Pietro e Paolo del 29 giugno viene celebrata in alcune aree del Mezzogiorno italiano con riti davvero singolari. \u00c8 ad esempio il caso della cappella di San Paolo a Galatina dove in tale data si svolgo i tradizionali riti di purificazione delle tarantate, riti che avvengono a suon di musica. Vengono infatti eseguiti veri e propri antidoti musicali, alcuni dei quali furono pubblicati nel 1641 dal gesuita tedesco Athanasius Kircher, che si stabil\u00ec a Roma, dove allest\u00ec una famosa Wunderkammern. Kircher \u00e8 considerato uno degli ultimi grandi eruditi della storia, essendo vissuto quando la figura dello specialista in una delimitata branca del sapere si stava imponendo sulla figura dell&#8217;esperto &#8216;universale&#8217;. Scrisse di geologia, egittologia, sinologia, metrica, musica, organologia, matematica, medicina, astronomia. Fra i suoi trattati figura il <i>Magnes, sive de Arte Magnetica Opus<\/i> (Roma, 1641), singolare opera dedicata ai fenomeni che lui definisce magnetici, in cui viene trattato il tarantismo, ossia la credenza popolare che la persona morsa dalla tarantola manifestasse reazioni isteriche o eccessi di melanconia curabili mediante una musica appropriata. Kircher pubblica nel trattato una trascrizione di vari antidoti musicali che si tramandavano oralmente da secoli nel Mezzogiorno italiano. Fra questi, risulta molto affascinante la <i>Vera Tarantella &#8211; Tono Hypodorio<\/i>, diffusa nel Seicento a Napoli.&#8221;<\/p>\n<p><strong>GABRIELE GIACOMELLI<\/strong>, organista e musicologo, si \u00e8 diplomato brillantemente in Pianoforte e in Organo presso il conservatorio \u00abL. Cherubini\u00bb di Firenze, dove ha studiato con Mariella Mochi. Si \u00e8 quindi perfezionato con Stefano Innocenti e ha partecipato a corsi d\u2019interpretazione tenuti da Luigi Ferdinando Tagliavini, Michael Radulescu e Harald Vogel. Si \u00e8 laureato in Storia della Musica presso l\u2019Universit\u00e0 di Firenze. Svolge un\u2019intensa attivit\u00e0 concertistica in Europa (Austria, Danimarca, Francia, Germania, Gran Bretagna, Italia, Olanda, Russia, Slovenia, Spagna, Svezia) e in America (Per\u00f9, Uruguay, USA) per enti e festival quali: Festival organistico della Oudekerk di Amsterdam, Concerti della St. Johanniskirke di Altona-Amburgo, Galleria Tretjakov di Mosca, Sankt Johannes Internationale Orgelfestival di Copenhagen, concerti della St. Jakobskyrkan e della Storkyrkan (Cattedrale) di Stoccolma, Festival Leclerc della cattedrale di Sens, Festival des Heures d&#8217;Orgue di Chamonix-Mont Blanc, Concerti della Cattedrale di Lubiana, Organ Festival della Cattedrale di Winchester, Festival Internacional de \u00d2rgano de Getafe (Madrid), Festival Iberomericano de m\u00f9sica colonial, Festival Internacional de Organo del Uruguay, Festival del Barroco Latinoamericano di Cusco (Per\u00f9) &#8230; Nel 2015 ha suonato nel Battistero di Firenze per Papa Francesco durante la sua visita in citt\u00e0. Sue esecuzioni sono state trasmesse da varie radio e televisioni fra cui RAI1, RAI2, RAI3, Tv2000.<br \/>\nHa inciso un CD sull&#8217;antico organo del Duomo di Prato per Elegia Records dedicato a <em>Zipoli from the Old World to the New on the ancient Organs of his City <\/em>e un CD sugli antichi organi della basilica di San Lorenzo a Firenze per Tactus dedicato a <em>L&#8217;organo a Firenze dai Medici all&#8217;Unit\u00e0 d&#8217;Italia<\/em> (5 stelle su \u00abAmadeus\u00bb, 4 stelle sulla rivista britannica \u00abChoir&amp;Organ\u00bb &#8230;).<br \/>\nSuoi saggi (su Cherubini, Frescobaldi, padre Martini, Merulo, Orlando di Lasso, Palestrina, Zipoli &#8230;) sono stati pubblicati da editori quali Libreria Editrice Vaticana, Marsilio, Olschki, Yale University Press &#8230; in importanti riviste scientifiche (Informazione organistica, L&#8217;Organo, The Organ Yearbook, Recercare, Il Saggiatore Musicale &#8230;). Ha scritto alcune voci per il dizionario <em>Die Musik in Geschichte und Gegenwart<\/em> (B\u00e4renreiter, Kassel) e per il <em>Dizionario Biografico degli Italiani<\/em> (Fondazione Treccani, Roma). \u00c8 autore di tre libri: <em>Antonio Squarcialupi e la tradizione organaria in Toscana <\/em>(Torre d&#8217;Orfeo, 1992); <em>Gli organi di S. Maria del Fiore di Firenze <\/em>(Olschki, 1993); <em>O flos colende. Musica per Santa Maria del Fiore (1608-1788)<\/em> (Torre d&#8217;Orfeo, 1998). \u00c8 coautore con il violinista Salvatore Accardo dei libri di testo per le scuole medie <em>Stradivari <\/em>(Bompiani, 2012) e <em>Sulle note di uno Stradivari <\/em>(Fabbri, 2017). \u00c8 autore di edizioni critiche di musiche inedite di C. A. Campion, G. M. Casini, M. da Gagliano, F. Vitali, D. Zipoli &#8230;<br \/>\n\u00c8 direttore artistico della rassegna <em>O flos colende. Musica sacra a Firenze<\/em>, organizzata dall\u2019Opera di Santa Maria del Fiore di Firenze sino dal 1997 e del <em>Festival Zipoli<\/em> promosso dal Comune di Prato dal 1998. \u00c8 dal 2016 curatore di <em>Antichi Suoni &#8211; Itinerari Organistici Fiorentini<\/em> nell&#8217;ambito del Festival del Maggio Musicale Fiorentino.<br \/>\n\u00c8 membro della commissione artistica dell\u2019Accademia di Musica Italiana per Organo di Pistoia. \u00c8 Ispettore onorario del Ministero per i Beni e le Attivit\u00e0 Culturali per la tutela e il restauro degli strumenti musicali antichi della citt\u00e0 di Firenze.<br \/>\n\u00c8 docente di Storia della Musica presso il Conservatorio \u00abG. B. Martini\u00bb di Bologna.<\/p>\n<p><strong>Programma<br \/>\n<\/strong>JEAN DE BR\u00c9BEUF (1593 &#8211; 1649)<br \/>\n<em>Jesous Ahatonhia<\/em> (<em>Huron Carol<\/em>) tradizionale franco-canadese<\/p>\n<p>BERNARDO PASQUINI (1637-1710)<br \/>\n<em>Passagagli<\/em> in Do maggiore<br \/>\n<em>Bizzarria <\/em>in Re minore<br \/>\n<em>Sonata <\/em>in Do maggiore<\/p>\n<p>GEORG MUFFAT (1653-1704)<br \/>\n<em>Passacaglia <\/em>in Sol minore<\/p>\n<p>JOHANN SEBASTIAN BACH (1685-1750)<br \/>\n<em>Toccata e Fuga <\/em>in Mi minore BWV 914<\/p>\n<p>GEORG FRIEDRICH H\u00c4NDEL (1685-1759)<br \/>\n<em>Adagio <\/em>dalla <em>Suite <\/em>II in Fa maggiore<br \/>\n<em>Sarabanda<\/em> dalla <em>Suite <\/em>XI in Re minore<\/p>\n<p>ATHANASIUS KIRCHER (1602 &#8211; 1680)<br \/>\nda <em>Magnes, sive de Arte Magnetica Opus<\/em> (Roma, 1641)<br \/>\n<em>Vera Tarantella Tono Hypodorio &#8211; Alia clausula <\/em>tradizionale di Napoli<\/p>\n<p>ANONIMO (inizio del sec. XIX)<br \/>\ndai manoscritti dell&#8217;Archivio Musicale della Cattedrale di S. Maria del Fiore a Firenze<br \/>\n<em>Elevazione <\/em>in Si bemolle maggiore<br \/>\n<em>Post Communio <\/em>in Sol maggiore<br \/>\n<em>Offertorio <\/em>in Re maggiore<\/p>\n<\/div>\n<\/div>\n<\/div>\n","protected":false},"excerpt":{"rendered":"<p>Concerto di Gabriele Giacomelli &#8211; 29 giugno 2018 Nella Collegiata dei Santi Pietro e Paolo di Castelnuovo Scrivia si svolger\u00e0 venerd\u00ec 29 giugno alle ore 21 nella ricorrenza di San &hellip; <a href=\"https:\/\/www.amicidellorgano.org\/index.php\/2018\/06\/25\/concerto-di-gabriele-giacomelli-29-giugno-2018\/\" class=\"more-link\">Continua la lettura di <span class=\"screen-reader-text\">Concerto di Gabriele Giacomelli &#8211; 29 giugno 2018<\/span> <span class=\"meta-nav\">&rarr;<\/span><\/a><\/p>\n","protected":false},"author":1,"featured_media":0,"comment_status":"closed","ping_status":"closed","sticky":false,"template":"","format":"standard","meta":{"footnotes":""},"categories":[105,13],"tags":[54,15,106,108],"class_list":["post-886","post","type-post","status-publish","format-standard","hentry","category-concerti-2018","category-news","tag-castelnuovo-scrivia","tag-collegiata-san-pietro","tag-concerti2018","tag-gabriele-giacomelli"],"_links":{"self":[{"href":"https:\/\/www.amicidellorgano.org\/index.php\/wp-json\/wp\/v2\/posts\/886"}],"collection":[{"href":"https:\/\/www.amicidellorgano.org\/index.php\/wp-json\/wp\/v2\/posts"}],"about":[{"href":"https:\/\/www.amicidellorgano.org\/index.php\/wp-json\/wp\/v2\/types\/post"}],"author":[{"embeddable":true,"href":"https:\/\/www.amicidellorgano.org\/index.php\/wp-json\/wp\/v2\/users\/1"}],"replies":[{"embeddable":true,"href":"https:\/\/www.amicidellorgano.org\/index.php\/wp-json\/wp\/v2\/comments?post=886"}],"version-history":[{"count":1,"href":"https:\/\/www.amicidellorgano.org\/index.php\/wp-json\/wp\/v2\/posts\/886\/revisions"}],"predecessor-version":[{"id":887,"href":"https:\/\/www.amicidellorgano.org\/index.php\/wp-json\/wp\/v2\/posts\/886\/revisions\/887"}],"wp:attachment":[{"href":"https:\/\/www.amicidellorgano.org\/index.php\/wp-json\/wp\/v2\/media?parent=886"}],"wp:term":[{"taxonomy":"category","embeddable":true,"href":"https:\/\/www.amicidellorgano.org\/index.php\/wp-json\/wp\/v2\/categories?post=886"},{"taxonomy":"post_tag","embeddable":true,"href":"https:\/\/www.amicidellorgano.org\/index.php\/wp-json\/wp\/v2\/tags?post=886"}],"curies":[{"name":"wp","href":"https:\/\/api.w.org\/{rel}","templated":true}]}}