{"id":723,"date":"2017-08-12T01:00:52","date_gmt":"2017-08-11T23:00:52","guid":{"rendered":"http:\/\/www.amicidellorgano.org\/?p=723"},"modified":"2017-08-16T11:59:41","modified_gmt":"2017-08-16T09:59:41","slug":"concerto-przemyslaw-kapitula-27-agosto-2017","status":"publish","type":"post","link":"https:\/\/www.amicidellorgano.org\/index.php\/2017\/08\/12\/concerto-przemyslaw-kapitula-27-agosto-2017\/","title":{"rendered":"Concerto Przemyslaw Kapitula \u2013 27 agosto 2017"},"content":{"rendered":"<p><img loading=\"lazy\" decoding=\"async\" class=\"aligncenter wp-image-626 size-large\" src=\"http:\/\/www.amicidellorgano.org\/wp-content\/uploads\/concerti2017\/08-Jacub-Kapitula-1024x688.jpg\" alt=\"Concerti d'organo 2017 - Jacub Kapitula\" width=\"474\" height=\"318\" srcset=\"https:\/\/www.amicidellorgano.org\/wp-content\/uploads\/concerti2017\/08-Jacub-Kapitula-1024x688.jpg 1024w, https:\/\/www.amicidellorgano.org\/wp-content\/uploads\/concerti2017\/08-Jacub-Kapitula-300x202.jpg 300w\" sizes=\"(max-width: 474px) 100vw, 474px\" \/><\/p>\n<p>L&#8217;undicesimo concerto della nuova Stagione si svolger\u00e0 domenica 27 agosto alle ore 16.30 presso <strong>la Chiesa Parrocchiale di Garbagna <\/strong>e avr\u00e0 come interprete <strong>Przemyslaw Kapitula<br \/>\n<\/strong>(organo)<\/p>\n<p>La rassegna \u00e8 organizzata dagli <strong>Amici dell\u2019Organo<\/strong> e sostenuta dalla <strong>Compagnia di San Paolo<\/strong>, dalle <strong>Fondazioni CRT, CRAL, SociAL e Piemonte dal Vivo.<br \/>\n<\/strong>Si ringrazia il <strong>Conservatorio \u201cVivaldi\u201d<\/strong> per la preziosa collaborazione.<\/p>\n<p><strong>Programma<br \/>\n<\/strong><strong>Vincenzo Petrali <\/strong>(1832 \u2013 1889)<br \/>\nVersetto per il Gloria (nr 1, in re maggiore)<\/p>\n<p><strong>John Travers<\/strong> (1703 \u2013 1758)<br \/>\nTrumpet Voluntary<\/p>\n<p><strong>William Selby<\/strong> (1738 \u2013 1798)<br \/>\nVoluntary in A<\/p>\n<p><strong>Johann Ernst Prinz von Sachsen Weimar<\/strong> (1696-1715)<br \/>\nConcerto in sol maggiore<br \/>\n(Concerto G-Dur f\u00fcr Violine, Streicher und Basso continuo, trascritto per organo da Johann Sebastian Bach, BWV 592)<br \/>\n(senza indicazione di tempo &#8211; Grave \u2013 Presto)<\/p>\n<p><strong>Mieczys\u0142aw Surzy\u0144ski <\/strong>(1866-1924)<br \/>\nImprovisationen f\u00fcr Orgel \u00fcber ein altes polnisches Kirchenlied op. 38<\/p>\n<p><strong>Felice Moretti \u2013 Padre Davide da Bergamo <\/strong>(1791 \u2013 1863)<br \/>\nElevazione in re minore<\/p>\n<p><strong>Johann Sebastian Bach<\/strong> (1685-1750)<br \/>\nPreludio al Corale \u201cNun komm, der Heiden Heiland\u201c, BWV 659<\/p>\n<p><strong>Johann Sebastian Bach<\/strong> (1685-1750)<br \/>\nToccata e Fuga in re minore, BWV 565<\/p>\n<p><!--more--><\/p>\n<p><strong>Przemyslav Jacub Kapitula<\/strong>, nato a Varsavia nel 1965,ha compiuto gli studi musicali presso l\u2019Accademia \u201cF. Chopin\u201d di Varsavia nella classe di Organo di J\u00f2zef Serafin diplomandosi nel 1990.<br \/>\nHa studiato pianoforte privatamente con il prof. Kajetan Mochtak ed ha seguito corsi di perfezionamento con N. Danby, D. Roth, M. Sletcha, Z. Satmary e G. Bovet.<br \/>\nPer molti anni ha collaborato con il Prof. Dr. hab.Jerzy Erdman.<br \/>\nL\u2019artista tiene regolarmente circa 120 concerti l&#8217;anno tanto in patria come all\u2019estero (Austria, Argentina, Bulgaria, Belgio, Brasile, Republicca Ceca, Danimarca, Finlandia, Francia, Germania, Olanda, Italia, Moldavia, Norvegia, Portogallo, Romania, Russia, Republica Slovacca, Spagna, Svizzera ed Uruguay), molti dei quali nell\u2019ambito dei pi\u00f9 importanti Festivals europei, con riconoscimenti da parte della critica pi\u00f9 qualificata (S\u00fcddeutsche Zeitung, Musica Sacra, L\u2019Arena, Schwabischezeitung, DNA, La Stampa, M\u00fcnchner Merkum e molti altri ),collaborando anche con solisti,cori ed orchestre.<br \/>\nAll\u2019interno della propria attivit\u00e0 Kapitula riserva largo spazio allo studio ed alla divulgazione delle opere dei pi\u00f9 importanti musicisti polacchi,antichi e moderni, specialmente a Feliks Nowowiejski (1877-1946) ed a Mieczys\u0142aw Surzy\u0144ski (1866-1924) dei quali ha pubblicato tutte le opere per organo. Dopo la seconda guerra mondiale \u00e8 stato il primo musicista ad eseguire in pubblico il concerto in sol minore di Surzy\u0144ski per organo e orchestra.<br \/>\nSi ricollega idealmente all\u2019eredit\u00e0 musicale secolare dell\u2019Arcicatterale di S.Giovanni di Varsavia.<br \/>\nCome presidente della Fondazione del Festival di Musica Sacra \u00e8 fondatore e direttore del Festival di Musica Sacra di Varsavia e del Festival internazionale d\u2019Organo \u201cOrgani dell\u2019Arcicattedrale di Varsavia\u201d, ed \u00e8 un riconosciuto promotore ed animatore di molti eventi culturali e di cicli concertistici nella sua citt\u00e0 natale ed in tutta la Polonia.<br \/>\nA lui \u00e8 stato affidato il progetto del restauro dell\u2019organo storico della chiesa di S.Guglielmo a Varsavia.<br \/>\nHa effettuato numerose registrazioni radiotelevisive ed un CD.<br \/>\nE\u2019membro della commissione per la musica sacra dell\u2019Arcidiocesi di Varsavia.<br \/>\nDal 1999 al 2001 \u00e8 stato membro della commissione culturale del distretto di Wola in Varsavia.<br \/>\nHa inciso su CD l\u2019 \u201copera omnia\u201d di Feliks Nowowiejski e di Mieczys\u0142aw Surzy\u0144ski.<\/p>\n","protected":false},"excerpt":{"rendered":"<p>L&#8217;undicesimo concerto della nuova Stagione si svolger\u00e0 domenica 27 agosto alle ore 16.30 presso la Chiesa Parrocchiale di Garbagna e avr\u00e0 come interprete Przemyslaw Kapitula (organo) La rassegna \u00e8 organizzata &hellip; <a href=\"https:\/\/www.amicidellorgano.org\/index.php\/2017\/08\/12\/concerto-przemyslaw-kapitula-27-agosto-2017\/\" class=\"more-link\">Continua la lettura di <span class=\"screen-reader-text\">Concerto Przemyslaw Kapitula \u2013 27 agosto 2017<\/span> <span class=\"meta-nav\">&rarr;<\/span><\/a><\/p>\n","protected":false},"author":1,"featured_media":0,"comment_status":"open","ping_status":"open","sticky":false,"template":"","format":"standard","meta":{"footnotes":""},"categories":[70,13],"tags":[72,5,87],"class_list":["post-723","post","type-post","status-publish","format-standard","hentry","category-concerti-2017","category-news","tag-concerti2017","tag-garbagna","tag-przemyslaw-kapitula"],"_links":{"self":[{"href":"https:\/\/www.amicidellorgano.org\/index.php\/wp-json\/wp\/v2\/posts\/723"}],"collection":[{"href":"https:\/\/www.amicidellorgano.org\/index.php\/wp-json\/wp\/v2\/posts"}],"about":[{"href":"https:\/\/www.amicidellorgano.org\/index.php\/wp-json\/wp\/v2\/types\/post"}],"author":[{"embeddable":true,"href":"https:\/\/www.amicidellorgano.org\/index.php\/wp-json\/wp\/v2\/users\/1"}],"replies":[{"embeddable":true,"href":"https:\/\/www.amicidellorgano.org\/index.php\/wp-json\/wp\/v2\/comments?post=723"}],"version-history":[{"count":3,"href":"https:\/\/www.amicidellorgano.org\/index.php\/wp-json\/wp\/v2\/posts\/723\/revisions"}],"predecessor-version":[{"id":741,"href":"https:\/\/www.amicidellorgano.org\/index.php\/wp-json\/wp\/v2\/posts\/723\/revisions\/741"}],"wp:attachment":[{"href":"https:\/\/www.amicidellorgano.org\/index.php\/wp-json\/wp\/v2\/media?parent=723"}],"wp:term":[{"taxonomy":"category","embeddable":true,"href":"https:\/\/www.amicidellorgano.org\/index.php\/wp-json\/wp\/v2\/categories?post=723"},{"taxonomy":"post_tag","embeddable":true,"href":"https:\/\/www.amicidellorgano.org\/index.php\/wp-json\/wp\/v2\/tags?post=723"}],"curies":[{"name":"wp","href":"https:\/\/api.w.org\/{rel}","templated":true}]}}