{"id":718,"date":"2017-07-30T01:00:31","date_gmt":"2017-07-29T23:00:31","guid":{"rendered":"http:\/\/www.amicidellorgano.org\/?p=718"},"modified":"2017-08-03T14:00:28","modified_gmt":"2017-08-03T12:00:28","slug":"concerto-elena-e-letizia-romiti-11-agosto-2017","status":"publish","type":"post","link":"https:\/\/www.amicidellorgano.org\/index.php\/2017\/07\/30\/concerto-elena-e-letizia-romiti-11-agosto-2017\/","title":{"rendered":"Concerto Elena e Letizia Romiti \u2013 11 agosto 2017"},"content":{"rendered":"<p><img loading=\"lazy\" decoding=\"async\" class=\"aligncenter wp-image-602 size-full\" src=\"http:\/\/www.amicidellorgano.org\/wp-content\/uploads\/concerti2017\/07-Elena-Letizia-Romiti.jpg\" alt=\"Concerti d'organo 2017 - Elena e Letizia Romiti\" width=\"488\" height=\"504\" srcset=\"https:\/\/www.amicidellorgano.org\/wp-content\/uploads\/concerti2017\/07-Elena-Letizia-Romiti.jpg 488w, https:\/\/www.amicidellorgano.org\/wp-content\/uploads\/concerti2017\/07-Elena-Letizia-Romiti-290x300.jpg 290w\" sizes=\"(max-width: 488px) 100vw, 488px\" \/><\/p>\n<div class=\"gmail_quote\">\n<div dir=\"ltr\">\n<div class=\"gmail_quote\">Nell&#8217; ambito della XXXVIII Stagione Internazionale sugli organi storici della provincia di Alessandria, organizzata dagli Amici dell&#8217;Organo e sostenuta dalla Compagnia di San Paolo, dalle Fondazioni CRT, CRAL, SociAL e Piemonte dal Vivo, <strong>venerd\u00ec&#8217; 11 agosto alle ore 21 nella chiesa Parrocchiale di CHALLAND ST. ANSELME (AO)<\/strong> si terr\u00e0,\u00a0 in collaborazione con il Centre de Culture di Challand-St-Anselme, uno dei concerti decentrati che da alcuni anni costituiscono una tradizione di questa Rassegna.<\/div>\n<div><\/div>\n<\/div>\n<div>ELENA ROMITI all&#8217; oboe e LETIZIA ROMITI al clavicembalo (uno strumento italiano copia di un &#8220;Giusti&#8221; della fine del XVII secolo conservato a Norimberga) proporranno al pubblico un programma di musiche del Sei\/Settecento, accostando ad autori notissimi, quali Vivaldi e Benedetto Marcello, brani di Purcell, Kerll, Besozzi e di anonimo celtico (le Variazioni sul teme popolare di &#8220;Greenslives&#8221;).<\/div>\n<\/div>\n<p>&nbsp;<\/p>\n<p><strong>Programma<\/strong><br \/>\nAnonimo celtico (sec. XVII)<br \/>\nVariazioni su \u201cGreensleeves\u201d per flauto e b.c.<\/p>\n<p>H. Purcell (1659 \u2013 1695)<br \/>\nMarch<br \/>\nTrumpet Tune<br \/>\nSefauchi\u2019s Farewell<br \/>\nA new scott Tune<br \/>\nA new irish Tune<\/p>\n<p>A. Vivaldi (1678 &#8211; 1741)<br \/>\nSonata in fa maggiore Rv 52 per oboe e basso continuo<br \/>\n(Siciliana &#8211; Allemande &#8211; Aria di Giga)<\/p>\n<p>C. Besozzi (1744 &#8211; 1792)<br \/>\nStudio n\u00b0 8 in la maggiore &#8211; Moderato dai 28 Studi per oboe solo<\/p>\n<p>J.K. Kerll (1627 &#8211; 1693)<br \/>\nPassacaglia<\/p>\n<p>B. Marcellon (1686 &#8211; 1739)<br \/>\nSonata in re minore op.2 n. 11 per oboe e basso continuo<br \/>\n(Adagio &#8211; Allegro &#8211; Largo &#8211; Allegro)<\/p>\n<p><!--more--><\/p>\n<p><strong><em>Elena Romiti <\/em><\/strong>si \u00e8 diplomata in oboe presso il Conservatorio &#8220;A. Vivaldi&#8221; di Alessandria sotto la guida di O. Zoboli ed in oboe barocco presso la scuola Civica di Musica di Milano.Si \u00e8 poi laureata presso il DAMS di Brescia con una tesi sulla produzione di Robert Ashley e di Steve Reich., relatore Fabrizio Chirico.<br \/>\nHa seguito seminari con O. Zoboli e R. Canter in diverse edizioni dei Corsi Internazionali di Perfezionamento &#8220;Tullio Macoggi&#8221; di Varenna (Co).<br \/>\nSvolge attivit\u00e0 concertistica in duo con pianoforte, chitarra, organo e cembalo ed in formazioni cameristiche classiche e contemporanee, tra cui il &#8220;Carpinensemble&#8221; di cui \u00e8 fondatrice. Come solista ha tenuto concerti in Italia, Spagna, Francia, Austria e Germania riportando lusinghieri consensi da parte della stampa. Col complesso da camera &#8220;Accademia dei Solinghi&#8221; di Torino, ha partecipato alla registrazione su compact disc della cantata di Johan Kuhnau &#8220;Uns ist ein Kind Geboren&#8221;.<\/p>\n<p><strong><em>Letizia Romiti, <\/em><\/strong> diplomata in organo e composizione organistica sotto la guida di Luigi Benedetti presso il Conservatorio &#8220;G. Verdi&#8221; di Milano, ha conseguito presso l\u2019Universit\u00e0 della stessa citt\u00e0, la laurea in Filosofia con una tesi sulle Messe organistiche di Gerolamo Cavazzoni, relatore Guglielmo Barblan. Si \u00e8 poi diplomata in clavicembalo presso il Conservatorio di Musica di Brescia dove ha studiato con Fiorella Brancacci. Ha frequentato il corso di L. F. Tagliavini presso l\u2019Accademia di Musica Antica Italiana per Organo a Pistoia e corsi di interpretazione tenuti da K. Gilbert e T. Koopman. Ha pubblicato il volume &#8220;Gli organi storici della citt\u00e0 di Alessandria&#8221; ed ha tenuto concerti in tutta Europa e nell\u2019ex Unione Sovietica, esibendosi in rassegne e sedi prestigiose. Ha effettuato incisioni discografiche su organi storici in Italia e all\u2019estero. Ha tenuto masterclasses sulla musica antica italiana per organo ed \u00e8 docente di organo e composizione organistica presso il Conservatorio &#8220;A. Vivaldi&#8221; di Alessandria<\/p>\n","protected":false},"excerpt":{"rendered":"<p>Nell&#8217; ambito della XXXVIII Stagione Internazionale sugli organi storici della provincia di Alessandria, organizzata dagli Amici dell&#8217;Organo e sostenuta dalla Compagnia di San Paolo, dalle Fondazioni CRT, CRAL, SociAL e &hellip; <a href=\"https:\/\/www.amicidellorgano.org\/index.php\/2017\/07\/30\/concerto-elena-e-letizia-romiti-11-agosto-2017\/\" class=\"more-link\">Continua la lettura di <span class=\"screen-reader-text\">Concerto Elena e Letizia Romiti \u2013 11 agosto 2017<\/span> <span class=\"meta-nav\">&rarr;<\/span><\/a><\/p>\n","protected":false},"author":1,"featured_media":0,"comment_status":"open","ping_status":"open","sticky":false,"template":"","format":"standard","meta":{"footnotes":""},"categories":[70,13],"tags":[86,72,46,18],"class_list":["post-718","post","type-post","status-publish","format-standard","hentry","category-concerti-2017","category-news","tag-challand-saint-anselme","tag-concerti2017","tag-elena-romiti","tag-letizia-romiti"],"_links":{"self":[{"href":"https:\/\/www.amicidellorgano.org\/index.php\/wp-json\/wp\/v2\/posts\/718"}],"collection":[{"href":"https:\/\/www.amicidellorgano.org\/index.php\/wp-json\/wp\/v2\/posts"}],"about":[{"href":"https:\/\/www.amicidellorgano.org\/index.php\/wp-json\/wp\/v2\/types\/post"}],"author":[{"embeddable":true,"href":"https:\/\/www.amicidellorgano.org\/index.php\/wp-json\/wp\/v2\/users\/1"}],"replies":[{"embeddable":true,"href":"https:\/\/www.amicidellorgano.org\/index.php\/wp-json\/wp\/v2\/comments?post=718"}],"version-history":[{"count":4,"href":"https:\/\/www.amicidellorgano.org\/index.php\/wp-json\/wp\/v2\/posts\/718\/revisions"}],"predecessor-version":[{"id":739,"href":"https:\/\/www.amicidellorgano.org\/index.php\/wp-json\/wp\/v2\/posts\/718\/revisions\/739"}],"wp:attachment":[{"href":"https:\/\/www.amicidellorgano.org\/index.php\/wp-json\/wp\/v2\/media?parent=718"}],"wp:term":[{"taxonomy":"category","embeddable":true,"href":"https:\/\/www.amicidellorgano.org\/index.php\/wp-json\/wp\/v2\/categories?post=718"},{"taxonomy":"post_tag","embeddable":true,"href":"https:\/\/www.amicidellorgano.org\/index.php\/wp-json\/wp\/v2\/tags?post=718"}],"curies":[{"name":"wp","href":"https:\/\/api.w.org\/{rel}","templated":true}]}}