{"id":662,"date":"2017-06-20T15:25:53","date_gmt":"2017-06-20T13:25:53","guid":{"rendered":"http:\/\/www.amicidellorgano.org\/?p=662"},"modified":"2017-06-20T15:25:53","modified_gmt":"2017-06-20T13:25:53","slug":"concerto-ernst-wally-23-giugno-2017","status":"publish","type":"post","link":"https:\/\/www.amicidellorgano.org\/index.php\/2017\/06\/20\/concerto-ernst-wally-23-giugno-2017\/","title":{"rendered":"Concerto Ernst Wally \u2013 23 giugno 2017"},"content":{"rendered":"<p><img loading=\"lazy\" decoding=\"async\" class=\"aligncenter wp-image-649 size-full\" src=\"http:\/\/www.amicidellorgano.org\/wp-content\/uploads\/concerti2017\/01-Ernst-Wally.jpg\" alt=\"Concerti d'organo 2017 - Ernst Wally\" width=\"522\" height=\"500\" srcset=\"https:\/\/www.amicidellorgano.org\/wp-content\/uploads\/concerti2017\/01-Ernst-Wally.jpg 522w, https:\/\/www.amicidellorgano.org\/wp-content\/uploads\/concerti2017\/01-Ernst-Wally-300x287.jpg 300w\" sizes=\"(max-width: 522px) 100vw, 522px\" \/><\/p>\n<p>Il primo concerto della nuova Stagione si svolger\u00e0 venerd\u00ec 23 giugno alle ore 21 nella <strong>chiesa di San Giovanni Evangelista (AL)<br \/>\n<\/strong>e avr\u00e0 come interprete <strong>Ernst Wally<\/strong><br \/>\nall&#8217;organo<\/p>\n<p>Si ringraziano <strong>Fondazioni CRT, CRAL e SOCIAL<\/strong>, il <strong>Conservatorio \u201cVivaldi\u201d<\/strong> per la preziosa collaborazione che ci aiuta sempre a mantenere elevata l\u2019offerta artistica.<\/p>\n<p><strong>Programma<br \/>\n<\/strong>Johann Sebastian Bach<br \/>\n(1685 \u2013 1750)<br \/>\nPraeludium und Fuge in e-Moll BWV 548<\/p>\n<p>Franz Liszt<br \/>\n(1811 &#8211; 1886)<br \/>\nOffertorium aus der Ungarischen Kr\u00f6nungsmesse<\/p>\n<p>Rudolf Bibl<br \/>\n(1832 \u2013 1902)<br \/>\nSonate Nr. 1 f\u00fcr Orgel op. 74<br \/>\nI. Allegro moderato \u2013 II. Andante con moto \u2013 III. Adagio con energico \u2013 Moderato<\/p>\n<p>Abendruhe aus Sieben Charakterst\u00fccke op. 87<\/p>\n<p>Denis B\u00e9dard<br \/>\n(*1950)<br \/>\nSuite for organ<br \/>\nPr\u00e9lude \u2013 Lamento \u2013 Toccata<\/p>\n<p><!--more--><\/p>\n<p>Ernst Wally ha frequentato la Scuola di Musica di Vienna e ha studiato al Conservatorio diocesano per la musica sacra dell&#8217;Arcidiocesi di Vienna, dove Franz Falter \u00e8 stato il suo insegnante di organo. In seguito ha proseguito lo studio dell&#8217;organo (con Michael Radulescu ), della composizione (con Dietmar Schermann , Michael Jarrell e Fr\u00e9d\u00e9ric Durieux ) e della musica sacra presso l&#8217; Universit\u00e0 di Musica e Spettacolo e al Conservatorio Nazionale Superiore di Musica et de Danse de Paris .<br \/>\nDopo aver prestato servizio come organista liturgico alla chiesa di S. Carlo a Vienna e come organista ospite in prestigiose chiese di Vienna,] nel 2007 \u00e8 stato ammesso al Duomo di S. Stefano , dove ha inizialmente ricoperto la carica di Dommusikassistenten, fino a diventare organista a tempo pieno. Ha lavorato anche pi\u00f9 volte in radio e televisione come organista.<br \/>\nCome concertista si \u00e8 prodotto in patria ed all&#8217;estero. Ha anche lavorato come organista in diverse produzioni con la Vienna Radio Symphony ed altre compagini, sotto la direzione di Simone Young , Manfred Honeck e Martyn Brabbins. Nel 2013 ha debuttato alla Gesellschaft der Musikfreunde ed alla Sinfonica di Vienna , con la Sinfonia n. 3 in do minore, op. 78 ( &#8220;Organo Symphony&#8221;) di Camille Saint-Sa\u00ebns , diretta da Bertrand de Billy .<br \/>\nLe sue composizioni comprendono opere di vario genere nel sacro e nella sfera secolare.<br \/>\nHa creato opere commissionate per il Guardini Foundation \/ Berlino, la Dommusik S. Stefano a Vienna in occasione della visita di Papa Benedetto XVI. , L&#8217; Estate Carinziana , cos\u00ec come i cicli di concerti d&#8217;organo &#8220;Wiener&#8221; e &#8220;Dialoghi mistici&#8221; (Vienna). I suoi lavori sono stati eseguiti in Austria, Germania , Italia , Finlandia , Gran Bretagna , Russia , Repubblica Ceca , Repubblica Slovacca e Cile .<br \/>\nDal 2005 al 2010 Ernst Wally ha insegnato Composizione, Teoria musicale e Organo presso il Conservatorio di Vienna Franz Schubert<br \/>\nDal 2016 Wally riveste il posto di organista presso la Cattedrale di Santo Stefano a Vienna<\/p>\n","protected":false},"excerpt":{"rendered":"<p>Il primo concerto della nuova Stagione si svolger\u00e0 venerd\u00ec 23 giugno alle ore 21 nella chiesa di San Giovanni Evangelista (AL) e avr\u00e0 come interprete Ernst Wally all&#8217;organo Si ringraziano &hellip; <a href=\"https:\/\/www.amicidellorgano.org\/index.php\/2017\/06\/20\/concerto-ernst-wally-23-giugno-2017\/\" class=\"more-link\">Continua la lettura di <span class=\"screen-reader-text\">Concerto Ernst Wally \u2013 23 giugno 2017<\/span> <span class=\"meta-nav\">&rarr;<\/span><\/a><\/p>\n","protected":false},"author":1,"featured_media":0,"comment_status":"open","ping_status":"open","sticky":false,"template":"","format":"standard","meta":{"footnotes":""},"categories":[70,13],"tags":[51,72,73,74],"class_list":["post-662","post","type-post","status-publish","format-standard","hentry","category-concerti-2017","category-news","tag-alessandria","tag-concerti2017","tag-ernst-wally","tag-san-giovanni-evangelista"],"_links":{"self":[{"href":"https:\/\/www.amicidellorgano.org\/index.php\/wp-json\/wp\/v2\/posts\/662"}],"collection":[{"href":"https:\/\/www.amicidellorgano.org\/index.php\/wp-json\/wp\/v2\/posts"}],"about":[{"href":"https:\/\/www.amicidellorgano.org\/index.php\/wp-json\/wp\/v2\/types\/post"}],"author":[{"embeddable":true,"href":"https:\/\/www.amicidellorgano.org\/index.php\/wp-json\/wp\/v2\/users\/1"}],"replies":[{"embeddable":true,"href":"https:\/\/www.amicidellorgano.org\/index.php\/wp-json\/wp\/v2\/comments?post=662"}],"version-history":[{"count":1,"href":"https:\/\/www.amicidellorgano.org\/index.php\/wp-json\/wp\/v2\/posts\/662\/revisions"}],"predecessor-version":[{"id":663,"href":"https:\/\/www.amicidellorgano.org\/index.php\/wp-json\/wp\/v2\/posts\/662\/revisions\/663"}],"wp:attachment":[{"href":"https:\/\/www.amicidellorgano.org\/index.php\/wp-json\/wp\/v2\/media?parent=662"}],"wp:term":[{"taxonomy":"category","embeddable":true,"href":"https:\/\/www.amicidellorgano.org\/index.php\/wp-json\/wp\/v2\/categories?post=662"},{"taxonomy":"post_tag","embeddable":true,"href":"https:\/\/www.amicidellorgano.org\/index.php\/wp-json\/wp\/v2\/tags?post=662"}],"curies":[{"name":"wp","href":"https:\/\/api.w.org\/{rel}","templated":true}]}}