{"id":568,"date":"2016-12-02T17:20:18","date_gmt":"2016-12-02T16:20:18","guid":{"rendered":"http:\/\/www.amicidellorgano.org\/?p=568"},"modified":"2016-12-02T23:21:57","modified_gmt":"2016-12-02T22:21:57","slug":"concerto-dell8-dicembre-2016","status":"publish","type":"post","link":"https:\/\/www.amicidellorgano.org\/index.php\/2016\/12\/02\/concerto-dell8-dicembre-2016\/","title":{"rendered":"Concerto dell&#8217;8 dicembre 2016"},"content":{"rendered":"<p><strong>Concerto dell&#8217;8 dicembre 2016<\/strong><\/p>\n<p><img loading=\"lazy\" decoding=\"async\" class=\"size-medium wp-image-567 aligncenter\" src=\"http:\/\/www.amicidellorgano.org\/wp-content\/uploads\/foto\/foto-organo-di-Castellar-Guidobono-300x225.jpg\" alt=\"Organo chiesa Parrocchiale di Castellar Guidobono\" width=\"300\" height=\"225\" \/><\/p>\n<div class=\"gmail_quote\">\n<p>Gioved\u00ec prossimo 8 Dicembre alle ore 21.00 nella chiesa Parrocchiale di Castellar Guidobono verr\u00e0 inaugurato il restauro dell&#8217; antico organo ivi esistente, costruito da Giovanni Franzetti e figli di Intra nel 1863, ripristinato recentemente dalla ditta organaria &#8220;Fabbrica Organi&#8221; di Sergio Castegnaro.<\/p>\n<div dir=\"ltr\">\n<div>\n<div>Lo strumento, a trasmissione meccanica, ha una tastiera di 61 tasti ed una pedaliera di 18 pedali e quindici registri tra quelli del Ripieno ed i timbri da concerto.<\/div>\n<p>Il programma prevede brani di autori spagnoli, quali Sebastian Aguileira de Heredia e Francisco Correa de Arauxo, costruiti entrambe sopra il tema della &#8220;Salve Regina&#8221;; seguir\u00e0 poi la Fantasia sul corale natalizio &#8220;Wie schoen leuchtet der Morgenstern&#8221; di Dietrich Buxtehude,\u00a0 brani di Kerll, Balbastre, Mascagni e di altri Autori fra i quali quattro piccolissimi pezzi per organo di Lorenzo Perosi.<\/p>\n<\/div>\n<p>Questo concerto, che originariamente avrebbe dovuto essere inserito nella nostra ultima Stagione, \u00e8 anche la conclusione ideale delle nostre attivit\u00e0 nell&#8217;anno che sta per finire. Sar\u00e0 quindi l&#8217;occasione per ringraziare tutti coloro che in modi diversi hanno collaborato con gli Amici dell&#8217;Organo e per fare al nostro pubblico i pi\u00f9 calorosi auguri di buone Feste.<\/p>\n<\/div>\n<div>Vi aspettiamo!<\/div>\n<\/div>\n<div><\/div>\n<p><!--more--><\/p>\n<p><strong>Programma<br \/>\n<\/strong>S. Aguileira de Heredia (1561 \u2013 1627)<br \/>\nSalve, 1\u00b0 Tono por De la sol re<\/p>\n<p>F. Correa de Arauxo (1584 &#8211; 1654)<br \/>\nTiento de septimo tono (Sopra &#8220;Salve Regina&#8221;)<\/p>\n<p>D. Buxtehude (1637 &#8211; 1707)<br \/>\n\u201cWie schoen leuchtet der Morgenstern\u201d<\/p>\n<p>J.K.Kerll (1627 \u2013 1693)<br \/>\nPassacaglia<\/p>\n<p>D.Zipoli (1688 &#8211; 1726)<br \/>\nAll&#8217; Elevazione<\/p>\n<p>C. Balbastren (1727 &#8211; 1799)<br \/>\n\u201cNoel \u201cquand Jesus nacquit a Noel\u201d<\/p>\n<p>F. Provesi (1770 &#8211; 1833)<br \/>\nSinfonia per Organo<\/p>\n<p>L. Perosi (1872 &#8211; 1956)<br \/>\nQuattro pezzi dal \u201cCentonum\u201d per organo o Harmonium<br \/>\nAndante<br \/>\nQuieto<br \/>\nCon moto<br \/>\nAndante<\/p>\n<p>Pietro Mascagni (1863 &#8211; 1945)<br \/>\nPifferata di Natale<br \/>\nLa gavotta delle bambole<br \/>\nIntermezzo<\/p>\n","protected":false},"excerpt":{"rendered":"<p>Concerto dell&#8217;8 dicembre 2016 Gioved\u00ec prossimo 8 Dicembre alle ore 21.00 nella chiesa Parrocchiale di Castellar Guidobono verr\u00e0 inaugurato il restauro dell&#8217; antico organo ivi esistente, costruito da Giovanni Franzetti &hellip; <a href=\"https:\/\/www.amicidellorgano.org\/index.php\/2016\/12\/02\/concerto-dell8-dicembre-2016\/\" class=\"more-link\">Continua la lettura di <span class=\"screen-reader-text\">Concerto dell&#8217;8 dicembre 2016<\/span> <span class=\"meta-nav\">&rarr;<\/span><\/a><\/p>\n","protected":false},"author":1,"featured_media":0,"comment_status":"open","ping_status":"open","sticky":false,"template":"","format":"standard","meta":{"footnotes":""},"categories":[3],"tags":[64],"class_list":["post-568","post","type-post","status-publish","format-standard","hentry","category-varie","tag-castellar-guidobono"],"_links":{"self":[{"href":"https:\/\/www.amicidellorgano.org\/index.php\/wp-json\/wp\/v2\/posts\/568"}],"collection":[{"href":"https:\/\/www.amicidellorgano.org\/index.php\/wp-json\/wp\/v2\/posts"}],"about":[{"href":"https:\/\/www.amicidellorgano.org\/index.php\/wp-json\/wp\/v2\/types\/post"}],"author":[{"embeddable":true,"href":"https:\/\/www.amicidellorgano.org\/index.php\/wp-json\/wp\/v2\/users\/1"}],"replies":[{"embeddable":true,"href":"https:\/\/www.amicidellorgano.org\/index.php\/wp-json\/wp\/v2\/comments?post=568"}],"version-history":[{"count":2,"href":"https:\/\/www.amicidellorgano.org\/index.php\/wp-json\/wp\/v2\/posts\/568\/revisions"}],"predecessor-version":[{"id":570,"href":"https:\/\/www.amicidellorgano.org\/index.php\/wp-json\/wp\/v2\/posts\/568\/revisions\/570"}],"wp:attachment":[{"href":"https:\/\/www.amicidellorgano.org\/index.php\/wp-json\/wp\/v2\/media?parent=568"}],"wp:term":[{"taxonomy":"category","embeddable":true,"href":"https:\/\/www.amicidellorgano.org\/index.php\/wp-json\/wp\/v2\/categories?post=568"},{"taxonomy":"post_tag","embeddable":true,"href":"https:\/\/www.amicidellorgano.org\/index.php\/wp-json\/wp\/v2\/tags?post=568"}],"curies":[{"name":"wp","href":"https:\/\/api.w.org\/{rel}","templated":true}]}}