{"id":554,"date":"2016-10-25T10:15:00","date_gmt":"2016-10-25T08:15:00","guid":{"rendered":"http:\/\/www.amicidellorgano.org\/?p=554"},"modified":"2016-10-25T10:27:17","modified_gmt":"2016-10-25T08:27:17","slug":"after-the-italian-manner-alla-maniera-italiana-lo-stile-italiano-in-europa-fra-600-e-700-26-ottobre","status":"publish","type":"post","link":"https:\/\/www.amicidellorgano.org\/index.php\/2016\/10\/25\/after-the-italian-manner-alla-maniera-italiana-lo-stile-italiano-in-europa-fra-600-e-700-26-ottobre\/","title":{"rendered":"After the italian manner (Alla maniera italiana). Lo stile italiano in Europa fra \u2018600 e \u2018700 &#8211; 26 ottobre"},"content":{"rendered":"<p align=\"LEFT\">Nell&#8217; Auditorium del Conservatorio &#8220;Vivaldi&#8221; <strong>mercoled\u00ec 26 alle ore 17 si conclude la XXXVII Stagione Internazionale di concerti d&#8217;organo,<\/strong> con un appuntamento di altissimo livello ed anche di grande &#8220;appeal&#8221; per l&#8217;insolito organico: <strong>si esibiranno il controtenore Alessandro Carmignani,\u00a0 Donato Sansone al flauto dolce e Daniele Boccaccio all&#8217;organo ed al cembalo<\/strong>, gli ultimi due docenti al conservatorio cittadino.<\/p>\n<p align=\"LEFT\">La collaborazione con il <strong>Vivaldi<\/strong> \u00e8 ormai una delle tradizioni consolidate ed anche un elemento di prestigio per la nostra Rassegna . Non tutti gli anni possiamo allestire un concerto mettendo insieme l&#8217;Orchestra del Conservatorio ed uno dei nostri neodiplomati o laureati, per ovvi e comprensibili motivi. Ma il Conservatorio offre comunque infinite possibilit\u00e0 di scelta, dai bravissimi colleghi solisti alle formazioni pi\u00f9 varie,\u00a0 classiche ed anche insolite, attingendo quando necessario a musicisti esterni con i quali i docenti suonano abitualmente.<\/p>\n<p align=\"LEFT\">Nell&#8217; accomiatarci in attesa del nuovo anno \u00e8 assai sentito il ringraziamento che porgiamo a tutti voi che ci avete seguito ed incoraggiato, alle Fondazioni che ci sostengono, <strong>Compagnia di San Paolo, Fondazione CRT, CRAL e SociAl<\/strong>, come pure a tutti i <strong>Parroci, ai Sindaci ed a tutti i diversi Enti<\/strong> che hanno ospitato i nostri appuntamenti o che in forme diverse hanno voluto collaborare con noi.<b> <\/b><\/p>\n<p align=\"LEFT\"><!--more--><\/p>\n<p>G. Frescobaldi (1583 &#8211; 1643)<br \/>\nCanzon detta La Bernardina<\/p>\n<p>C. Monteverdi (1567 &#8211; 1643)<br \/>\nLidia spina del mio core (da \u201cScherzi musicali\u201d)<\/p>\n<p>G. F. H\u00e4ndel (1685 &#8211; 1759)<br \/>\nSonata per flauto dolce e basso continuo HWV 369<br \/>\n<em> Larghetto &#8211; Allegro &#8211; Alla siciliana &#8211; Allegro<\/em><\/p>\n<p>A. Vivaldi (1678 &#8211; 1741)<br \/>\nConcerto in sol maggiore n. 3 op. 8 (da &#8220;L&#8217;estro armonico&#8221;)<br \/>\n<em>Allegro &#8211; Largo &#8211; Allegro<br \/>\n<\/em>(trascrizione in Fa maggiore per organo di J.S. Bach, BWV 978)<\/p>\n<p>Intermezzo: The bird fancyer&#8217;s delight (1717)**<\/p>\n<p>A. Vivaldi (1678 &#8211; 1741)<br \/>\nConcerto in la minore n. 8 op. 3 (da &#8220;L&#8217;estro armonico&#8221;)<br \/>\n<em>Allegro &#8211; Adagio &#8211; Allegro<br \/>\n<\/em>(trascrizione per organo di J.S. Bach, BWV 593)*<\/p>\n<p>J. Greber (inizio XVIII sec.)<br \/>\nCantata \u201cFuori di sua Capanna\u201d<\/p>\n<p>A. Vivaldi (1678 &#8211; 1741)<br \/>\nCantata \u201cAll\u2019ombra di sospetto\u201d RV 687<\/p>\n<p>*organo solo &#8211; **flauto solo<\/p>\n<p><img loading=\"lazy\" decoding=\"async\" class=\"size-medium wp-image-557 aligncenter\" src=\"http:\/\/www.amicidellorgano.org\/wp-content\/uploads\/foto\/foto-Carmignani-300x225.jpg\" alt=\"Alessandro Carmignani\" width=\"300\" height=\"225\" \/><\/p>\n<p><strong>Alessandro Carmignani<\/strong>, nato a Pisa, si \u00e8 diplomato in Canto al Conservatorio &#8220;Cherubini&#8221; di Firenze sotto la guida della Prof.ssa M.G. Germani.<br \/>\nAppassionato di musica barocca, sotto l&#8217;influenza del Maestro Fosco Corti del quale \u00e8 stato allievo, ha affiancato all&#8217;emissione tenorile quella da controtenore; dopo gli studi tradizionali si \u00e8 recato all&#8217;estero ed in seguito a Venezia dove si \u00e8 perfezionato nella pratica della musica antica.<br \/>\nNel 1991 al Teatro &#8220;Verdi&#8221; di Pisa ha debuttato nel &#8220;Rinaldo&#8221;di G.F. Haendel, nel ruolo di Goffredo, sotto la direzione di Piero Bellugi e nel famoso allestimento di Pier Luigi Pizzi che ne era anche il regista. In seguito si \u00e8 esibito nei pi\u00f9 prestigiosi teatri e sale da concerto di tutto il mondo, tra cui in Italia: Teatro Comunale di Firenze, ne &#8220;L&#8217;incoronazione di Poppea&#8221;, ne &#8220;L&#8217;Orfeo&#8221; di Monteverdi diretto da Ren\u00e9 Jacobs con la regia di Luca Ronconi, ne &#8220;Il ritorno di Ulisse in Patria&#8221; sempre di Monteverdi con la direzione di Trevor Pinnock e la regia di Ronconi, coproduzione con il Teatro di Atene, e concerti vari tra cui uno di Mottetti di J.S. Bach diretto dal Maestro Jos\u00e8 Luis Basso; Teatro Comunale di Bologna dove \u00e8 stato protagonista nel &#8220;Carmina Burana&#8221; di Carl Orff in due produzioni diverse, opera eseguita oltre 40 volte per vari teatri (tra cui il &#8220;Verdi&#8221; di Pisa, il &#8220;Gran Teatro La Fenice&#8221; di Venezia, il &#8220;Comunale&#8221; di Modena, l'&#8221;Alighieri&#8221; di Ravenna), associazioni e Festivals (il pi\u00f9 importante a Torre del Lago Puccini); Teatro Filarmonico di Verona, presente con &#8220;L&#8217;Amfiparnaso&#8221; di Orazio Vecchi, regista Pier&#8217;Alli; Teatro Massimo &#8220;V. Bellini&#8221; di Catania, con il &#8220;Rinaldo &amp; C.&#8221; di Azio Corghi, diretto da Will Humburg e regia di Giuliano Montaldo nel ruolo-titolo di Rinaldo, e con vari concerti del &#8220;Magnificat&#8221; di Bach e del &#8220;Gloria&#8221; di Vivaldi diretti da Nicola Luisotti; Teatro dell&#8217;Opera di Roma con &#8220;L&#8217;Aretusa&#8221; di Filippo Vitali, ruolo di Aminta diretta da Fabrizio Ghiglione, e il &#8220;Giulio Cesare&#8221; di Haendel diretto da John Nelson con la regia di Alberto Fassini, nei ruoli di Tolomeo e Nireno, oltre a svariati concerti tra cui &#8220;Cantate e Sonate Barocche&#8221; replicato pi\u00f9 volte al Teatro Acquario; ha collaborato inoltre con il Teatro &#8220;Alighieri&#8221; di Ravenna, scelto dalla Signora Cristina Muti per il ruolo di Licco ne &#8220;L&#8217;Ercole amante&#8221; di F. Cavalli, con il Teatro &#8220;Verdi&#8221; di Pisa ne &#8220;L&#8217;Orfeo&#8221; di Monteverdi e nel &#8220;Tamerlano&#8221; di Haendel diretto da Flavio Colusso, nei ruoli-titolo di Orfeo e Tamerlano; con il Teatro di Crema per la sua inaugurazione \u00e8 stato Lenia nell'&#8221;Eliogabalo&#8221; di Cavalli, direttore Roberto Solci; con il Teatro di Barga e con il teatro del Giglio di Lucca ha cantato nell&#8217;opera composta dallo stesso Maestro Solci &#8220;Lucida degli specchi&#8221; in prima esecuzione mondiale. Ha collaborato come solista con importanti direttori come Massimo De Bernart, Giuliano Carella, JanLatham-Koenig, Alan Curtis, Donato Renzetti, Piero Monti, Roberto Gabbiani, Sigiswald Kuijken, Ottavio Dantone, Fabio Biondi, Alain Guingal, Thomas Hengelbrock, Rinaldo Alessandrini, Livio Picotti, Sergio Vartolo, Giovanni Acciai, Paolo Paroni, Filippo Maria Bressan, Marco Mencoboni, Fabio Lombardo, Dario Tabbia, Marco Longhini oltre ai sopracitati, e con Pedro Memelsdorff per quanto riguarda la musica medievale.<br \/>\nHa cantato inoltre per Ravenna Festival, Teatro &#8220;Olimpico&#8221; di Vicenza, Teatro &#8220;Valli&#8221; di Reggio Emilia, Teatro Municipale di Piacenza, Teatro &#8220;Regio&#8221; di Parma, Teatro &#8220;Verdi&#8221; di Salerno, &#8220;Piccolo Regio Puccini&#8221; di Torino, Festival di Cremona, Teatro alla Scala di Milano-Milano musica, Festival Grandi Interpreti di Bologna, Musica a San Maurizio di Milano, Accademia Nazionale di S. Cecilia di Roma fra i posti pi\u00f9 importanti.<br \/>\nAll&#8217;estero si \u00e8 esibito in Francia (Strasburgo, Saintes, Fontevraud, Parigi, Nantes, Vallet, Lille, Royaumont, BlancMesnil, Pontoise, Ambronay, Tolosa, Perpignan, Pigna, Lione, Grenoble, Metz, per svariati Festivals barocchi: tra le cose pi\u00f9 rilevanti \u00e8 stato Agar nell&#8217;Oratorio di A. Scarlatti &#8220;Agar et Ismaele esiliati&#8221; con l&#8217;Ensemble Barocco di Nizza diretto da Gilbert Bezzina in tour itinerante, ed ha dato vita ai ruoli principali al Festival dalla Chaise-Dieu ne &#8220;L&#8217;Orfeo&#8221; di Monteverdi e nella &#8220;Rappresentazione di Anima e Corpo&#8221; di E. Cavalieri (oltre a moltissimi concerti con &#8220;Concerto Italiano&#8221; diretto da Rinaldo Alessandrini), Austria (diversi concerti al Konzerthaus di Vienna, al Festival di Innsbruck, direttore artistico Ren\u00e9 Jacobs a Schlaegl, Hall in Tirol, Krems e St. Veit); Germania (Jena, Berlino, Erfurt, Meiningen, Schwaebisch-Gmuend, Stoccarda, Francoforte, Regensburg, Colonia), Danimarca, Svizzera (Muri, Arlesheim, Ginevra, Lugano, Martigny, Losanna, Basilea, Berna), Belgio (Bruges, Loeven; Bruxelles, Gent, Liegi, Anversa), Olanda (diverse volte al Festival di Utrecht, De Doelen Rotterdam, Nijmegen), Spagna (concerti a Toledo, Siviglia, Madrid, Barcellona, Saragozza, Oviedo, Vitoria, Estella, Bilbao, Vigo, Aranjuez, Peniscola, Logrogno, Badalona, Albacete, Valladolid, Cordoba, Jaen, Santiago), Portogallo (Povoa de Varzim, Porto, Lisbona), Grecia, Repubblica Ceca, Norvegia, Scozia (Festival di Edimburgo), Polonia, Inghilterra (Festival di York e Lufthansa Festival Londra, Queen Elizabeth Hall Londra), Croazia, Slovenia, Turchia, Egitto, Israele-Palestina, U.S.A. (New York, Miami), Giappone (Tokio, Kyoto), Russia, Messico. Al suo attivo ci sono pi\u00f9 di 150 incisioni discografiche per varie case (Tactus, Symphonia, Bongiovanni, Cpo, Erato, Opus 111, Astr\u00e9e-Auvidis, Sarx, Harmonia Mundi France, Stradivarius, Dynamic, Naxos, Challenge Classics, Virgin, Arcana), molte delle quali insignite di vari premi, e vincitrici in alcune occasioni del &#8220;Diapason d&#8217;or de l&#8217;ann\u00e9e&#8221;, riconoscimento al miglior disco dell&#8217;anno della prestigiosa rivista francese &#8220;Diapason&#8221;, alcune di prossima commercializzazione<\/p>\n<p><img loading=\"lazy\" decoding=\"async\" class=\"size-medium wp-image-559 aligncenter\" src=\"http:\/\/www.amicidellorgano.org\/wp-content\/uploads\/foto\/foto-Sansone-180x300.jpg\" alt=\"Donato Sansone\" width=\"180\" height=\"300\" \/><\/p>\n<p><strong>Donato SANSONE<\/strong> inizia giovanissimo lo studio del Pianoforte ed all\u2019et\u00e0 di otto anni intraprende da autodidatta lo studio del Flauto Dolce.<br \/>\nDedicatosi allo studio del Flauto Dolce e della Musica Antica, studia e si perfeziona con David Bellugi presso la Scuola di Musica di Fiesole, ove ha anche studiato Basso Continuo (cembalo) con Barbara Sachs. Agli studi musicali affianca quelli universitari, laureandosi con lode in Storia della Musica. Nel 1987 consegue il Diploma di Merito in Musica Barocca presso l\u2019Accademia Musicale Chigiana di Siena sotto la guida di Ren\u00e9 Clemencic.<br \/>\nDal 1984 al 1990 \u00e8 titolare della cattedra di Flauto Dolce presso la Scuola di Musica \u201cBonamici\u201d della sede della Giovent\u00f9 Musicale Italiana di Pisa.<br \/>\nNell\u2019A. S. 1990\/91 tiene il corso di Flauto Dolce per Didattica della Musica presso l\u2019Istituto Musicale Pareggiato \u201cL. Boccherini\u201d di Lucca.<br \/>\nNel 1992\/93, presso il Conservatorio \u201cL. Cherubini\u201d di Firenze, consegue in un solo anno il Diploma di Flauto Dolce con il massimo dei voti. Fino al 2007 \u00e8 docente di ruolo di Italiano e Latino nei Licei. Dal 2007 \u00e8 titolare della cattedra di Bibliografia Musicale presso il Conservatorio di Mantova e poi di Alessandria.<br \/>\nAttualmente svolge attivit\u00e0 concertistica come specialista di strumenti antichi e tradizionali. Ha tenuto concerti presso prestigiose istituzioni italiane e straniere (Austria, Germania, Francia, Svizzera, Croazia, Lettonia, Lituania, Estonia, USA, Australia, Marocco, Iraq). Ha registrato per RCA, Bongiovanni, Tactus, Arts, Fon\u00e9 etc.<\/p>\n<p><img loading=\"lazy\" decoding=\"async\" class=\"size-full wp-image-558 aligncenter\" src=\"http:\/\/www.amicidellorgano.org\/wp-content\/uploads\/foto\/foto-Boccaccio.jpg\" alt=\"Daniele Boccaccio\" width=\"204\" height=\"294\" \/><\/p>\n<p><strong>Daniele Boccaccio<\/strong>, organista e clavicembalista, ha cominciato gli studi musicali a soli cinque anni sotto la guida del padre, diplomandosi nel 1989 in Organo e composizione organistica presso il Conservatorio \u201cL. Cherubini\u201d di Firenze. Nel 1985 ha vinto la IX edizione del concorso organistico di Noale, risultando il vincitore pi\u00f9 giovane dell\u2019intera manifestazione.<br \/>\nHa preso parte a molti corsi di perfezionamento con M. Radulescu, H. Vogel, M. Torrent-Serra, L. F. Tagliavini e S. Innocenti.<br \/>\nNel 1992 si \u00e8 trasferito a Vienna perfezionandosi in Clavicembalo e Organo presso la prestigiosissima \u201cUniversit\u00e4t f\u00fcr Musik und darstellende Kunst\u201d rispettivamente con Gordon Murray e Michael Radulescu ottenendo la laurea di solista in entrambi gli strumenti con il massimo dei voti, lode e menzione, ottenendo il titolo di Magister Artium, la massima espressione culturale concessa dallo stato austriaco (primo e unico italiano al momento ad aver ottenuto entrambi i riconoscimenti).<br \/>\nHa un\u2019intensa attivit\u00e0 concertistica nazionale e internazionale sia come solista che continuista e al Cembalo ed ha inciso musiche in prima assoluta per le etichette Amadeus, Bongiovanni, Tactus, Dynamic, Symphonia, Hyperion e Brilliant. Nel 1995 ha avuto un incarico di insegnante come cembalista alla \u201cHochschule f\u00fcr Musik und darstellende Kunst\u201d di Vienna. Ha insegnato Organo complementare presso il Conservatorio di musica \u201cL. Perosi\u201d di Campobasso; \u00e8 stato docente di Organo e composizione organistica presso l\u2019Istituto Musicale \u201cV. Bellini\u201d di Catania presso il Conservatorio \u201cJ. Tomadini\u201d di Udine e di Adria. Attualmente insegna al Conservatorio \u201cA. Vivaldi\u201d di Alessandria.<br \/>\nE\u2019 direttore artistico e fondatore della nuova casa discografica \u201cEuterpe Classic Music\u201d, un\u2019etichetta che distribuisce musica classica on-line, per la quale ha inciso integralmente l\u2019opera per tastiera di J. J. Froberger dall\u2019unico esemplare manoscritto di Vienna (5 CD). Per l\u2019etichetta discografica olandese Brilliant \u00e8 da poco uscito il CD dei 3 concerti per violino e archi di J. S. Bach trascritti da lui stesso per organo e le Sonate per Viola da Gamba e organo obbligato di J. S. Bach. Sempre per Brilliant, nel 2016 uscir\u00e0 l\u2019inedita esecuzione assoluta all\u2019organo di tutto il Clavicembalo ben temperato di J. S. Bach.<\/p>\n<p><img loading=\"lazy\" decoding=\"async\" class=\"alignnone size-full wp-image-121\" src=\"http:\/\/www.amicidellorgano.org\/wp-content\/uploads\/icone\/s_icon_pdf.gif\" alt=\"Icona pdf\" width=\"16\" height=\"16\" \/> <a href=\"http:\/\/www.amicidellorgano.org\/wp-content\/uploads\/concerti2016\/librettoconcerti2016.pdf\">Scarica il libretto della manifestazione (file pdf 2 Mb)<\/a><\/p>\n","protected":false},"excerpt":{"rendered":"<p>Nell&#8217; Auditorium del Conservatorio &#8220;Vivaldi&#8221; mercoled\u00ec 26 alle ore 17 si conclude la XXXVII Stagione Internazionale di concerti d&#8217;organo, con un appuntamento di altissimo livello ed anche di grande &#8220;appeal&#8221; &hellip; <a href=\"https:\/\/www.amicidellorgano.org\/index.php\/2016\/10\/25\/after-the-italian-manner-alla-maniera-italiana-lo-stile-italiano-in-europa-fra-600-e-700-26-ottobre\/\" class=\"more-link\">Continua la lettura di <span class=\"screen-reader-text\">After the italian manner (Alla maniera italiana). Lo stile italiano in Europa fra \u2018600 e \u2018700 &#8211; 26 ottobre<\/span> <span class=\"meta-nav\">&rarr;<\/span><\/a><\/p>\n","protected":false},"author":1,"featured_media":0,"comment_status":"open","ping_status":"open","sticky":false,"template":"","format":"standard","meta":{"footnotes":""},"categories":[7],"tags":[51,61,8,63,62,52],"class_list":["post-554","post","type-post","status-publish","format-standard","hentry","category-concerti2016","tag-alessandria","tag-alessandro-carmignani","tag-concerti2016","tag-daniele-boccaccio","tag-donato-sansone","tag-maniera-italiana"],"_links":{"self":[{"href":"https:\/\/www.amicidellorgano.org\/index.php\/wp-json\/wp\/v2\/posts\/554"}],"collection":[{"href":"https:\/\/www.amicidellorgano.org\/index.php\/wp-json\/wp\/v2\/posts"}],"about":[{"href":"https:\/\/www.amicidellorgano.org\/index.php\/wp-json\/wp\/v2\/types\/post"}],"author":[{"embeddable":true,"href":"https:\/\/www.amicidellorgano.org\/index.php\/wp-json\/wp\/v2\/users\/1"}],"replies":[{"embeddable":true,"href":"https:\/\/www.amicidellorgano.org\/index.php\/wp-json\/wp\/v2\/comments?post=554"}],"version-history":[{"count":4,"href":"https:\/\/www.amicidellorgano.org\/index.php\/wp-json\/wp\/v2\/posts\/554\/revisions"}],"predecessor-version":[{"id":561,"href":"https:\/\/www.amicidellorgano.org\/index.php\/wp-json\/wp\/v2\/posts\/554\/revisions\/561"}],"wp:attachment":[{"href":"https:\/\/www.amicidellorgano.org\/index.php\/wp-json\/wp\/v2\/media?parent=554"}],"wp:term":[{"taxonomy":"category","embeddable":true,"href":"https:\/\/www.amicidellorgano.org\/index.php\/wp-json\/wp\/v2\/categories?post=554"},{"taxonomy":"post_tag","embeddable":true,"href":"https:\/\/www.amicidellorgano.org\/index.php\/wp-json\/wp\/v2\/tags?post=554"}],"curies":[{"name":"wp","href":"https:\/\/api.w.org\/{rel}","templated":true}]}}