{"id":529,"date":"2016-09-26T17:17:35","date_gmt":"2016-09-26T15:17:35","guid":{"rendered":"http:\/\/www.amicidellorgano.org\/?p=529"},"modified":"2016-09-26T17:18:48","modified_gmt":"2016-09-26T15:18:48","slug":"concerto-dorgano-di-sven-ingvart-mikkelsen-domenica-2-ottobre","status":"publish","type":"post","link":"https:\/\/www.amicidellorgano.org\/index.php\/2016\/09\/26\/concerto-dorgano-di-sven-ingvart-mikkelsen-domenica-2-ottobre\/","title":{"rendered":"Concerto d&#8217;organo di Sven-Ingvart Mikkelsen &#8211; 2 ottobre"},"content":{"rendered":"<div dir=\"ltr\">\n<div>\n<div>Importanti artisti stranieri saranno protagonisti di alcuni degli ultimi appuntamenti della Stagione Internazionale di concerti d&#8217;organo. <strong>Sven-Ingvart Mikkelsen<\/strong> si esibir\u00e0 <strong>domenica 2 ottobre<\/strong> a <strong>Novi Ligure<\/strong>, mentre Laurent Fievet, titolare dell&#8217; organo della Basilica di Notre Dame a Nice, sar\u00e0 di scena ad Alessandria sabato 8, in sostituzione di Luigi Benedetti indisposto.<br \/>\nIl concerto del grande organista danese in programma a Novi Ligure domenica 2 ottobre alle ore 17, a causa di una importante ed imprevista manifestazione religiosa concomitante, che coinvolge tutte le Parrocchie e le Confraternite di Novi Ligure, <strong>sar\u00e0 posticipato alle ore 21<\/strong>.<\/div>\n<p>In sostituzione del concerto pomeridiano sempre domenica 2 alle 17 si terr\u00e0 l&#8217;annunciata <strong>visita al laboratorio di costruzione di clavicembali di Giuseppe Corazza<\/strong>. Si potranno vedere da vicino diversi strumenti: un clavicembalo francese a due tastiere in corso d&#8217;opera, un altro ad una sola tastiera e soprattutto il clavicembalo italiano copia di un &#8220;Giusti&#8221; della fine del XVII secolo conservato al Museo di Norimberga, che \u00e8 stato recentemente protagonista di svariati concerti.<\/p>\n<\/div>\n<p>Il laboratorio si trova a Grondona, localit\u00e0 Sezzella, che si raggiunge dalla strada provinciale da Arquata Scrivia a Grondona: dopo aver passato il ponte sullo Spinti, che sovrasta un noto laghetto assai frequentato nei mesi estivi, si trova un&#8217;indicazione che segnala una strada in salita sul lato sinistro della carreggiata. Per informazioni chiamare <strong>338 7193623<\/strong> oppure <strong>338 3607118<\/strong>.<\/p>\n<\/div>\n<p>La rassegna \u00e8 stata realizzata con il sostegno della <strong>Compagnia di San Paolo nell\u2019ambito della Scadenza Unica 2016 Performing Arts<\/strong>.<\/p>\n<p>Si ringraziano <strong>Fondazioni CRT, CRAL e SOCIAL<\/strong>, il <strong>Conservatorio \u201cVivaldi\u201d<\/strong> per la preziosa collaborazione che ci aiuta sempre a mantenere elevata l\u2019offerta artistica.<!--more--><\/p>\n<p><strong>Francois Couperin (1668 &#8211; 1733)<\/strong><br \/>\nPrelude<br \/>\nFugue<br \/>\nOffertoire<\/p>\n<p><strong>Diderik Buxtehude (1637 &#8211; 1707)<\/strong><br \/>\nNun lob mein Seel den Herren, BuxWV 214, 215<\/p>\n<p><strong>Georg B\u00f6hm\u00a0 (1661 &#8211; 1733)<\/strong><br \/>\nPraeludium, Fuge und Postludium in G Dur<br \/>\nChrist lag in Todesbanden<br \/>\nPraeludium und Fuge, A Moll<br \/>\nAch wie nichtig, ach wie fl\u00fcchtig (8 Partite)<\/p>\n<p><strong>Anonym<\/strong><br \/>\nEnglische Nachtigal<\/p>\n<p><strong>Christian Flor (1626 &#8211; 1697)<\/strong><br \/>\nSuite in d<br \/>\nFuge \u2013 Allemande \u2013 Courante \u2013 Sarabande \u2013 Double \u2013 Gigue<\/p>\n<p><strong>Johann Rudolph Radeck (1610 &#8211; 1663)<\/strong><br \/>\nEngellischer Mascharada<\/p>\n<p><strong>Hans Neusiedler (1508 &#8211; 1563)<\/strong><br \/>\nKunigin Hofftantz<\/p>\n<p><strong>Sven-Ingvart Mikkelsen<br \/>\n<\/strong><\/p>\n<p style=\"text-align: center;\"><img loading=\"lazy\" decoding=\"async\" class=\"alignnone size-medium wp-image-527\" src=\"http:\/\/www.amicidellorgano.org\/wp-content\/uploads\/foto\/foto-Mikkelsen-2016-organo-Compenius-300x201.jpg\" alt=\"Sven-Ingvart Mikkelsen\" width=\"300\" height=\"201\" \/><\/p>\n<p><span style=\"color: #000000;\">Sven-Ingvart Mikkelsen, uno dei maggiori organisti della Danimarca,\u00a0 \u00e8 assai famoso a livello internazionale per essere il titolare del preziosissimo organo &#8220;Compenius&#8221; del 1610 conservato nella chiesa dell&#8217; altrettanto celebre castello di Frederiksborg, poco distante da Copenhagen.<br \/>\nOrganista e direttore artistico della Cappella di Frederiksborg (Danimarca), presso il Castello di Hilleroed (Copenhagen), dove in qualit\u00e0 di curatore della vita musicale della Cappella organizza le stagioni concertistiche strumentali e orchestrali-corali, \u00e8 responsabile dei tre organi della Cappella.<br \/>\nSven-Ingvart Mikkelsen ha studiato nei conservatori di Esbjerg, Copenhagen, Vienna e Parigi. Per dieci anni ha svolto attivit\u00e0 didattica presso i conservatori di Esbjerg e Copenhagen, oltre ad aver tenuto corsi e master in Danimarca, Svezia, Germania, Italia e USA.<br \/>\nHa svolto attivit\u00e0 solistica come organista oltre che cameristica in Europa e USA, ha effettuato registrazioni radiofoniche come solista, con orchestre, ed ha curato la registrazione dell\u2019opera completa in CD di Nicolaus Bruhns, Georg B\u00f6hm e Nicolas de Grigny.<br \/>\nIl programma che eseguir\u00e0 sul pregevole &#8220;Poncini&#8221; del 1742 conservato nella Basilica della Maddalena, che per certi aspetti \u00e8 abbastanza simile allo strumento di cui il noto organista \u00e8 titolare, comprende brani di F. Couperin, Buxtehude, Boehm e di altri autori nordici del periodo rinascimentale e barocco.<br \/>\n<\/span><\/p>\n<p>&nbsp;<\/p>\n<p><img loading=\"lazy\" decoding=\"async\" class=\"alignnone size-full wp-image-121\" src=\"http:\/\/www.amicidellorgano.org\/wp-content\/uploads\/icone\/s_icon_pdf.gif\" alt=\"Icona pdf\" width=\"16\" height=\"16\" \/> <a href=\"http:\/\/www.amicidellorgano.org\/wp-content\/uploads\/concerti2016\/librettoconcerti2016.pdf\">Scarica il libretto della manifestazione (file pdf 2 Mb)<\/a><\/p>\n","protected":false},"excerpt":{"rendered":"<p>Importanti artisti stranieri saranno protagonisti di alcuni degli ultimi appuntamenti della Stagione Internazionale di concerti d&#8217;organo. Sven-Ingvart Mikkelsen si esibir\u00e0 domenica 2 ottobre a Novi Ligure, mentre Laurent Fievet, titolare &hellip; <a href=\"https:\/\/www.amicidellorgano.org\/index.php\/2016\/09\/26\/concerto-dorgano-di-sven-ingvart-mikkelsen-domenica-2-ottobre\/\" class=\"more-link\">Continua la lettura di <span class=\"screen-reader-text\">Concerto d&#8217;organo di Sven-Ingvart Mikkelsen &#8211; 2 ottobre<\/span> <span class=\"meta-nav\">&rarr;<\/span><\/a><\/p>\n","protected":false},"author":1,"featured_media":0,"comment_status":"open","ping_status":"open","sticky":false,"template":"","format":"standard","meta":{"footnotes":""},"categories":[7],"tags":[8,49,48],"class_list":["post-529","post","type-post","status-publish","format-standard","hentry","category-concerti2016","tag-concerti2016","tag-novi-ligure","tag-sven-ingvart-mikkelsen"],"_links":{"self":[{"href":"https:\/\/www.amicidellorgano.org\/index.php\/wp-json\/wp\/v2\/posts\/529"}],"collection":[{"href":"https:\/\/www.amicidellorgano.org\/index.php\/wp-json\/wp\/v2\/posts"}],"about":[{"href":"https:\/\/www.amicidellorgano.org\/index.php\/wp-json\/wp\/v2\/types\/post"}],"author":[{"embeddable":true,"href":"https:\/\/www.amicidellorgano.org\/index.php\/wp-json\/wp\/v2\/users\/1"}],"replies":[{"embeddable":true,"href":"https:\/\/www.amicidellorgano.org\/index.php\/wp-json\/wp\/v2\/comments?post=529"}],"version-history":[{"count":4,"href":"https:\/\/www.amicidellorgano.org\/index.php\/wp-json\/wp\/v2\/posts\/529\/revisions"}],"predecessor-version":[{"id":565,"href":"https:\/\/www.amicidellorgano.org\/index.php\/wp-json\/wp\/v2\/posts\/529\/revisions\/565"}],"wp:attachment":[{"href":"https:\/\/www.amicidellorgano.org\/index.php\/wp-json\/wp\/v2\/media?parent=529"}],"wp:term":[{"taxonomy":"category","embeddable":true,"href":"https:\/\/www.amicidellorgano.org\/index.php\/wp-json\/wp\/v2\/categories?post=529"},{"taxonomy":"post_tag","embeddable":true,"href":"https:\/\/www.amicidellorgano.org\/index.php\/wp-json\/wp\/v2\/tags?post=529"}],"curies":[{"name":"wp","href":"https:\/\/api.w.org\/{rel}","templated":true}]}}