{"id":508,"date":"2016-09-10T17:25:13","date_gmt":"2016-09-10T15:25:13","guid":{"rendered":"http:\/\/www.amicidellorgano.org\/?p=508"},"modified":"2016-09-12T17:25:59","modified_gmt":"2016-09-12T15:25:59","slug":"frescobaldi-per-noi-concerto-di-gianni-coscia-11-settembre","status":"publish","type":"post","link":"https:\/\/www.amicidellorgano.org\/index.php\/2016\/09\/10\/frescobaldi-per-noi-concerto-di-gianni-coscia-11-settembre\/","title":{"rendered":"Frescobaldi per noi &#8211; Concerto di Gianni Coscia &#8211; 11 settembre"},"content":{"rendered":"<p>Il tredicesimo appuntamento della XXXVII Stagione internazionale di concerti sugli organi storici sar\u00e0 l&#8217;<strong>11 settembre alle ore 16.00 a OVIGLIO, <\/strong><strong>Chiesa della Madonna.<\/strong><\/p>\n<p><strong>Concerto celebrativo del 25\u00b0 del restauro dell&#8217;organo &#8220;Savina&#8221;<br \/>\nFrescobaldi per noi<br \/>\nParole e musica con GIANNI COSCIA e la sua fisarmonica<\/strong><\/p>\n<p>La rassegna \u00e8 stata realizzata con il sostegno della <strong>Compagnia di San Paolo nell\u2019ambito della Scadenza Unica 2016 Performing Arts<\/strong>.<\/p>\n<p>Si ringraziano <strong>Fondazioni CRT, CRAL e SOCIAL<\/strong>, il <strong>Conservatorio \u201cVivaldi\u201d<\/strong> per la preziosa collaborazione che ci aiuta sempre a mantenere elevata l\u2019offerta artistica.<!--more--><\/p>\n<p><strong>Gianni Coscia<br \/>\n<\/strong><\/p>\n<p><img loading=\"lazy\" decoding=\"async\" class=\"size-full wp-image-506 aligncenter\" src=\"http:\/\/www.amicidellorgano.org\/wp-content\/uploads\/foto\/giannicoscia.jpg\" alt=\"Gianni Coscia\" width=\"292\" height=\"161\" \/><\/p>\n<p>(Alessandria, 23 gennaio 1931) \u00e8 un fisarmonicista italiano la cui attivit\u00e0 di musicista si \u00e8 espletata in particolare nel settore del jazz moderno. Inizia a suonare in et\u00e0 giovanile utilizzando una fisarmonica Massobrio appartenente al padre. Al liceo \u00e8 compagno di classe di Umberto Eco, con il quale scrive alcuni spettacoli di rivista. Nel 1985 incide Gianni Coscia &#8211; l\u2019altra fisarmonica. Nel 1989 con l\u2019album La briscola si classifica al secondo posto del Top Jazz. L\u2019anno successivo con la Big Band di Giorgio Gaslini partecipa al festival di Roccella Jonica. Nel 1991 con l\u2019orchestra sinfonica della RAI prende parte all\u2019opera Ascesa e rovina della citt\u00e0 di Mahagonny di Kurt Weil e nello stesso anno esegue il concerto per bandone\u00f2n e orchestra di Astor Piazzolla con il complesso da camera di Pavia. Successivamente \u00e8 designato dalla RAI per rappresentare l\u2019Italia al festival internazionale di Jazz di Pori (Finlandia) e prende parte alla trasmissione televisiva per RAI 1 in onore di Gorni Kramer. Nel 1992 e nel 1994 suona con Milva in tourn\u00e9e in Giappone, esibendosi anche come solista, mentre nel 1993 collabora con Luciano Berio alla stesura di musiche per uno spettacolo contro l\u2019antisemitismo, incidendo nello stesso anno l\u2019album il Bandino. Nel 1994 registra l\u2019album Radici con Gianluigi Trovesi e con lui si esibisce all&#8217;Umbria Jazz Festival. Grazie al successo di tale cd (che giunge alle 10 ristampe) il duo fa tourn\u00e9e in Danimarca, Francia, Paesi Bassi, Austria, Germania, Tunisia, Spagna, Siria, Giordania e Inghilterra, mentre come solista partecipa al decimo Toholampi Accordion Week in Finlandia. Nel 1996 \u00e8 nominato membro del consiglio di amministrazione dell\u2019Accademia Musicale Chigiana. Nel 1997 a Umbria Jazz prende parte al progetto Banda Sonora di Battista Lena. Il CD allegato a Musica Jazz nel novembre dello stesso anno lo vede partecipe in trio con il trombettista Enrico Rava e con il percussionista Naco. Inoltre firma con Fred Ferrari la colonna sonora del film \u201cAltri uomini\u201d (1997) con Claudio Amendola e Veronica Pivetti e riceve il Premio Kramer dalla citt\u00e0 di Stradella. Nel giugno 1998 registra l\u2019album La bottega di Gianni Coscia con i solisti Gianluigi Trovesi al clarinetto, Enzo Pietropaoli al basso, Andrea Dulbecco al vibrafono e una formazione composta da flauto, oboe, fagotto e corno. Questo lavoro viene presentato a Umbria Jazz. Con Trovesi suona a ottobre a Wuppertal alla manifestazione per i 25 anni di attivit\u00e0 teatrali di Pina Bausch, mentre con il progetto Banda Sonora di Battista Lena suona in Cina a novembre. Con Trovesi realizza agli inizi del 1999 l\u2019album In cerca di cibo per la ECM (con note di copertina scritte da Umberto Eco). Nel 2000 la critica tedesca gli conferisce il premio \u201cPreiser der Deutschen Schallplattenkritik\u201d. Nel luglio dello stesso anno suona a Roma alla stagione concertistica estiva dell\u2019Accademia di Santa Cecilia. In estate partecipa al festival tedesco di jazz internazionale di Moers. Nel 2002 presenta il nuovo CD Archiliuto a Bergamo e svolge una tourn\u00e9e in Canada, durante la quale suona al Festival Internazionale di Jazz a Montreal, partecipa al Festival Internazionale di Jazz dell\u2019Aja, e presenta il CD La bancarella, nell\u2019ambito di Umbria Jazz. La sua attivit\u00e0 prosegue nel 2003 al Festival di Jazz di San Francisco e con concerti in Italia e all\u2019estero. Nel 2004 pubblica l\u2019album Galleria del Corso in duo con Renato Sellani e nel mese di maggio dello stesso anno la citt\u00e0 di Alessandria gli conferisce il premio Gagliaudo d\u2019oro. Il 30 dicembre suona all\u2019Umbria Jazz Winter ad Orvieto in duo con Renato Sellani. Nel 2005 pubblica Round about Weill in duo con Gianluigi Trovesi (edito dalla ECM). Tra il 2005 e il 2014 suona continuativamente in duo con Trovesi. Nel settembre del 2014 realizza l\u2019album Ansema con il gruppo di folk piemontese Tre Martelli, edito per la Felmay. Musica Jazz, la prestigiosa rivista italiana, gli ha recentemente conferito il \u201cTop Jazz 2015.\u201d Nell\u2019agosto 2016 ha partecipato al festival internazionale di Berchidda diretto da Paolo Fresu.<\/p>\n<p><img loading=\"lazy\" decoding=\"async\" class=\"alignnone size-full wp-image-121\" src=\"http:\/\/www.amicidellorgano.org\/wp-content\/uploads\/icone\/s_icon_pdf.gif\" alt=\"Icona pdf\" width=\"16\" height=\"16\" \/> <a href=\"http:\/\/www.amicidellorgano.org\/wp-content\/uploads\/concerti2016\/librettoconcerti2016.pdf\">Scarica il libretto della manifestazione (file pdf 2 Mb)<\/a><\/p>\n","protected":false},"excerpt":{"rendered":"<p>Il tredicesimo appuntamento della XXXVII Stagione internazionale di concerti sugli organi storici sar\u00e0 l&#8217;11 settembre alle ore 16.00 a OVIGLIO, Chiesa della Madonna. Concerto celebrativo del 25\u00b0 del restauro dell&#8217;organo &hellip; <a href=\"https:\/\/www.amicidellorgano.org\/index.php\/2016\/09\/10\/frescobaldi-per-noi-concerto-di-gianni-coscia-11-settembre\/\" class=\"more-link\">Continua la lettura di <span class=\"screen-reader-text\">Frescobaldi per noi &#8211; Concerto di Gianni Coscia &#8211; 11 settembre<\/span> <span class=\"meta-nav\">&rarr;<\/span><\/a><\/p>\n","protected":false},"author":1,"featured_media":0,"comment_status":"open","ping_status":"open","sticky":false,"template":"","format":"standard","meta":{"footnotes":""},"categories":[7],"tags":[8,45,33],"class_list":["post-508","post","type-post","status-publish","format-standard","hentry","category-concerti2016","tag-concerti2016","tag-gianni-coscia","tag-oviglio"],"_links":{"self":[{"href":"https:\/\/www.amicidellorgano.org\/index.php\/wp-json\/wp\/v2\/posts\/508"}],"collection":[{"href":"https:\/\/www.amicidellorgano.org\/index.php\/wp-json\/wp\/v2\/posts"}],"about":[{"href":"https:\/\/www.amicidellorgano.org\/index.php\/wp-json\/wp\/v2\/types\/post"}],"author":[{"embeddable":true,"href":"https:\/\/www.amicidellorgano.org\/index.php\/wp-json\/wp\/v2\/users\/1"}],"replies":[{"embeddable":true,"href":"https:\/\/www.amicidellorgano.org\/index.php\/wp-json\/wp\/v2\/comments?post=508"}],"version-history":[{"count":1,"href":"https:\/\/www.amicidellorgano.org\/index.php\/wp-json\/wp\/v2\/posts\/508\/revisions"}],"predecessor-version":[{"id":510,"href":"https:\/\/www.amicidellorgano.org\/index.php\/wp-json\/wp\/v2\/posts\/508\/revisions\/510"}],"wp:attachment":[{"href":"https:\/\/www.amicidellorgano.org\/index.php\/wp-json\/wp\/v2\/media?parent=508"}],"wp:term":[{"taxonomy":"category","embeddable":true,"href":"https:\/\/www.amicidellorgano.org\/index.php\/wp-json\/wp\/v2\/categories?post=508"},{"taxonomy":"post_tag","embeddable":true,"href":"https:\/\/www.amicidellorgano.org\/index.php\/wp-json\/wp\/v2\/tags?post=508"}],"curies":[{"name":"wp","href":"https:\/\/api.w.org\/{rel}","templated":true}]}}