{"id":461,"date":"2016-07-25T16:24:54","date_gmt":"2016-07-25T14:24:54","guid":{"rendered":"http:\/\/www.amicidellorgano.org\/?p=461"},"modified":"2016-07-25T16:26:18","modified_gmt":"2016-07-25T14:26:18","slug":"la-stagione-dei-concerti-dorgano-al-tg5","status":"publish","type":"post","link":"https:\/\/www.amicidellorgano.org\/index.php\/2016\/07\/25\/la-stagione-dei-concerti-dorgano-al-tg5\/","title":{"rendered":"La stagione dei concerti d&#8217;organo al TG5"},"content":{"rendered":"<div class=\"moz-text-html\" lang=\"x-unicode\">\n<div dir=\"ltr\">\n<div>Cari amici e sostenitori, dopo un articolo sulla Stampa di venerd\u00ec scorso sulla nascita e gli sviluppi della nostra Stagione di concerti sugli organi antichi anche TG5 Mediaset si \u00e8 interessato a noi, per cui stamattina a Grondona ci sar\u00e0 una ripresa ed una breve intervista che sar\u00e0 trasmessa, salvo cambiamenti di programma, nel corso del TG5 di luned\u00ec 25 luglio alle 20.<\/div>\n<div>Chi volesse sentirla deve solo collegarsi.<\/div>\n<div>Grazie per l&#8217;attenzione<\/div>\n<\/div>\n<\/div>\n","protected":false},"excerpt":{"rendered":"<p>Cari amici e sostenitori, dopo un articolo sulla Stampa di venerd\u00ec scorso sulla nascita e gli sviluppi della nostra Stagione di concerti sugli organi antichi anche TG5 Mediaset si \u00e8 &hellip; <a href=\"https:\/\/www.amicidellorgano.org\/index.php\/2016\/07\/25\/la-stagione-dei-concerti-dorgano-al-tg5\/\" class=\"more-link\">Continua la lettura di <span class=\"screen-reader-text\">La stagione dei concerti d&#8217;organo al TG5<\/span> <span class=\"meta-nav\">&rarr;<\/span><\/a><\/p>\n","protected":false},"author":1,"featured_media":0,"comment_status":"open","ping_status":"open","sticky":false,"template":"","format":"standard","meta":{"footnotes":""},"categories":[7],"tags":[8,18],"class_list":["post-461","post","type-post","status-publish","format-standard","hentry","category-concerti2016","tag-concerti2016","tag-letizia-romiti"],"_links":{"self":[{"href":"https:\/\/www.amicidellorgano.org\/index.php\/wp-json\/wp\/v2\/posts\/461"}],"collection":[{"href":"https:\/\/www.amicidellorgano.org\/index.php\/wp-json\/wp\/v2\/posts"}],"about":[{"href":"https:\/\/www.amicidellorgano.org\/index.php\/wp-json\/wp\/v2\/types\/post"}],"author":[{"embeddable":true,"href":"https:\/\/www.amicidellorgano.org\/index.php\/wp-json\/wp\/v2\/users\/1"}],"replies":[{"embeddable":true,"href":"https:\/\/www.amicidellorgano.org\/index.php\/wp-json\/wp\/v2\/comments?post=461"}],"version-history":[{"count":2,"href":"https:\/\/www.amicidellorgano.org\/index.php\/wp-json\/wp\/v2\/posts\/461\/revisions"}],"predecessor-version":[{"id":463,"href":"https:\/\/www.amicidellorgano.org\/index.php\/wp-json\/wp\/v2\/posts\/461\/revisions\/463"}],"wp:attachment":[{"href":"https:\/\/www.amicidellorgano.org\/index.php\/wp-json\/wp\/v2\/media?parent=461"}],"wp:term":[{"taxonomy":"category","embeddable":true,"href":"https:\/\/www.amicidellorgano.org\/index.php\/wp-json\/wp\/v2\/categories?post=461"},{"taxonomy":"post_tag","embeddable":true,"href":"https:\/\/www.amicidellorgano.org\/index.php\/wp-json\/wp\/v2\/tags?post=461"}],"curies":[{"name":"wp","href":"https:\/\/api.w.org\/{rel}","templated":true}]}}