{"id":445,"date":"2016-07-10T23:00:31","date_gmt":"2016-07-10T21:00:31","guid":{"rendered":"http:\/\/www.amicidellorgano.org\/?p=445"},"modified":"2016-07-10T23:12:35","modified_gmt":"2016-07-10T21:12:35","slug":"concerto-dorgano-di-diego-innocenzi-15-luglio-2016","status":"publish","type":"post","link":"https:\/\/www.amicidellorgano.org\/index.php\/2016\/07\/10\/concerto-dorgano-di-diego-innocenzi-15-luglio-2016\/","title":{"rendered":"Concerto d&#8217;organo di Diego Innocenzi &#8211; 15 luglio 2016"},"content":{"rendered":"<p>Il quarto appuntamento della XXXVII Stagione internazionale di concerti sugli organi storici sar\u00e0 il<strong> 15 luglio alle ore 21 a CASALNOCETO , <\/strong><strong>Chiesa Parrocchiale<\/strong><\/p>\n<p><strong>Interprete<br \/>\n<\/strong><strong>Diego Innocenzi, organo (Argentina &#8211; Svizzera)<\/strong><\/p>\n<p>La rassegna \u00e8 stata realizzata con il sostegno della <strong>Compagnia di San Paolo nell\u2019ambito della Scadenza Unica 2016 Performing Arts<\/strong>.<\/p>\n<p>Si ringraziano <strong>Fondazioni CRT, CRAL e SOCIAL<\/strong>, il <strong>Conservatorio \u201cVivaldi\u201d<\/strong> per la preziosa collaborazione che ci aiuta sempre a mantenere elevata l\u2019offerta artistica.<!--more--><\/p>\n<p><strong>Jean-Jacques Beauvarlet-Charpentier (1766 &#8211; 1834)<\/strong><br \/>\nFugue sur le chant du Kyrie<\/p>\n<p><strong>Guillaume Lasceux (1740 &#8211; 1831)<\/strong><br \/>\nR\u00e9cit<br \/>\nCh\u0153ur en rondo<br \/>\nFl\u00fbtes<\/p>\n<p><strong>Gervais Fran\u00e7ois Couperin (1759 &#8211; 1826)<\/strong><br \/>\nOffertoire<\/p>\n<p><strong>Jean-Philippe Rameau (1683 &#8211; 1764)<\/strong><br \/>\nLes Indes galantes<br \/>\nestratti trascritto da Alexandre Guilmant (1837 &#8211; 1911)<br \/>\n3) Musette en rondeau<br \/>\n4) Ch\u0153ur des Sauvages<\/p>\n<p><strong>Padre Davide da Bergamo (1791 &#8211; 1863)<\/strong><br \/>\nSuonatina in fa maggiore<\/p>\n<p><strong>\u00c9douard Batiste (1820 &#8211; 1876)<\/strong><br \/>\nOffertoire op. 40 (1877)<\/p>\n<p><strong>Vincenzo Petrali (1830 &#8211; 1889)<\/strong><br \/>\nAdagio per Voce Umana<br \/>\nSonata finale<\/p>\n<p><strong>Diego Innocenzi<\/strong><\/p>\n<p><img loading=\"lazy\" decoding=\"async\" class=\"size-medium wp-image-448 aligncenter\" src=\"http:\/\/www.amicidellorgano.org\/wp-content\/uploads\/foto\/diego-innocenzi-204x300.jpg\" alt=\"Diego Innocenzi\" width=\"204\" height=\"300\" \/><br \/>\n\u00e8 organista titolare della Victoria Hall e dei templi di Vand\u0153uvres e di Saint-Gervais a Ginevra nonch\u00e9 insegnante d\u2019organo presso il Conservatorio di Musica della stessa citt\u00e0.<br \/>\nNato in Argentina nel 1971, Diego Innocenzi incomincia i suoi studi musicali a Buenos Aires dove ottiene il diploma di pianoforte e diventa titolare dell\u2019organo Cavaill\u00e9-Coll della cattedrale di San Isidro, la sua citt\u00e0 natale. Egli prosegue la sua formazione presso la classe di Lionel Rogg al Conservatorio di Musica di Ginevra, dove ottiene il primo premio di virtuosit\u00e9 nel 1999 e poi con Marie-Claire Alain a Parigi. Ammesso alla classe di direzione corale di Michel Corboz presso il Conservatorio di Musica di Ginevra, ottiene il diploma di direttore di coro nel 2003.<br \/>\nLa sua ricerca sull\u2019interpretazione storica della musica sacra e del repertorio organistico dei secoli XIX\u00b0 e XX\u00b0 lo porta a tenere numerose masterclass in Europa e gli Stati Uniti. Il frutto di questo lavoro confluisce nelle numerose registrazioni di opere per lo pi\u00f9 inedite per la casa discografica Aeolus: l\u2019integrale dell\u2019opera per organo e dei mottetti di C\u00e9sar Franck (due volumi in collaborazione con Les Solistes de Lyon-Bernard T\u00e9tu); un doppio album di opere inedite per organo di Edouard Batiste; la musica da camera con organo di Th\u00e9odore Dubois.<br \/>\nAi fini di rinnovare i concerti d\u2019organo e di musica sacra egli ha organizzato il Festival d\u2019autunno a Vand\u0153uvres consacrato alla musica da camera con organo (2002-2010), diversi cicli di servizi religiosi luterani corali e cantati, le maratone d\u2019organo durante la Festa della musica di Ginevra, un Festival di Salmi presso la Cattedra di Calvino-09 e spettacoli che uniscono la danza contemporanea, la proiezione video e l\u2019organo.<br \/>\nDiego Innocenzi si esibisce in tutto il mondo: in Europa, negli Stati Uniti, in America Latina e in Russia. In questo momento \u00e8 il direttore artistico del Festival d\u2019organo di Chamonix e ha al suo carico la programmazione musicale dell\u2019organo del Centro Culturale Kirchner di Buenos Aires.<\/p>\n<p><img loading=\"lazy\" decoding=\"async\" class=\"alignnone size-full wp-image-121\" src=\"http:\/\/www.amicidellorgano.org\/wp-content\/uploads\/icone\/s_icon_pdf.gif\" alt=\"Icona pdf\" width=\"16\" height=\"16\" \/> <a href=\"http:\/\/www.amicidellorgano.org\/wp-content\/uploads\/concerti2016\/librettoconcerti2016.pdf\">Scarica il libretto della manifestazione (file pdf 2 Mb)<\/a><\/p>\n<p>&nbsp;<\/p>\n","protected":false},"excerpt":{"rendered":"<p>Il quarto appuntamento della XXXVII Stagione internazionale di concerti sugli organi storici sar\u00e0 il 15 luglio alle ore 21 a CASALNOCETO , Chiesa Parrocchiale Interprete Diego Innocenzi, organo (Argentina &#8211; &hellip; <a href=\"https:\/\/www.amicidellorgano.org\/index.php\/2016\/07\/10\/concerto-dorgano-di-diego-innocenzi-15-luglio-2016\/\" class=\"more-link\">Continua la lettura di <span class=\"screen-reader-text\">Concerto d&#8217;organo di Diego Innocenzi &#8211; 15 luglio 2016<\/span> <span class=\"meta-nav\">&rarr;<\/span><\/a><\/p>\n","protected":false},"author":1,"featured_media":0,"comment_status":"open","ping_status":"open","sticky":false,"template":"","format":"standard","meta":{"footnotes":""},"categories":[7],"tags":[29,8,28],"class_list":["post-445","post","type-post","status-publish","format-standard","hentry","category-concerti2016","tag-casalnoceto","tag-concerti2016","tag-diego-innocenzi"],"_links":{"self":[{"href":"https:\/\/www.amicidellorgano.org\/index.php\/wp-json\/wp\/v2\/posts\/445"}],"collection":[{"href":"https:\/\/www.amicidellorgano.org\/index.php\/wp-json\/wp\/v2\/posts"}],"about":[{"href":"https:\/\/www.amicidellorgano.org\/index.php\/wp-json\/wp\/v2\/types\/post"}],"author":[{"embeddable":true,"href":"https:\/\/www.amicidellorgano.org\/index.php\/wp-json\/wp\/v2\/users\/1"}],"replies":[{"embeddable":true,"href":"https:\/\/www.amicidellorgano.org\/index.php\/wp-json\/wp\/v2\/comments?post=445"}],"version-history":[{"count":2,"href":"https:\/\/www.amicidellorgano.org\/index.php\/wp-json\/wp\/v2\/posts\/445\/revisions"}],"predecessor-version":[{"id":449,"href":"https:\/\/www.amicidellorgano.org\/index.php\/wp-json\/wp\/v2\/posts\/445\/revisions\/449"}],"wp:attachment":[{"href":"https:\/\/www.amicidellorgano.org\/index.php\/wp-json\/wp\/v2\/media?parent=445"}],"wp:term":[{"taxonomy":"category","embeddable":true,"href":"https:\/\/www.amicidellorgano.org\/index.php\/wp-json\/wp\/v2\/categories?post=445"},{"taxonomy":"post_tag","embeddable":true,"href":"https:\/\/www.amicidellorgano.org\/index.php\/wp-json\/wp\/v2\/tags?post=445"}],"curies":[{"name":"wp","href":"https:\/\/api.w.org\/{rel}","templated":true}]}}