{"id":2397,"date":"2025-11-24T09:57:49","date_gmt":"2025-11-24T08:57:49","guid":{"rendered":"https:\/\/www.amicidellorgano.org\/?p=2397"},"modified":"2025-11-24T09:58:13","modified_gmt":"2025-11-24T08:58:13","slug":"in-ricordo-di-gianni-odicino","status":"publish","type":"post","link":"https:\/\/www.amicidellorgano.org\/index.php\/2025\/11\/24\/in-ricordo-di-gianni-odicino\/","title":{"rendered":"In ricordo di Gianni Odicino"},"content":{"rendered":"<div dir=\"auto\">Sabato 22 novembre 2025 \u00e8 mancato Gianni Odicino di Castelspina, grande appassionato di musica e collezionista di fisarmoniche d&#8217;epoca, promotore del restauro dell&#8217;organo settecentesco del suo paese e soprattutto grande amico della nostra Stagione di concerti sugli organi storici, tanto che alcuni anni fa, in occasione di un concerto di un duo di fisarmoniche,\u00a0 port\u00f2 personalmente nella chiesa dove si sarebbero esibiti i musicisti i migliori esemplari della sua collezione, perch\u00e9 fossero esposti al pubblico che li pot\u00e8 ammirare durante e dopo l&#8217;esecuzione dei brani musicali.<\/div>\n<div dir=\"auto\">Luned\u00ec 24 novembre 2025, alle dieci ci sar\u00e0 una commemorazione funebre nella Chiesa parrocchiale di Castelspina<\/div>\n","protected":false},"excerpt":{"rendered":"<p>Sabato 22 novembre 2025 \u00e8 mancato Gianni Odicino di Castelspina, grande appassionato di musica e collezionista di fisarmoniche d&#8217;epoca, promotore del restauro dell&#8217;organo settecentesco del suo paese e soprattutto grande &hellip; <a href=\"https:\/\/www.amicidellorgano.org\/index.php\/2025\/11\/24\/in-ricordo-di-gianni-odicino\/\" class=\"more-link\">Continua la lettura di <span class=\"screen-reader-text\">In ricordo di Gianni Odicino<\/span> <span class=\"meta-nav\">&rarr;<\/span><\/a><\/p>\n","protected":false},"author":1,"featured_media":0,"comment_status":"closed","ping_status":"closed","sticky":false,"template":"","format":"standard","meta":{"footnotes":""},"categories":[13,3],"tags":[309],"class_list":["post-2397","post","type-post","status-publish","format-standard","hentry","category-news","category-varie","tag-gianni-odicino"],"_links":{"self":[{"href":"https:\/\/www.amicidellorgano.org\/index.php\/wp-json\/wp\/v2\/posts\/2397"}],"collection":[{"href":"https:\/\/www.amicidellorgano.org\/index.php\/wp-json\/wp\/v2\/posts"}],"about":[{"href":"https:\/\/www.amicidellorgano.org\/index.php\/wp-json\/wp\/v2\/types\/post"}],"author":[{"embeddable":true,"href":"https:\/\/www.amicidellorgano.org\/index.php\/wp-json\/wp\/v2\/users\/1"}],"replies":[{"embeddable":true,"href":"https:\/\/www.amicidellorgano.org\/index.php\/wp-json\/wp\/v2\/comments?post=2397"}],"version-history":[{"count":1,"href":"https:\/\/www.amicidellorgano.org\/index.php\/wp-json\/wp\/v2\/posts\/2397\/revisions"}],"predecessor-version":[{"id":2398,"href":"https:\/\/www.amicidellorgano.org\/index.php\/wp-json\/wp\/v2\/posts\/2397\/revisions\/2398"}],"wp:attachment":[{"href":"https:\/\/www.amicidellorgano.org\/index.php\/wp-json\/wp\/v2\/media?parent=2397"}],"wp:term":[{"taxonomy":"category","embeddable":true,"href":"https:\/\/www.amicidellorgano.org\/index.php\/wp-json\/wp\/v2\/categories?post=2397"},{"taxonomy":"post_tag","embeddable":true,"href":"https:\/\/www.amicidellorgano.org\/index.php\/wp-json\/wp\/v2\/tags?post=2397"}],"curies":[{"name":"wp","href":"https:\/\/api.w.org\/{rel}","templated":true}]}}