{"id":2390,"date":"2025-10-16T09:08:21","date_gmt":"2025-10-16T07:08:21","guid":{"rendered":"https:\/\/www.amicidellorgano.org\/?p=2390"},"modified":"2025-10-16T09:16:06","modified_gmt":"2025-10-16T07:16:06","slug":"concerto-di-raffaella-mazzella-e-daniela-scavio-19-ottobre-2025","status":"publish","type":"post","link":"https:\/\/www.amicidellorgano.org\/index.php\/2025\/10\/16\/concerto-di-raffaella-mazzella-e-daniela-scavio-19-ottobre-2025\/","title":{"rendered":"Concerto di Raffaella Mazzella e Daniela Scavio &#8211; 19 ottobre 2025"},"content":{"rendered":"<p><strong>Concerto di Raffaella Mazzella e Daniela Scavio &#8211; 19 ottobre 2025<\/strong><\/p>\n<p><img loading=\"lazy\" decoding=\"async\" class=\"aligncenter size-large wp-image-2386\" src=\"http:\/\/www.amicidellorgano.org\/wp-content\/uploads\/concerti2025\/foto-Mazzella-e-Scavio-2025-770x1024.jpg\" alt=\"\" width=\"474\" height=\"630\" \/><\/p>\n<p><strong>Domenica 19 ottobre 2025 ore 15.30<\/strong><br \/>\n<strong>CASTELLAZZO BORMIDA, chiesa di San Carlo<\/strong><br \/>\n<strong>RAFFAELLA MAZZELLA, soprano<\/strong><br \/>\n<strong>DANIELA SCAVIO, organo<\/strong><\/p>\n<p>Domenica 19 ottobre alle ore 15.30 nella chiesa di San Carlo a CASTELLAZZO si conclude la quarantaseiesima Stagione sugli organi storici con un concerto delle note artiste RAFFAELLA MAZZELLA, soprano e DANIELA SCAVIO, organo. In programma brani di Bach, Vivaldi, Haendel, Mozart, Bellini e di altri autori. Gli Amici dell&#8217;Organo di Alessandria ringraziano di cuore tutti gli Enti sostenitori, in particolare la Fondazione CRAL per il prezioso sostegno che ha permesso di poter organizzare ancora una volta il consueto ciclo concertistico volto a far conoscere ed ascoltare i migliori strumenti conservati sul territorio provinciale, che quest&#8217;anno \u00e8 stato particolarmente ricco: diciassette concerti in molti Comuni dell&#8217;Alessandrino pi\u00f9 due a Varzi ed a Rivanazzano alla scoperta di nuovi preziosissimi strumenti.<\/p>\n<p>&#8220;Oltre alla consueta parata di grandi solisti italiani e stranieri &#8211; dicono gli organizzatori &#8211; abbiamo avuto organici diversi, proposte inconsuete come la sonorizzazione di un film muto e soprattutto la riproposizione del notevole organo dell&#8217;Abbazia di Santa Croce a Bosco Marengo, alla fine di un lunghissimo restauro che si \u00e8 protratto in varie fasi dilazionate nel tempo. Due ulteriori strumenti affronteranno presto le operazioni di ripristino e l&#8217;obiettivo sarebbe quello di farli riascoltare fra uno o due anni, una volta riportati alla perfetta efficienza. Dipender\u00e0 dalla situazione finanziaria che ci si prospetter\u00e0 il prossimo anno perch\u00e9 questa volta, grazie ad un&#8217;importante ed imprevista riduzione dei contributi, siamo a malapena riusciti ad onorare gli impegni presi.<\/p>\n<p>E&#8217; stato un grande conforto vedere come alcuni appassionati, a conoscenza della situazione, si siano prodigati con donazioni alla nostra Associazione nel tentativo di assicurare una continuit\u00e0 ai nostri concerti, li ringraziamo calorosamente e lo prendiamo come un segno concreto di gradimento ed un appello a non mollare. Confidiamo nella stessa sensibilit\u00e0 da parte degli Enti, senza i quali purtroppo cicli articolati ed impegnativi come il nostro sono inesorabilmente condannati a morte. Da parte nostra abbiamo comunque gi\u00e0 alcune richieste in sedi interessanti ed un progetto di visite guidate agli strumenti pi\u00f9 importanti ed alle chiese, a volte assai prestigiose, che li contengono&#8221;.<\/p>\n<p>PROGRAMMA<br \/>\nBERNARDO PASQUINI (1637-1710)<br \/>\nToccata in sol minore *<\/p>\n<p>ANTONIO VIVALDI (1678-1741)<br \/>\nNisi Dominus RV 609 **<\/p>\n<p>JOHANN SEBASTIAN BACH (1685-1750)<br \/>\nWer nur den lieben Gott l\u00e4sst walten BWV 691, BWV 690 *<br \/>\nBist du bei mir BWV 508 **<\/p>\n<p>DOMENICO ZIPOLI (1688-1726)<br \/>\nDue versetti<br \/>\nAll\u2019elevatione in fa *<\/p>\n<p>GEORG FRIEDRICH HAENDEL (1685-1759)<br \/>\nLascia ch\u2019io pianga (da Rinaldo HWV7)<br \/>\nOmbra mai fu (dal Serse) **<\/p>\n<p>WOLFGANG AMADEUS MOZART (1756-1791)<br \/>\nRondo in fa Magg. K 15hh<br \/>\nAllegro in fa KV 15a<br \/>\nRondo in re KV 15d (da London Sketchbook) *<\/p>\n<p>GIOVAN BATTISTA PERGOLESI (1710-1736)<br \/>\nVidit Suum (da Stabat Mater) **<\/p>\n<p>FRANCESCO DURANTE (1684-1755)<br \/>\nOverture per organo<\/p>\n<p>VINCENZO BELLINI (1801-1835)<br \/>\nSalve Regina **<\/p>\n<p>HUGO WOLF (1860-1903)<br \/>\nGebet **<\/p>\n<p>* Organo solo<br \/>\n** Voce ed organo<\/p>\n<p>Raffaella Mazzella,soprano, contemporaneamente al conseguimento del Diploma di pianoforte si \u00e8 dedicata allo studio del Canto lirico, sotto la guida dal soprano Marika Rizzo, diplomandosi con merito presso il Conservatorio S. Giacomantonio di Cosenza.<br \/>\nHa proseguito gli studi a Roma con il soprano iraniano Hagint Vartanian, per il repertorio d\u2019opera e con il mezzosoprano Gloria Banditelli ad Acquasparta per il repertorio cameristico, con particolare riferimento a quello liederistico in lingua tedesca e a quello francese.<br \/>\nHa seguito altres\u00ec i Corsi dell\u2019Accademia rossiniana di Pesaro, coordinati dal M\u00b0 Alberto Zedda.<br \/>\nSvolge attivit\u00e0 artistica, interpretando ruoli del repertorio antico (Clarice nel Gioco del quadriglio di A. Caldara), ruoli oratoriali (l\u2019Estate nelle Quattro stagioni di D. Scarlatti), ruoli del repertorio novecentesco (Rowan nel The little sweep di B. Britten), ruoli del repertorio sacro (Te Deum di Charpentier; Maria nelle Laudes Evagelii tratte dal Laudario di Cortona, revisione Bucchi) diretta da Jos\u00e8 Luis Basso, Ioseph Grima, Enrico Volpe.<br \/>\nDa anni si dedica a recital cameristici, effettuando anche prime esecuzioni assolute del compositore genovese Roberto Tagliamacco (Sakur\u00e0 e Taci, anima mia, su testo di Sbarbaro, per Soprano clarinetto e pianoforte a 4 mani) presso il GAM ed il Museo Luzzati di Genova.<br \/>\nHa partecipato, sempre a Genova, alle Giornate europee del Patrimonio, presso il Museo Chiossone e alle Manifestazioni per l\u2019Expo nel 2001, organizzate in Alessandria.<br \/>\nHa affrontato, altres\u00ec, i repertori cameristici per voce-chitarra e voce-arpa e ha collaborato, in ensemble, con la clarinettista Cheryl Growden Piana e con il duo pianistico Bucciarelli-Cuomo.<br \/>\nCon il pianista Lucio Cuomo forma un duo stabile, producendosi in numerose Liederabend; affronta, al tempo stesso, il repertorio sacro e profano per soprano e organo.<br \/>\nLa sua attivit\u00e0 musicale si \u00e8 concretizzata in Concerti in tutta Italia (Asti -Palazzo Ottolenghi, Palermo, Sorrento, Napoli, Salerno, Alessandria, Genova).<br \/>\n\u00c8 docente di Canto presso il Liceo musicale \u201cUmberto Eco\u201d di Alessandria.<\/p>\n<p>Daniela Scavio ha compiuto gli studi presso il Conservatorio \u00abAntonio Vivaldi\u00bb di Alessandria, conseguendo i diplomi in Pianoforte, Organo e Composizione Organistica, e la laurea di secondo livello in Organo Concertistico, sotto la guida di Letizia Romiti. Consegue inoltre il corso triennale di formazione in Musicoterapia, frequentando corsi pedagogici dedicati al trattamento dei disturbi specifici dell\u2019apprendimento (DSA) tramite le attivit\u00e0 musicali.<br \/>\nHa frequentato corsi di Didattica Musicale sul Metodo Orff e di Propedeutica e Direzione corale presso la Societ\u00e0 Italiana di Educazione Musicale.<br \/>\nHa studiato clavicembalo con Andrea Coen e Francesca Lanfranco ed ha seguito corsi di perfezionamento in vari ambiti, con Giovanni Acciai, Luigi Ferdinando Tagliavini, Gustav Leohnardt, Bob Van Asperen, Christopher Kent.<br \/>\nViene invitata ad esibirsi in varie rassegne concertistiche, quali \u00abStagione Internazionale di concerti sugli organi storici della provincia di Alessandria\u201d,\u00abScatola Sonora\u00bb,\u00abLa Musica e il Sacro\u00bb, \u00abFestival Internazionale d\u2019Organo\u00bb di Aosta, \u00abMozart Nacht und Tag\u00bb, \u00abOrganalia\u00bb di Torino, \u00abFestival Organistico Internazionale\u00bb di Rapallo,\u00abAntichi Organi \u00bb Piacenza.<br \/>\n\u00c8 autrice di musiche originali per documentari naturalistici e storici promossi dalle Regioni Piemonte e Liguria.<br \/>\nHa partecipato in qualit\u00e0 di assistente di produzione e di organista aggiunto alla produzione discografica Opere Sacre del compositore Pellegrino Santucci (TC.921980 \u2013 Ed. Tactus, Bologna, 2017).<br \/>\nHa partecipato al progetto \u201cVivaldi93\u201d ideato da Mono Guitar di Roma dando il proprio contributo suonando la parte solistica del concerto per liuto, due violini e basso continuo di Antonio Vivaldi RV 93 partecipando insieme ad altri 30 artisti di tutto il mondo.<br \/>\nHa insegnato organo al \u201ccorso per adulti\u201d presso il Conservatorio A. Vivaldi di Alessandria e pianoforte presso Istituti comprensivi ad indirizzo musicale e Licei musicali.<br \/>\nE\u2019 pianista accompagnatore per la danza presso Liceo coreutico \u201cUmberto Eco\u201d di Alessandria.<\/p>\n","protected":false},"excerpt":{"rendered":"<p>Concerto di Raffaella Mazzella e Daniela Scavio &#8211; 19 ottobre 2025 Domenica 19 ottobre 2025 ore 15.30 CASTELLAZZO BORMIDA, chiesa di San Carlo RAFFAELLA MAZZELLA, soprano DANIELA SCAVIO, organo Domenica &hellip; <a href=\"https:\/\/www.amicidellorgano.org\/index.php\/2025\/10\/16\/concerto-di-raffaella-mazzella-e-daniela-scavio-19-ottobre-2025\/\" class=\"more-link\">Continua la lettura di <span class=\"screen-reader-text\">Concerto di Raffaella Mazzella e Daniela Scavio &#8211; 19 ottobre 2025<\/span> <span class=\"meta-nav\">&rarr;<\/span><\/a><\/p>\n","protected":false},"author":1,"featured_media":0,"comment_status":"closed","ping_status":"closed","sticky":false,"template":"","format":"standard","meta":{"footnotes":""},"categories":[291],"tags":[308,292,76,307],"class_list":["post-2390","post","type-post","status-publish","format-standard","hentry","category-concerti-2025","tag-castellazzo","tag-concerti2025","tag-daniela-scavio","tag-raffaella-mazzella"],"_links":{"self":[{"href":"https:\/\/www.amicidellorgano.org\/index.php\/wp-json\/wp\/v2\/posts\/2390"}],"collection":[{"href":"https:\/\/www.amicidellorgano.org\/index.php\/wp-json\/wp\/v2\/posts"}],"about":[{"href":"https:\/\/www.amicidellorgano.org\/index.php\/wp-json\/wp\/v2\/types\/post"}],"author":[{"embeddable":true,"href":"https:\/\/www.amicidellorgano.org\/index.php\/wp-json\/wp\/v2\/users\/1"}],"replies":[{"embeddable":true,"href":"https:\/\/www.amicidellorgano.org\/index.php\/wp-json\/wp\/v2\/comments?post=2390"}],"version-history":[{"count":3,"href":"https:\/\/www.amicidellorgano.org\/index.php\/wp-json\/wp\/v2\/posts\/2390\/revisions"}],"predecessor-version":[{"id":2393,"href":"https:\/\/www.amicidellorgano.org\/index.php\/wp-json\/wp\/v2\/posts\/2390\/revisions\/2393"}],"wp:attachment":[{"href":"https:\/\/www.amicidellorgano.org\/index.php\/wp-json\/wp\/v2\/media?parent=2390"}],"wp:term":[{"taxonomy":"category","embeddable":true,"href":"https:\/\/www.amicidellorgano.org\/index.php\/wp-json\/wp\/v2\/categories?post=2390"},{"taxonomy":"post_tag","embeddable":true,"href":"https:\/\/www.amicidellorgano.org\/index.php\/wp-json\/wp\/v2\/tags?post=2390"}],"curies":[{"name":"wp","href":"https:\/\/api.w.org\/{rel}","templated":true}]}}