{"id":2308,"date":"2025-09-03T09:28:59","date_gmt":"2025-09-03T07:28:59","guid":{"rendered":"https:\/\/www.amicidellorgano.org\/?p=2308"},"modified":"2025-09-03T09:32:41","modified_gmt":"2025-09-03T07:32:41","slug":"concerto-di-montserrat-torrent-serra-6-settembre-2025","status":"publish","type":"post","link":"https:\/\/www.amicidellorgano.org\/index.php\/2025\/09\/03\/concerto-di-montserrat-torrent-serra-6-settembre-2025\/","title":{"rendered":"Concerto di Montserrat Torrent Serra &#8211; 6 settembre 2025"},"content":{"rendered":"<p><strong>Concerto di Montserrat Torrent Serra &#8211; 6 settembre 2025<\/strong><\/p>\n<p><img loading=\"lazy\" decoding=\"async\" class=\"aligncenter wp-image-2306 size-large\" src=\"http:\/\/www.amicidellorgano.org\/wp-content\/uploads\/concerti2025\/foto-Montserrat-Torrent-2-1024x768.jpg\" alt=\"Concerto di Montserrat Torrent Serra - 6 settembre 2025\" width=\"474\" height=\"356\" \/><\/p>\n<p><strong>Sabato 6 settembre 2025 ore 18.30<\/strong><br \/>\n<strong>VIGUZZOLO, chiesa parrocchiale<\/strong><br \/>\n<strong>MONTSERRAT TORRENT SERRA, organo (Spagna)<\/strong><\/p>\n<p>Sabato 6 settembre alle ore 18.30 ( il concerto viene posticipato di un&#8217;ora rispetto a quanto precedentemente annunciato a causa di una imprevista concomitanza) nella chiesa parrocchiale di Viguzzolo sar\u00e0 per la prima volta ospite della Stagione di concerti sugli organi storici della provincia di Alessandria la leggendaria organista spagnola MONTSERRAT TORRENT SERRA, famosissima a livello mondiale per il numero di concerti (pi\u00f9 di 1700), delle incisioni discografiche, dei prestigiosi riconoscimenti ottenuti ed anche per i suoi novantanove anni cos\u00ec ben portati, che le consentono ancora di viaggiare, suonare ed insegnare (<a href=\"https:\/\/montserrattorrent.org\">https:\/\/montserrattorrent.org<\/a>).<br \/>\nMa soprattutto, al pari di figure di uguale grandezza e generazione, quali Luigi Ferdinando Tagliavini e Gustav Leonhardt, Montserrat si prodig\u00f2 fin da giovanissima per far conoscere il suggestivo repertorio della musica antica della propria terra ad un mondo di appassionati come di accademici che di questo non conosceva quasi nulla.<br \/>\nPer lo meno in Italia i programmi di studio nei Conservatori di Stato di musica antica non prevedevano un bel niente di brani antichi, a parte le maggiori opere di Bach e pochi brani dei &#8220;Fiori Musicali&#8221; di Frescobaldi, tra l&#8217;altro in una inopportuna trascrizione che imponeva arbitrariamente l&#8217;uso massiccio del pedale.<br \/>\nMolti fra i giovani che negli anni Settanta si diplomavano in Organo negli anni Settanta non avevano mai sentito nominare autori come Francisco Correa de Arauxo e Pablo Bruna, oggi normalmente presenti ed anche richiesti nei programmi da concerto.<br \/>\nUna grande organista ma anche una grande pioniera, cui la cultura musicale e la conoscenza del repertorio rinascimentale e barocco per strumenti da tasto deve un contributo decisivo, considerando che inizi\u00f2 la propria missione musicale abbastanza &#8220;in salita&#8221; rispetto agli altri grandi Maestri del tempo, perch\u00e9 donna e perch\u00e9 animata da spirito filologico nelle proprie esecuzioni.<br \/>\nHa insegnato la musica spagnola a tutto il mondo ed ha avuto numerosissimi allievi di ogni nazionalit\u00e0, anche molti italiani, che oggi sono affermati concertisti.<br \/>\nA Viguzzolo eseguir\u00e0 un programma di autori spagnoli e portoghesi intercalato a brani fiamminghi ed italiani, per meglio far risaltare le caratteristiche timbriche del pregevole organo &#8220;Serassi&#8221; del 1817. Di particolare interesse l&#8217;inclusione di un brano del genovese Giovanni Battista della Gostena, autore che ben difficilmente si sente nel corso dei concerti d&#8217;organo.<\/p>\n<p>Programma<br \/>\nSEBASTIAN AGUILERA DE HEREDIA (1561-1627)<br \/>\nObra de 1\u00ba tono (Salve Regina)<\/p>\n<p>MANUEL RODRIGUES COELHO (c. 1555-1635)<br \/>\nTento de 4\u00ba tom<\/p>\n<p>GIOVANNI BATTISTA DALLA GOSTENA (c. 1540-1593)<br \/>\nSusane un jour. Canzone francese a Cinque di Orlando Lasso<br \/>\nintavolata dal Gostena<\/p>\n<p>JAN PIETERSZOON SWEELINCK (1562-1621)<br \/>\nFantasia n. 8<\/p>\n<p>FRANCISCO CORREA DE ARAUXO (1584-1654)<br \/>\nLII. Tiento de registro entero de primero tono<br \/>\nXXXVI. Tiento de medio registro de tiple de decimo tono<\/p>\n<p>GIROLAMO FRESCOBALDI (1583-1643)<br \/>\nPartite sopra Follia<\/p>\n<p>PABLO BRUNA (1611-1679)<br \/>\nTiento de falsas<br \/>\nTiento partido de mano izquierda<\/p>\n<p>AN\u00d3NIMO sec. XVI<br \/>\nDiferencias sobre la gaita<\/p>\n<p><strong>E cosa penseranno gli anziani?<br \/>\n<\/strong>Torniamo da dove veniamo, da un luogo dove non \u00e8 accaduto, dove quello che abbiamo imparato non \u00e8 utile.<br \/>\nInvecchiamo e ogni volta\u00a0il resto della vita \u00e8 pi\u00f9 breve.<br \/>\nGli anni passano e la vita prende forma, e al tuo fianco, strutturando la tua volont\u00e0, la musica \u00e8 pronta a complimentarti.<br \/>\nNon mi ha mai lasciato e mi ha sempre accontentato.<br \/>\nMantengo viva l&#8217;illusione perch\u00e9 credo in ci\u00f2 che faccio.<br \/>\nSto cercando invece di ricordare, perch\u00e9 sta cominciando a volerci abbastanza tempo per qualsiasi cosa.<br \/>\nLa mia memoria \u00e8 iperattiva, ma inaffidabile.<br \/>\nHo una collezione di ricordi che scivolano nella pura invenzione. Dobbiamo farli parlare di noi, dobbiamo essere visibili e ascoltare per ora le nostre voci.<br \/>\nContinuo a studiare ed a eseguire perch\u00e9 vivere a met\u00e0 mi lascia pi\u00f9 a secco che perdere tutto.<br \/>\nLa vita mi spinge a provare nuove sensazioni.<br \/>\nSono sul diritto finale, ma sono ancora molto curiosa, nonostante il motore si stia rompendo.<br \/>\nLa stanchezza, i disagi&#8230; difendono la vecchiaia, non state abbastanza bene, ma io voglio fare concerti e continuare il mio rapporto con la musica, quanti ne volete.<br \/>\nLa musica non va insegnata, va vissuta.<br \/>\nUna volta che l&#8217;hai vissuta, puoi passare a scriverla e capire che suono ha.<br \/>\nLa musica \u00e8 lo strumento per aumentare la consapevolezza e il divertimento.<br \/>\nDevi pensarci con la testa e sentirla con il cuore, \u00e8 emozione e ricordo. la vita \u00e8 amare ed essere amati.<br \/>\nMontserrat Torrent.<\/p>\n<p>Montserrat Torrent Serra, nata a Barcellona, sesta di sette fratelli, ha iniziato gli studi di pianoforte con la madre \u00c1ngela Serra, allieva di Enric Granados, all&#8217;et\u00e0 di cinque anni. \u00c8 stata iscritta all&#8217;Accademia Marshall di Barcellona. All&#8217;et\u00e0 di sette anni ha dato il suo primo concerto a Radio Barcelona.<br \/>\nMentre prepara un concerto con un&#8217;orchestra, scoppia la guerra civile spagnola e lei \u00e8 costretta ad interrompere gli studi. Dopo la fine della guerra, la famiglia torn\u00f2 a Barcellona e riprese gli studi, che si conclusero con il conseguimento del Diploma Superiore in Pianoforte, sotto la direzione di Blai Net e Carlos Pellicer. La vocazione per l&#8217;organo \u00e8 apparsa a Santa Coloma de Farners, Girona, inizialmente con l&#8217;intenzione di collaborare accompagnando i canti del coro parrocchiale, con una certa riluttanza da parte dell&#8217;organista che non poteva vedere bene i pianisti.<br \/>\nMa fu una fuga di J.S.Bach interpretata dal Dr. Jubany, nominato poi vescovo di Barcellona, che le fece decidere di iscriversi al Conservatorio Comunale di Barcellona, studiando organo con il maestro Paul Franck. Aveva trovato lo strumento che davvero le portava la pace e l&#8217;oblio di tutto ci\u00f2 che la circondava. L&#8217;organo, strumento dapprima proibito, e tante volte goduto nel Palazzo Nazionale di Montju\u00efc con i concerti di Sunyer Sintes, nelle chiese, sempre misterioso, affascinante e lontano, era diventato uno strumento nell&#8217;ambito della sua volont\u00e0, devozione e sforzo. La sua vita cambia, aveva trovato l&#8217;ideale per cui non risparmiava sforzi.<br \/>\nNel suo primo concerto d&#8217;organo qualcuno profetizz\u00f2 che era avvenuto un cambiamento nel modo di ascoltare l&#8217;organo e che si aprivano nuove prospettive per una letteratura gravemente danneggiata da interpretazioni distorte.<br \/>\nSuccessivamente ha ampliato la sua formazione con borse di studio dell&#8217;Istituto Francese di Parigi con No\u00eblie Pierront e della Fondazione Juan March di Siena con Ferdinando Germani e Helmut Rilling. Affascinata dalla musica iberica, studi\u00f2 con Santiago Kastner a Lisbona e Madrid, con Luigi Ferdinando Tagliavini a Bologna e con P. Gregori Estrada del Monastero di Montserrat.<br \/>\n\u00c8 stata nominata, per concorso, docente di organo presso il Conservatorio Superior Municipal de M\u00fasica de Barcelona, dove ha sviluppato la sua pedagogia dal 1958 al 1991. Da questa nomina ha iniziato la sua attivit\u00e0 concertistica. Ha scritto articoli sulla pedagogia organistica pubblicati su riviste musicali spagnole, italiane e inglesi. Ha svolto attivit\u00e0 di ricerca insieme alla musicologa Maria Ester Sala lavorando, tra gli altri, sul recupero di partiture inedite.<br \/>\nHa inciso un&#8217;ampia discografia, con edizioni sia nazionali che internazionali, con organi storici. Il disco di Joan B. Cabanilles, registrato all&#8217;organo Daroca, ha vinto il Grand Prix du Disque dell&#8217;Academia Charles Cross de Paris.<br \/>\nDiffonde il repertorio della musica antica iberica in corsi internazionali ed in numerose masterclass sulla letteratura dell&#8217;organo antico iberico. Ha fatto parte di giurie di concorsi organistici. Da molti anni si esibisce frequentemente con l&#8217;Orchestra Nazionale di Spagna e con l&#8217;Orchestra della Citt\u00e0 di Barcellona e della Catalogna.<\/p>\n","protected":false},"excerpt":{"rendered":"<p>Concerto di Montserrat Torrent Serra &#8211; 6 settembre 2025 Sabato 6 settembre 2025 ore 18.30 VIGUZZOLO, chiesa parrocchiale MONTSERRAT TORRENT SERRA, organo (Spagna) Sabato 6 settembre alle ore 18.30 ( &hellip; <a href=\"https:\/\/www.amicidellorgano.org\/index.php\/2025\/09\/03\/concerto-di-montserrat-torrent-serra-6-settembre-2025\/\" class=\"more-link\">Continua la lettura di <span class=\"screen-reader-text\">Concerto di Montserrat Torrent Serra &#8211; 6 settembre 2025<\/span> <span class=\"meta-nav\">&rarr;<\/span><\/a><\/p>\n","protected":false},"author":1,"featured_media":0,"comment_status":"closed","ping_status":"closed","sticky":false,"template":"","format":"standard","meta":{"footnotes":""},"categories":[291],"tags":[292,301,124],"class_list":["post-2308","post","type-post","status-publish","format-standard","hentry","category-concerti-2025","tag-concerti2025","tag-montserrat-torrent-serra","tag-viguzzolo"],"_links":{"self":[{"href":"https:\/\/www.amicidellorgano.org\/index.php\/wp-json\/wp\/v2\/posts\/2308"}],"collection":[{"href":"https:\/\/www.amicidellorgano.org\/index.php\/wp-json\/wp\/v2\/posts"}],"about":[{"href":"https:\/\/www.amicidellorgano.org\/index.php\/wp-json\/wp\/v2\/types\/post"}],"author":[{"embeddable":true,"href":"https:\/\/www.amicidellorgano.org\/index.php\/wp-json\/wp\/v2\/users\/1"}],"replies":[{"embeddable":true,"href":"https:\/\/www.amicidellorgano.org\/index.php\/wp-json\/wp\/v2\/comments?post=2308"}],"version-history":[{"count":4,"href":"https:\/\/www.amicidellorgano.org\/index.php\/wp-json\/wp\/v2\/posts\/2308\/revisions"}],"predecessor-version":[{"id":2312,"href":"https:\/\/www.amicidellorgano.org\/index.php\/wp-json\/wp\/v2\/posts\/2308\/revisions\/2312"}],"wp:attachment":[{"href":"https:\/\/www.amicidellorgano.org\/index.php\/wp-json\/wp\/v2\/media?parent=2308"}],"wp:term":[{"taxonomy":"category","embeddable":true,"href":"https:\/\/www.amicidellorgano.org\/index.php\/wp-json\/wp\/v2\/categories?post=2308"},{"taxonomy":"post_tag","embeddable":true,"href":"https:\/\/www.amicidellorgano.org\/index.php\/wp-json\/wp\/v2\/tags?post=2308"}],"curies":[{"name":"wp","href":"https:\/\/api.w.org\/{rel}","templated":true}]}}