{"id":2273,"date":"2025-08-02T00:05:13","date_gmt":"2025-08-01T22:05:13","guid":{"rendered":"https:\/\/www.amicidellorgano.org\/?p=2273"},"modified":"2025-08-01T14:11:10","modified_gmt":"2025-08-01T12:11:10","slug":"concerto-di-johannes-skudlik-3-agosto-2025","status":"publish","type":"post","link":"https:\/\/www.amicidellorgano.org\/index.php\/2025\/08\/02\/concerto-di-johannes-skudlik-3-agosto-2025\/","title":{"rendered":"Concerto di Johannes Skudlik &#8211; 3 agosto 2025"},"content":{"rendered":"<p><strong>Concerto di Johannes Skudlik &#8211; 3 agosto 2025<\/strong><\/p>\n<p><img loading=\"lazy\" decoding=\"async\" class=\"aligncenter wp-image-2270 size-large\" src=\"http:\/\/www.amicidellorgano.org\/wp-content\/uploads\/concerti2025\/Johannes-Skudlik-1024x576.jpg\" alt=\"Concerto di Johannes Skudlik - 3 agosto 2025\" width=\"474\" height=\"267\" \/><\/p>\n<p><strong>Domenica 3 agosto 2025 ore 17<\/strong><br \/>\n<strong>OTTIGLIO, chiesa parrocchiale<\/strong><br \/>\n<strong>JOHANNES SKUDLIK, organo (Germania)<\/strong><\/p>\n<p><strong>Programma<br \/>\n<\/strong>JOHANN SEBASTIAN BACH (1685-1750)<br \/>\nFantasie und Fuge a-moll BWV 561<\/p>\n<p>JOSEPH HAYDN (1732-1809)<br \/>\n4 Fl\u00f6tenuhrst\u00fccke<br \/>\n(Andante, Presto, Allegro, Marche)<\/p>\n<p>JOHANN KASPAR KERLL (1627-1693)<br \/>\nPassacaglia d-moll<\/p>\n<p>CARL PHILIPP EMANUEL BACH (1714-1788)<br \/>\nSonate a-moll Wq 70,4<\/p>\n<p>JOHANN SEBASTIAN BACH (1685-1750)<br \/>\nConcerto Italiano BWV 971<br \/>\n(Allegro, Andante, Presto)<\/p>\n<p><strong>JOHANNES SKUDLIK<\/strong><br \/>\n\u00c8 un direttore d&#8217;orchestra internazionale.<br \/>\nNato a Monaco di Baviera e cresciuto a Barcel<br \/>\nlona ha diretto importanti orchestre sinfoniche (tra cui l&#8217;Orchestra of the Age of Enlightenment di Londra, la Sinfonica di Praga, l&#8217;Orchestra Sinfonica degli Urali, l&#8217;Orchestra Sinfonica Nazionale dell&#8217;Ucraina, l&#8217;Orchestra della Radio di Monaco di Baviera, membri della Filarmonica di Berlino e dell&#8217;Orchestra Sinfonica della Radio Bavarese) e ha diretto in importanti sale da concerto come la Philharmonie di Berlino e l&#8217;Elbphilharmonie di Amburgo, Shanghai Cultural Square, a Parigi, Mosca, San Pietroburgo, Neuschwanstein, al Teatro La Fenice di Venezia e, pi\u00f9 recentemente, alla Sagrada Familia di Barcellona.<br \/>\nLe sinfonie di Mahler e Bruckner, Tschaikowski e Berlioz (ad esempio la Sinfonia alpina di Strauss), cos\u00ec come quelle del periodo classico viennese e le sinfonie corali, costituiscono il repertorio principale di Skudlik. Dal 2016, Johannes Skudlik \u00e8 direttore ospite principale dell&#8217;orchestra Symphony Prague.<br \/>\nTiene regolarmente corsi di perfezionamento presso importanti istituzioni didattiche come l&#8217;Istituto Gnessin di Mosca, il Conservatorio Rimsky Korsakov di San Pietroburgo, l\u2019Universit\u00e0 di Wuhan Cina, Valencia Conservatorio superior nonch\u00e9 in Sardegna e in Sicilia.<br \/>\nCome organista da concerto, Skudlik ha suonato organi famosi in Europa, America ed Estremo Oriente (tra cui Notre Dame Paris, Hongkong Concert Hall, Frauenkirche Dresden, Cattedrale di Colonia, Suntory Hall e Opera City Tokyo, Universit\u00e0 di Harvard, Sinagoga di New York, Cattedrale di Vienna, Cattedrale di Westminster). Pi\u00f9 di 30 CD e produzioni radiofoniche e televisive per ARTE, BR, RAI 3 documentano il suo lavoro.<br \/>\nJohannes Skudlik \u00e8 il fondatore e direttore artistico del &#8220;Bayerischer Orgelsommer&#8221; e dell&#8217; \u201cEuro Via Festival&#8221;, che concepisce e realizza progetti transfrontalieri in 10 nazioni. Dopo il suo debutto nel Teatro La Fenice a Venezia nel 2023 \u00e8 stato nominato direttore concertatore per una tourn\u00e9e in 16 citt\u00e0 della Cina.<\/p>\n","protected":false},"excerpt":{"rendered":"<p>Concerto di Johannes Skudlik &#8211; 3 agosto 2025 Domenica 3 agosto 2025 ore 17 OTTIGLIO, chiesa parrocchiale JOHANNES SKUDLIK, organo (Germania) Programma JOHANN SEBASTIAN BACH (1685-1750) Fantasie und Fuge a-moll &hellip; <a href=\"https:\/\/www.amicidellorgano.org\/index.php\/2025\/08\/02\/concerto-di-johannes-skudlik-3-agosto-2025\/\" class=\"more-link\">Continua la lettura di <span class=\"screen-reader-text\">Concerto di Johannes Skudlik &#8211; 3 agosto 2025<\/span> <span class=\"meta-nav\">&rarr;<\/span><\/a><\/p>\n","protected":false},"author":1,"featured_media":0,"comment_status":"closed","ping_status":"closed","sticky":false,"template":"","format":"standard","meta":{"footnotes":""},"categories":[291],"tags":[292,109,274],"class_list":["post-2273","post","type-post","status-publish","format-standard","hentry","category-concerti-2025","tag-concerti2025","tag-johannes-skudlik","tag-ottiglio"],"_links":{"self":[{"href":"https:\/\/www.amicidellorgano.org\/index.php\/wp-json\/wp\/v2\/posts\/2273"}],"collection":[{"href":"https:\/\/www.amicidellorgano.org\/index.php\/wp-json\/wp\/v2\/posts"}],"about":[{"href":"https:\/\/www.amicidellorgano.org\/index.php\/wp-json\/wp\/v2\/types\/post"}],"author":[{"embeddable":true,"href":"https:\/\/www.amicidellorgano.org\/index.php\/wp-json\/wp\/v2\/users\/1"}],"replies":[{"embeddable":true,"href":"https:\/\/www.amicidellorgano.org\/index.php\/wp-json\/wp\/v2\/comments?post=2273"}],"version-history":[{"count":1,"href":"https:\/\/www.amicidellorgano.org\/index.php\/wp-json\/wp\/v2\/posts\/2273\/revisions"}],"predecessor-version":[{"id":2274,"href":"https:\/\/www.amicidellorgano.org\/index.php\/wp-json\/wp\/v2\/posts\/2273\/revisions\/2274"}],"wp:attachment":[{"href":"https:\/\/www.amicidellorgano.org\/index.php\/wp-json\/wp\/v2\/media?parent=2273"}],"wp:term":[{"taxonomy":"category","embeddable":true,"href":"https:\/\/www.amicidellorgano.org\/index.php\/wp-json\/wp\/v2\/categories?post=2273"},{"taxonomy":"post_tag","embeddable":true,"href":"https:\/\/www.amicidellorgano.org\/index.php\/wp-json\/wp\/v2\/tags?post=2273"}],"curies":[{"name":"wp","href":"https:\/\/api.w.org\/{rel}","templated":true}]}}