{"id":2220,"date":"2025-06-09T10:49:56","date_gmt":"2025-06-09T08:49:56","guid":{"rendered":"https:\/\/www.amicidellorgano.org\/?p=2220"},"modified":"2025-06-12T12:30:44","modified_gmt":"2025-06-12T10:30:44","slug":"la-musica-e-il-sacro-2025-conclusione","status":"publish","type":"post","link":"https:\/\/www.amicidellorgano.org\/index.php\/2025\/06\/09\/la-musica-e-il-sacro-2025-conclusione\/","title":{"rendered":"La Musica e il sacro 2025 &#8211; conclusione"},"content":{"rendered":"<p><strong>La Musica e il sacro 2025 &#8211; conclusione<br \/>\n<\/strong><\/p>\n<p><img loading=\"lazy\" decoding=\"async\" class=\"aligncenter size-full wp-image-2224\" src=\"http:\/\/www.amicidellorgano.org\/wp-content\/uploads\/messecumorgano2025\/foto-Romiti-Cornwall.jpg\" alt=\"\" width=\"480\" height=\"640\" \/><\/p>\n<div dir=\"ltr\">\n<div dir=\"auto\">\n<p>La breve Rassegna &#8220;La Musica e il Sacro&#8221;, iniziata lo scorso marzo, si concludera&#8217; con le ultime Messe e con tre Vespri &#8221; cum Organo&#8221; che toccheranno diverse localit\u00e0, anche al di fuori dei confini della provincia di Alessandria.<\/p>\n<div dir=\"auto\">Al Santuario Madonna della Guardia di Tortona domenica 15 giugno alle ore 17 si potr\u00e0 ascoltare un originale duo organistico formato da Daniela Scavio e da Daniele Guidobono, i quali nel corso della liturgia faranno ascoltare musiche di Hesse e di Pozzoli, mentre sabato 21 giugno alle 18, nella Basilica della Maddalena a Novi Ligure, Giusy Polito al flauto e di nuovo Daniela Scavio all&#8217; organo si produrranno in brani di Benedetto Marcello e di Vivaldi.<\/div>\n<div dir=\"auto\"><\/div>\n<div dir=\"auto\">I Vespri, legati a differenti ricorrenze religiose, si svolgeranno a Rivanazzano (PV) il 15 giugno alle 18 con Letizia Romiti all&#8217; organo anonimo tardo-rinascimentale, a Crevoladossola (VB) Frazione Fabbrica il 28 giugno alle 20.30 nell&#8217; Oratorio dell&#8217; Addolorata,\u00a0 infine a Castelnuovo Scrivia il 29 giugno nella chiesa Parrocchiale, con Andrea Verrando che in entrambe le occasioni sostituir\u00e0 la Scavio , impossibilitata a suonare per cause di forza maggiore.<\/div>\n<div dir=\"auto\"><\/div>\n<div dir=\"auto\">In programma brani di A. Gabrieli, Frescobaldi, Zipoli, D. Puccini ed altri all&#8217; Oratorio della Trinit\u00e0 di Rivanazzano, in occasione appunto della festa della Trinit\u00e0, mentre a Crevoladossola ed a Castelnuovo l&#8217; evento organistico \u00e8 compreso nei tradizionali festeggiamenti per San Pietro; il maestro Verrando, organista titolare della cattedrale di Ventimiglia ed allievo del biennio superiore di Organo presso il Conservatorio di Alessandria, proporr\u00e0 un programma pi\u00f9 vario con autori italiani, tedeschi e francesi in omaggio alle caratteristiche dei due strumenti, un &#8220;Franzetti&#8221; del XIX secolo a Crevoladossola ed il monumentale &#8220;Vitani &#8211; Amati&#8221; a Castelnuovo.<\/div>\n<div dir=\"auto\"><\/div>\n<div dir=\"auto\">Gli Amici dell&#8217; Organo di Alessandria ringraziano sentitamente ancora una volta tutti gli Enti sostenitori e patrocinatori che hanno permesso la realizzazione di questa tradizionale manifestazione nata per gli allievi del Conservatorio cittadino, in particolare la Fondazione Cassa di Risparmio di Alessandria da sempre sensibile alle iniziative che divulgano e valorizzano il vasto repertorio organistico.<\/div>\n<\/div>\n<\/div>\n<div dir=\"auto\"><a href=\"http:\/\/www.amicidellorgano.org\/wp-content\/uploads\/messecumorgano2025\/programma-Vespro-di-Rivanazzano.pdf\">programma Vespro di Rivanazzano<\/a><\/div>\n<div dir=\"auto\"><a href=\"http:\/\/www.amicidellorgano.org\/wp-content\/uploads\/messecumorgano2025\/programma-Verrando-Crevoladossola-2025.pdf\">programma Verrando Crevoladossola 2025<\/a><\/div>\n<div dir=\"auto\"><a href=\"http:\/\/www.amicidellorgano.org\/wp-content\/uploads\/messecumorgano2025\/programma-Verrando-Castelnuovo-Scrivia-2025.pdf\">programma Verrando Castelnuovo Scrivia 2025<\/a><\/div>\n","protected":false},"excerpt":{"rendered":"<p>La Musica e il sacro 2025 &#8211; conclusione La breve Rassegna &#8220;La Musica e il Sacro&#8221;, iniziata lo scorso marzo, si concludera&#8217; con le ultime Messe e con tre Vespri &hellip; <a href=\"https:\/\/www.amicidellorgano.org\/index.php\/2025\/06\/09\/la-musica-e-il-sacro-2025-conclusione\/\" class=\"more-link\">Continua la lettura di <span class=\"screen-reader-text\">La Musica e il sacro 2025 &#8211; conclusione<\/span> <span class=\"meta-nav\">&rarr;<\/span><\/a><\/p>\n","protected":false},"author":1,"featured_media":0,"comment_status":"closed","ping_status":"closed","sticky":false,"template":"","format":"standard","meta":{"footnotes":""},"categories":[65,289,13],"tags":[66,290],"class_list":["post-2220","post","type-post","status-publish","format-standard","hentry","category-musica-e-sacro","category-musica-e-sacro-2025","category-news","tag-musica-e-sacro","tag-musica-e-sacro-2025"],"_links":{"self":[{"href":"https:\/\/www.amicidellorgano.org\/index.php\/wp-json\/wp\/v2\/posts\/2220"}],"collection":[{"href":"https:\/\/www.amicidellorgano.org\/index.php\/wp-json\/wp\/v2\/posts"}],"about":[{"href":"https:\/\/www.amicidellorgano.org\/index.php\/wp-json\/wp\/v2\/types\/post"}],"author":[{"embeddable":true,"href":"https:\/\/www.amicidellorgano.org\/index.php\/wp-json\/wp\/v2\/users\/1"}],"replies":[{"embeddable":true,"href":"https:\/\/www.amicidellorgano.org\/index.php\/wp-json\/wp\/v2\/comments?post=2220"}],"version-history":[{"count":4,"href":"https:\/\/www.amicidellorgano.org\/index.php\/wp-json\/wp\/v2\/posts\/2220\/revisions"}],"predecessor-version":[{"id":2232,"href":"https:\/\/www.amicidellorgano.org\/index.php\/wp-json\/wp\/v2\/posts\/2220\/revisions\/2232"}],"wp:attachment":[{"href":"https:\/\/www.amicidellorgano.org\/index.php\/wp-json\/wp\/v2\/media?parent=2220"}],"wp:term":[{"taxonomy":"category","embeddable":true,"href":"https:\/\/www.amicidellorgano.org\/index.php\/wp-json\/wp\/v2\/categories?post=2220"},{"taxonomy":"post_tag","embeddable":true,"href":"https:\/\/www.amicidellorgano.org\/index.php\/wp-json\/wp\/v2\/tags?post=2220"}],"curies":[{"name":"wp","href":"https:\/\/api.w.org\/{rel}","templated":true}]}}