{"id":2203,"date":"2024-09-15T00:05:54","date_gmt":"2024-09-14T22:05:54","guid":{"rendered":"https:\/\/www.amicidellorgano.org\/?p=2203"},"modified":"2024-09-11T17:45:13","modified_gmt":"2024-09-11T15:45:13","slug":"concerto-roberta-tribocco-manuele-barale-15-settembre-2024","status":"publish","type":"post","link":"https:\/\/www.amicidellorgano.org\/index.php\/2024\/09\/15\/concerto-roberta-tribocco-manuele-barale-15-settembre-2024\/","title":{"rendered":"Concerto Roberta Tribocco, Manuele Barale &#8211; 15 settembre 2024"},"content":{"rendered":"<p><strong>Concerto Roberta Tribocco, Manuele Barale &#8211; 15 settembre 2024<\/strong><\/p>\n<p><img loading=\"lazy\" decoding=\"async\" class=\"aligncenter wp-image-2200 size-full\" src=\"http:\/\/www.amicidellorgano.org\/wp-content\/uploads\/concerti2024\/foto-Barale-2024.jpg\" alt=\"Concerto Roberta Tribocco, Manuele Barale - 15 settembre 2024\" width=\"720\" height=\"960\" \/> <img loading=\"lazy\" decoding=\"async\" class=\"aligncenter wp-image-2199 size-full\" src=\"http:\/\/www.amicidellorgano.org\/wp-content\/uploads\/concerti2024\/foto-Tribocco.jpg\" alt=\"Concerto Roberta Tribocco, Manuele Barale - 15 settembre 2024\" width=\"414\" height=\"515\" \/><\/p>\n<p>Domenica 15 settembre 2024 ore 18<br \/>\nOVADA, Oratorio dell&#8217;Annunziata<br \/>\nROBERTA TRIBOCCO, flauto traverso<br \/>\nMANUELE BARALE, organo<\/p>\n<p>Chiusura domenica 15 settembre ore 18 nell&#8217; Oratorio dell&#8217;Annunziata di OVADA, dove per inciso lo stesso Caneva presta servizio come organista.<br \/>\nIl duo composto da ROBERTA TRIBOCCO, flauto traverso, e MANUELE BARALE, organo, dar\u00e0 vita ad un programma quanto mai variegato che partendo dal Barocco di Haendel arriver\u00e0 fino ai nostri giorni con Enrico Pasini ed Hans Andr\u00e9 Stamm.<br \/>\nGli Amici dell&#8217;Organo ringraziano sentitamente gli Enti sostenitori, in particolar modo le Fondazioni CRT e CRAL, i Comuni e le Parrocchie ospitanti ed il numeroso pubblico che anche quest&#8217;anno ha dimostrato apprezzamento ed affetto per gli antichi strumenti presenti sul territorio, dando un caloroso arrivederci all&#8217;edizione 2026, invitando per\u00f2 tutti gli interessati a consultare periodicamente il sito dell&#8217;Associazione <a href=\"http:\/\/www.amicidellorgano.org\">www.amicidellorgano.org <\/a>oppure a lasciare la propria mail all&#8217;indirizzo di posta elettronica <a href=\"&#x6d;&#x61;&#x69;&#x6c;&#x74;&#x6f;&#x3a;&#x6c;&#x65;&#x74;&#x69;&#x7a;&#x69;&#x61;&#x2e;&#x72;&#x6f;&#x6d;&#x69;&#x74;&#x69;&#x40;&#x67;&#x6d;&#x61;&#x69;&#x6c;&#x2e;&#x63;&#x6f;&#x6d;\">&#x6c;&#101;t&#x69;&#122;i&#x61;&#x2e;&#114;&#x6f;&#x6d;&#105;t&#x69;&#64;g&#x6d;&#x61;&#105;&#x6c;&#x2e;&#99;o&#x6d;<\/a> per essere informati sul proseguimento delle attivit\u00e0 e sulle eventuali iniziative invernali.<\/p>\n<p><strong>Programma<br \/>\n<\/strong>GEORG FRIEDRICH HAENDEL (1685 &#8211; 1759)<br \/>\nSonate G Major HWV 363 for flute and continuo<\/p>\n<p>CHRISTOPH WILLIBALD GLUCK (1714 &#8211; 1787)<br \/>\nMelody from \u201cOrpheus\u201d for flute and organ<\/p>\n<p>CARLO FUMAGALLI (1822 &#8211; 1907)<br \/>\n\u201cVersetti per il Gloria op. 50 n\u00b03 (organo solo)<br \/>\n(da \u201cTraviata\u201d di G. Verdi, trascrizione organistica)<\/p>\n<p>JOHAN PETER EMILIUS HARTMANN (1805 &#8211; 1900)<br \/>\nPrelude for flute and organ<\/p>\n<p>FEDERICO BERTOCCHI (1824 &#8211; 1892)<br \/>\nElevazione (organo solo)<\/p>\n<p>SERGEJ RACHMANINOV (1873 &#8211; 1943)<br \/>\nVocalise for flute and organ<\/p>\n<p>ENRICO PASINI (1935 &#8211; 2022)<br \/>\nScherzo Fantasia in Do maggiore per flauto e organo<\/p>\n<p>PADRE DAVIDE DA BERGAMO (1791 &#8211; 1863)<br \/>\nSinfonia n\u00b07 (organo solo)<br \/>\n(dai \u201cQuindici pezzi di Musica\u201d)<\/p>\n<p>HANS ANDRE&#8217; STAMM (1958)<br \/>\nSpring Dance per flauto e organo<br \/>\nDomenica 15 settembre ore 18<\/p>\n<p>ROBERTA TRIBOCCO<br \/>\nAll\u2019eta\u2019 di 6 anni ha iniziato lo studio, seppur da autodidatta, del pianoforte ed ha accompagnato per diverso tempo, a partire dai 10 anni, le celebrazioni liturgiche della Parrocchia dei SS. Pietro e Paolo di Cereseto (AL), paese nat\u00eco.<br \/>\nA 10 anni ha iniziato lo studio di teoria e solfeggio e di flauto traverso sotto la guida del M\u00b0 Paolo Meda, concludendo a pieni voti il corso triennale per bande musicali finanziato dall\u2019Unione Europea. Successivamente ha frequentato i corsi di teoria e solfeggio e di flauto traverso presso l\u2019Istituto Musicale \u201cCarlo Soliva\u201d di Casale Monferrato, sotto la guida delle Prof.sse Piccone e Laura Rosa, proseguendo comunque l\u2019attivit\u00e0 di flautista presso bande musicali locali. Dopo una lunga pausa dedicata al lavoro ed alla famiglia, dal 2012 ha ripreso a frequentare (insieme ai due figli \u2010 iscritti ai corsi di percussioni e flauto traverso \u2010 ai quali ha trasmesso l\u2019immensa e profonda passione nonch\u00e8 l\u2019amore per la musica) l\u2019Istituto Musicale \u201cCarlo Soliva\u201d di Casale Monferrato, portando a termine gli studi di teoria e solfeggio sotto la guida del M\u00b0 Matteo Corda e conseguendo il diploma da privatista presso il Conservatorio \u201cGiuseppe Verdi\u201d di Torino nel giugno 2014, nonch\u00e9 contemporaneamente gli studi di pianoforte sempre sotto la guida del M\u00b0 Matteo Corda (diploma di pianoforte complementare conseguito nel luglio 2016), e di flauto traverso sotto la guida del M\u00b0 Giorgio Ratto (diploma di musica d\u2019insieme e di flauto traverso conseguiti nel giugno 2017 e nel luglio 2017), diplomi tutti conseguiti presso il Conservatorio \u201cG. Verdi\u201d di Torino. Vincitrice di tre borse di studio, consegnate dall\u2019Istituto Musicale \u201cSoliva\u201d in occasione dei Concerti di Natale degli anni 2014, 2016 e 2017, tenutisi presso il Teatro Municipale di Casale Monferrato, dove si \u00e8 esibita sia come solista (in un trio con flauto e pianoforte), che come flautista della Fourth Stream Orchestra di musica moderna, dell\u2019Ensemble Classico (diretto dal M\u00b0 Matteo Corda) e dell\u2019Ensemble Jazz (diretto dal M\u00b0 Claudio Bianzino), ha iniziato l\u2019insegnamento di teoria e solfeggio e flauto traverso, sia saltuariamente come sostituita del titolare di cattedra M\u00b0 Giorgio Ratto che permanentemente come insegnante titolare presso la sede distacca del Soliva \u201cHub\u201d in Moncalvo (AT). Ha partecipato, nella veste di flautista, ad alcune edizioni della rassegna di musica classica \u201cVoltaggio Classica\u201d (il cui direttore artistico \u00e8 il M\u00b0 Giorgio Ratto), seguendo in questo ambito masterclass di flauti antichi e lezioni di orchestra internazionale in lingua inglese. Si \u00e8 esibita, sempre in Voltaggio Classica, in concerti per ensemble di flauti, nonch\u00e9 come solista accompagnata al pianoforte dall\u2019insegnante M\u00b0Elsbeth Fager (Washington D.C.) e come componente dell\u2019orchestra internazionale. Ha accompagnato, sia come solista che in varie formazioni di ensemble, letture di poesie e rappresentazioni teatrali in varie occasioni, per eventi e concorsi letterari. E\u2019 protagonista di concerti solistici (con accompagnamento di pianoforte o di organo) e d\u2019insieme. Fa parte dell\u2019organico della banda musicale \u201cLa Filarmonica\u201d di Occimiano (AL), nonch\u00e9 attualmente dell\u2019ensemble di flauti e dell\u2019orchestra della Scuola Musicale \u201cVallotti\u201d di Vercelli, diretti dal M\u00b0 Ivan Rondano.<\/p>\n<p>MANUELE BARALE<br \/>\nHa coltivato gli studi pianistici con i Maestri Luca Solerio e Don Carlo Orecchia e quelli organistici col Maestro Giovanni Parissone. Nel 2008 ha proseguito gli studi organistici presso il Conservatorio Statale di Musica \u201cNiccol\u00f2 Paganini\u201d di Genova diplomandosi nel 2014 sotto la guida del M\u00b0 Bartolomeo Gallizio. Ha seguito diverse masterclass con i Maestri Olivier Latry, Roberto Antonello, Peter Waldner, Roberto Marini e Maurice Clerc. Sempre sotto la guida del Maestro Roberto Marini ha frequentato il corso Post Gradum in Organo presso l\u2019 Istituto Pontificio di Musica Sacra a Roma sullo studio e l\u2019interpretazione delle opere organistiche del compositore Max Reger sostenendo l\u2019esame finale col massimo dei voti. Inoltre prosegue gli studi di alto perfezionamento di Pianoforte sotto la guida del Maestro Arturo Sacchetti. In veste di accompagnatore al Pianoforte e all&#8217;Organo, si \u00e8 esibito in diversi concerti con cori e gruppi cameristici quali il Quintetto d&#8217;ottoni della Cattedrale Metropolita di Vercelli. Tiene regolarmente concerti in Italia e all\u2019estero partecipando ad importanti stagioni concertistiche in Polonia e Svizzera. Nelle vesti di cantore, fa parte del Coro Gregoriano Sant&#8217;Emiliano diretto dal Maestro Mattia Rossi. Dal 2017 \u00e8 docente di Pianoforte presso l\u2019istituto musicale \u201cCarlo Soliva\u201d di Casale Monferrato e dal 2023 \u00e8 anche docente della classe di Organo nella medesima scuola. Sempre dal 2023 \u00e8 docente di Pianoforte presso la \u201cAssociazione Culturale Arte\u201d di Crescentino e dell\u2019 \u201cAccademia Lizard\u201d di Novara. Sempre nel 2023 inizia a collaborare stabilmente in duo col pianista Edoardo Momo, con lo scopo di approfondire un repertorio assai originale e poco eseguito in Italia; si sono esibiti per la prima volta a Casale Monferrato nella Chiesa di S. Antonio. E\u2019 consulente dell\u2019ufficio dei beni culturali della diocesi di Casale Monferrato per interventi di restauro conservativo agli organi storici. Ha curato l\u2019edizione dei Magnificat di Pedro de Heredia pubblicata nel 2018. E\u2019 organista titolare dell\u2019Organo Maroni\u2010Biroldi 1839 della Basilica di Sant\u2019Andrea in Vercelli.<\/p>\n","protected":false},"excerpt":{"rendered":"<p>Concerto Roberta Tribocco, Manuele Barale &#8211; 15 settembre 2024 Domenica 15 settembre 2024 ore 18 OVADA, Oratorio dell&#8217;Annunziata ROBERTA TRIBOCCO, flauto traverso MANUELE BARALE, organo Chiusura domenica 15 settembre ore &hellip; <a href=\"https:\/\/www.amicidellorgano.org\/index.php\/2024\/09\/15\/concerto-roberta-tribocco-manuele-barale-15-settembre-2024\/\" class=\"more-link\">Continua la lettura di <span class=\"screen-reader-text\">Concerto Roberta Tribocco, Manuele Barale &#8211; 15 settembre 2024<\/span> <span class=\"meta-nav\">&rarr;<\/span><\/a><\/p>\n","protected":false},"author":1,"featured_media":0,"comment_status":"closed","ping_status":"closed","sticky":false,"template":"","format":"standard","meta":{"footnotes":""},"categories":[263,13],"tags":[264,202,25,288],"class_list":["post-2203","post","type-post","status-publish","format-standard","hentry","category-concerti-2024","category-news","tag-concerti2024","tag-manuele-barale","tag-ovada","tag-roberta-tribocco"],"_links":{"self":[{"href":"https:\/\/www.amicidellorgano.org\/index.php\/wp-json\/wp\/v2\/posts\/2203"}],"collection":[{"href":"https:\/\/www.amicidellorgano.org\/index.php\/wp-json\/wp\/v2\/posts"}],"about":[{"href":"https:\/\/www.amicidellorgano.org\/index.php\/wp-json\/wp\/v2\/types\/post"}],"author":[{"embeddable":true,"href":"https:\/\/www.amicidellorgano.org\/index.php\/wp-json\/wp\/v2\/users\/1"}],"replies":[{"embeddable":true,"href":"https:\/\/www.amicidellorgano.org\/index.php\/wp-json\/wp\/v2\/comments?post=2203"}],"version-history":[{"count":2,"href":"https:\/\/www.amicidellorgano.org\/index.php\/wp-json\/wp\/v2\/posts\/2203\/revisions"}],"predecessor-version":[{"id":2205,"href":"https:\/\/www.amicidellorgano.org\/index.php\/wp-json\/wp\/v2\/posts\/2203\/revisions\/2205"}],"wp:attachment":[{"href":"https:\/\/www.amicidellorgano.org\/index.php\/wp-json\/wp\/v2\/media?parent=2203"}],"wp:term":[{"taxonomy":"category","embeddable":true,"href":"https:\/\/www.amicidellorgano.org\/index.php\/wp-json\/wp\/v2\/categories?post=2203"},{"taxonomy":"post_tag","embeddable":true,"href":"https:\/\/www.amicidellorgano.org\/index.php\/wp-json\/wp\/v2\/tags?post=2203"}],"curies":[{"name":"wp","href":"https:\/\/api.w.org\/{rel}","templated":true}]}}