{"id":2146,"date":"2024-09-03T17:41:01","date_gmt":"2024-09-03T15:41:01","guid":{"rendered":"https:\/\/www.amicidellorgano.org\/?p=2146"},"modified":"2024-09-03T17:41:19","modified_gmt":"2024-09-03T15:41:19","slug":"concerto-angel-hortas-5-settembre-2024","status":"publish","type":"post","link":"https:\/\/www.amicidellorgano.org\/index.php\/2024\/09\/03\/concerto-angel-hortas-5-settembre-2024\/","title":{"rendered":"Concerto Angel Hortas &#8211; 5 settembre 2024"},"content":{"rendered":"<p><strong>Concerto Angel Hortas &#8211; 5 settembre 2024<\/strong><\/p>\n<p><img loading=\"lazy\" decoding=\"async\" class=\"aligncenter wp-image-2143 size-large\" src=\"http:\/\/www.amicidellorgano.org\/wp-content\/uploads\/concerti2024\/foto-Hortas-768x1024.jpg\" alt=\"Concerto Angel Hortas - 5 settembre 2024\" width=\"474\" height=\"632\" \/><\/p>\n<p><strong>Gioved\u00ec 5 settembre 2024 ore 21<\/strong><br \/>\n<strong>SPIGNO MONFERRATO, chiesa parrocchiale<\/strong><br \/>\n<strong>ANGEL HORTAS, organo (Spagna)<\/strong><\/p>\n<p>La Stagione sugli organi storici della provincia di Alessandria entra nel vivo : da gioved\u00ec 5 settembre fino a domenica 8 ogni giorno verr\u00e0 proposto un concerto. I primi tre saranno per solo organo e saranno affidati a due artisti di fama mondiale provenienti dalla Spagna e, per la prima volta, dalla Finlandia mentre l&#8217;ultimo, in collaborazione con il Conservatorio di Alessandria, vedr\u00e0 protagonista un \u201cEnsemble\u201d molto particolare formato da polistrumentisti, due dei quali docenti del nostro Conservatorio, che proporr\u00e0 una narrazione &#8211; concerto sulla vita e sull&#8217;opera di Domenico Zipoli, nell&#8217; intento di avvicinare il pubblico ad un importante autore del nostro Settecento non solo tramite la musica ma anche attraverso una ricca illustrazione dei brani.<br \/>\nGioved\u00ec alle ore 21 a SPIGNO, nella chiesa parrocchiale, il grande organista spagnolo ANGEL HORTAS eseguir\u00e0 un articolato e fiammeggiante programma che metter\u00e0 in risalto tutti i colori dell&#8217;organo Agati-Collino ivi conservato.<br \/>\nLa Stagione di concerti sugli organi storici della provincia di Alessandria \u00e8 sostenuta dalle Fondazioni CRT e CRAL cui si aggiungono quest&#8217;anno il Comune di Alessandria ed il Gruppo AMAG.<\/p>\n<p><strong>Programma<br \/>\n<\/strong>JOHANN CASPAR KERLL (1617-1693)<br \/>\nBatalla Imperial<\/p>\n<p>FRANCISCO CORREA DE ARAUXO (1584-1624)<br \/>\nQuinto Tiento e Discurso de Quinto Tono<\/p>\n<p>PABLO BRUNA (1611-1679)<br \/>\nTiento de 2o Tono por GESOLREUT sobre la Letania de la Virgen<\/p>\n<p>JOHANN JAKOB FROBERGER (1616-1667)<br \/>\nCapriccio in La minore<\/p>\n<p>DIETRICH BUXTEHUDE (1637 &#8211; 1707)<br \/>\n\u201cAuf meinen lieben Gott\u201d BUXWV 179<br \/>\n(Allemande &#8211; Double &#8211; Sarabande &#8211; Courante &#8211; Gigue)<\/p>\n<p>GEORG B\u00d6HM (1661-1733)<br \/>\nPartita sopra \u201cAch wie nichtig, ach wie fl\u00fcchtig\u201d<br \/>\n(Ah quanto effimero, quanto fuggitivo)<\/p>\n<p>DOMENICO ZIPOLI (1688-1726)<br \/>\nCanzona in Sol minore<\/p>\n<p>JOHANN SEBASTIAN BACH (1685-1750)<br \/>\nFantasia super \u201cJesu, meine Freude\u201d BWV 713<\/p>\n<p>FORTUNATO CHELLERI (1690-1757)<br \/>\nParthia Pastoralis<\/p>\n<p>GAETANO NAVE (1787-1861)<br \/>\nSonata ad uso d&#8217;Orchestra<\/p>\n<p>ANGEL HORTAS<br \/>\nL&#8217;organista, clavicembalista, direttore e cantante spagnolo Angel Hortas \u00e8 nato a Jerez de la Frontera ed ha iniziato gli studi musicali al Conservatorio Comunale di Jerez.<br \/>\nHa proseguito gli studi presso il Conservatorio Superiore di Musica &#8220;Manuel Castillo&#8221; di Siviglia, dove ha studiato Organo con Jos\u00e9 Enrique Ayarra, Violino con Jose G\u00e1mez, Canto con Maruja Troncoso, Direzione di coro con Ricardo Rodr\u00edguez Palacios. Premi d&#8217;onore di fine carriera in tutte le specialit\u00e0 con il massimo dei voti. Ha studiato inoltre direzione d&#8217;orchestra e di coro a Cordova con Francisco Navarro e a Colonia (Germania) alla Staatliche Hochschule f\u00fcr Musik con Michael Luig. Ha completato gli studi di Canto con gli insegnanti Teresa Loring, David Mason e Juan Luque. Ha frequentato corsi avanzati con W. R. Talsma (Olanda), Heribert Breuer (Germania), Jean Guillou (Francia), Daniel Vega Cernuda (Spagna), Daniel Roth (Francia), Pieter van Dijk (Olanda), Wolfgang Zerer, Lorenzo Ghielmi (Italia) e Michel Bouvard (Francia).<br \/>\nDal 2006 \u00e8 Maestro di Cappella e Organista titolare della Cattedrale di Jerez. E&#8217; membro di vari duo da camera per quasi tutta la geografia nazionale spagnola.<br \/>\nE&#8217; stato Concertista ospite del Ciclo di Musica Sacra dell&#8217;Ecuador con concerti a Quito e Portoviejo. Partecipa anche a numerosi cicli d&#8217;organo come &#8220;Organi storici di Siviglia&#8221;, Venerables (Siviglia), Cattedrale di Siviglia, nonch\u00e9 festival a Gibilterra, Cattedrale di Leon, Torre de Juan Abad (Ciudad Real), Lucena, Montilla, Granada, ecc. Festival Internazionale di Bydgoszcz (Polonia), Torres Vedras (Portogallo), Festival Internazionale di Kasimierz\u2010Dolny (Polonia), Festival di Enguera (Valencia), Festival di L\u2019Escorial (Madrid), Festival Internazionale della Cattedrale di Malaga, Festival di Amici dell\u2019organo Cavaill\u00e9\u2010Coll di Siviglia, etc.<br \/>\nHa recentemente effettuato un\u2019importante tourn\u00e9e concertistica in Italia con esibizioni a Cisternino, Fano, Porto San Giorgio, Nebbiuno, Cattedrale di Asti, Cattedrale di Serravalle, Solomeo e Collescipoli.<br \/>\nE&#8217; Direttore principale e artistico dell&#8217;Orchestra della Citt\u00e0 Autonoma di Ceuta, Professore di Conservatorio Professionale di Musica \u201cJoaqu\u00edn Villatoro\u201d di Jerez, Membro Ordinario della Reale Accademia di Scienze, Arti e Lettere di San Dionisio. Direttore\u2010Fondatore del Coro d&#8217;Opera del Teatro Villamarta di Jerez, \u00e8 pure Fondatore e direttore del Ciclo Organistico Internazionale \u201cDioc\u00e9s de Asidonia\u2010Jerez\u201d e del Ciclo Internazionale di Alcal\u00e1 de los Gazules.<\/p>\n","protected":false},"excerpt":{"rendered":"<p>Concerto Angel Hortas &#8211; 5 settembre 2024 Gioved\u00ec 5 settembre 2024 ore 21 SPIGNO MONFERRATO, chiesa parrocchiale ANGEL HORTAS, organo (Spagna) La Stagione sugli organi storici della provincia di Alessandria &hellip; <a href=\"https:\/\/www.amicidellorgano.org\/index.php\/2024\/09\/03\/concerto-angel-hortas-5-settembre-2024\/\" class=\"more-link\">Continua la lettura di <span class=\"screen-reader-text\">Concerto Angel Hortas &#8211; 5 settembre 2024<\/span> <span class=\"meta-nav\">&rarr;<\/span><\/a><\/p>\n","protected":false},"author":1,"featured_media":0,"comment_status":"closed","ping_status":"closed","sticky":false,"template":"","format":"standard","meta":{"footnotes":""},"categories":[263,13],"tags":[281,264,252],"class_list":["post-2146","post","type-post","status-publish","format-standard","hentry","category-concerti-2024","category-news","tag-angel-hortas","tag-concerti2024","tag-spigno"],"_links":{"self":[{"href":"https:\/\/www.amicidellorgano.org\/index.php\/wp-json\/wp\/v2\/posts\/2146"}],"collection":[{"href":"https:\/\/www.amicidellorgano.org\/index.php\/wp-json\/wp\/v2\/posts"}],"about":[{"href":"https:\/\/www.amicidellorgano.org\/index.php\/wp-json\/wp\/v2\/types\/post"}],"author":[{"embeddable":true,"href":"https:\/\/www.amicidellorgano.org\/index.php\/wp-json\/wp\/v2\/users\/1"}],"replies":[{"embeddable":true,"href":"https:\/\/www.amicidellorgano.org\/index.php\/wp-json\/wp\/v2\/comments?post=2146"}],"version-history":[{"count":3,"href":"https:\/\/www.amicidellorgano.org\/index.php\/wp-json\/wp\/v2\/posts\/2146\/revisions"}],"predecessor-version":[{"id":2149,"href":"https:\/\/www.amicidellorgano.org\/index.php\/wp-json\/wp\/v2\/posts\/2146\/revisions\/2149"}],"wp:attachment":[{"href":"https:\/\/www.amicidellorgano.org\/index.php\/wp-json\/wp\/v2\/media?parent=2146"}],"wp:term":[{"taxonomy":"category","embeddable":true,"href":"https:\/\/www.amicidellorgano.org\/index.php\/wp-json\/wp\/v2\/categories?post=2146"},{"taxonomy":"post_tag","embeddable":true,"href":"https:\/\/www.amicidellorgano.org\/index.php\/wp-json\/wp\/v2\/tags?post=2146"}],"curies":[{"name":"wp","href":"https:\/\/api.w.org\/{rel}","templated":true}]}}