{"id":2136,"date":"2024-08-27T12:09:14","date_gmt":"2024-08-27T10:09:14","guid":{"rendered":"https:\/\/www.amicidellorgano.org\/?p=2136"},"modified":"2024-08-27T12:09:14","modified_gmt":"2024-08-27T10:09:14","slug":"concerto-i-musici-delle-serenissima-1-settembre-2024","status":"publish","type":"post","link":"https:\/\/www.amicidellorgano.org\/index.php\/2024\/08\/27\/concerto-i-musici-delle-serenissima-1-settembre-2024\/","title":{"rendered":"Concerto I Musici delle Serenissima &#8211; 1 settembre 2024"},"content":{"rendered":"<p><strong>Concerto I Musici delle Serenissima &#8211; 1 settembre 2024<\/strong><\/p>\n<p><img loading=\"lazy\" decoding=\"async\" class=\"aligncenter size-large wp-image-2134\" src=\"http:\/\/www.amicidellorgano.org\/wp-content\/uploads\/concerti2024\/foto-Marianna-Prizzon-1024x1024.jpg\" alt=\"\" width=\"474\" height=\"474\" \/> <img loading=\"lazy\" decoding=\"async\" class=\"aligncenter size-large wp-image-2133\" src=\"http:\/\/www.amicidellorgano.org\/wp-content\/uploads\/concerti2024\/foto-Lorenzo-Marzona-768x1024.jpg\" alt=\"\" width=\"474\" height=\"632\" \/> <img loading=\"lazy\" decoding=\"async\" class=\"aligncenter size-full wp-image-2132\" src=\"http:\/\/www.amicidellorgano.org\/wp-content\/uploads\/concerti2024\/Foto-Claudio-Gasparoni-viola.jpg\" alt=\"\" width=\"640\" height=\"481\" \/><\/p>\n<p><strong>Domenica 1 settembre 2024 ore 16.30<\/strong><br \/>\n<strong>VOLTAGGIO, Oratorio del Gonfalone<\/strong><br \/>\n<strong>\u201cI MUSICI DELLA SERENISSIMA\u201d<\/strong><br \/>\n<strong>MARIANNA PRIZZON, soprano<\/strong><br \/>\n<strong>CLAUDIO GASPARONI, viola da gamba<\/strong><br \/>\n<strong>LORENZO MARZONA, organo<\/strong><\/p>\n<p>Un concerto spettacolare e complesso si svolger\u00e0 domenica 1 settembre alle ore ore 16.30 a VOLTAGGIO nell&#8217; Oratorio del Gonfalone dove esiste un interessante organo &#8220;Lingiardi&#8221; gi\u00e0 impiegato molti anni fa in alcune edizioni della Stagione sugli organi storici, recentemente oggetto di un&#8217;intervento di manutenzione straordinaria.<br \/>\nSi esibiranno \u201cI MUSICI DELLA SERENISSIMA\u201d, ensemble di artisti veneti composto da MARIANNA PRIZZON, soprano, CLAUDIO GASPARONI, viola da gamba e LORENZO MARZONA, organo, specializzati nella riproposta del grande repertorio barocco di scuola veneziana.<br \/>\nLa Stagione di concerti sugli organi storici della provincia di Alessandria \u00e8 sostenuta dalle Fondazioni CRT e CRAL cui si aggiungono quest&#8217;anno il Comune di Alessandria ed il Gruppo AMAG.<\/p>\n<p><strong>Programma<br \/>\n<\/strong>CLAUDIO MONTEVERDI (1567 &#8211; 1643)<br \/>\nLaudate Dominum (\u201cSelva Morale.. \u201c Venezia 1640)<\/p>\n<p>GIROLAMO FRESCOBALDI (1583-1643)<br \/>\n\u201cSe l\u2019aura spira\u201d canzon per voce e basso continuo<\/p>\n<p>ALESSANDRO GRANDI (1586 &#8211; 1630)<br \/>\nCantabo Domino (\u201cGhirlanda Sacra\u201d \u2010 Venezia 1625)<\/p>\n<p>JOHANN PACHELBEL (1653 &#8211; 1706)<br \/>\nToccata, Fantasia et Fuga in re minore<\/p>\n<p>ANTONIO VIVALDI (1678 &#8211; 1741)<br \/>\n\u201cDomine Deus\u201d (dal Gloria RV 589)<\/p>\n<p>ANTONIO VIVALDI<br \/>\nLargo in la minore F XIV n. 3 per viola e basso continuo<\/p>\n<p>GEORGE FRIDERIC HAENDEL (1685 &#8211; 1759)<br \/>\nHaec est Regina virginum (HWV 235)<\/p>\n<p>WOLFGANG AMADEUS MOZART (1756 &#8211; 1791)<br \/>\nAgnus Dei (dalla Messa in Do maggiore K 317)<\/p>\n<p>FRANCESCO GASPARINI (1661-1727)<br \/>\n\u201cPanis Angelicus\u201d mottetto per soprano e viola<\/p>\n<p>JOHANN PACHELBEL (1653 &#8211; 1706)<br \/>\nFantasia (cromatica)<br \/>\nMagnificat Septimi Toni (3 Versi)<\/p>\n<p>FELIX MENDELSSHON (1809 &#8211; 1847)<br \/>\nHear My Prayer (WoO 15)<\/p>\n<p><strong>I Musici delle Serenissima<\/strong> vogliono essere gli eredi diretti e i continuatori della splendida tradizione che fa di Venezia una delle capitali europee della musica fin dal XIV secolo. La \u201cSerenissima Repubblica\u201d, nel suo lungo periodo di fulgore, ha infatti ospitato e coinvolto i migliori musicisti, compositori, poeti, letterati, liutai, architetti, tipografi ed editori italiani e stranieri. I visitatori e gli Ambasciatori che la visitavano restavano ammaliati dalle sue ricchezze e dalle musiche che echeggiavano nel quotidiano scorrere della vita, nei campi, nelle chiese, nei palazzi, nei teatri e nei canali della citt\u00e0.<br \/>\nFondato nel 1982 dal noto musicista veneziano Claudio Gasparoni, il gruppo si \u00e8 da sempre distinto per il suo accurato lavoro di ricerca, studio e attento approccio filologico finalizzato alla riscoperta, alla valorizzazione e alla diffusione dell\u2019immenso e ancora in gran parte inesplorato patrimonio musicale dell\u2019epoca antica.<br \/>\nIl vasto repertorio de \u201dI Musici della Serenissima\u201d comprende una numerosa e ricercata se\u2010rie di programmi di musica antica veneziana, italiana ed europea del periodo medioevale, rinascimentale e barocco, spesso eseguito in vari e differenti organici vocali\u2010strumentali con strumenti antichi e costumi dell\u2019epoca.<br \/>\nFanno parte de \u201dI Musici della Serenissima\u201d alcuni tra i pi\u00f9 noti ed affermati esecutori di musica antica, musicologi e ricercatori, docenti presso vari Conservatori Musicali e Accademie Internazionali.<br \/>\n\u201cI Musici della Serenissima\u201d svolgono dal 1982 un\u2019intensa attivit\u00e0 artistica che li ha portati ad esibirsi in oltre 800 concerti nei pi\u00f9 importanti teatri, sale da concerto e Festivals Internazionali di Musica Antica in Italia, Stati Uniti, Giappone, Cina, Germania, Austria, Belgio, Spagna, Olanda, Francia, Slovenia, Svizzera, Turchia, Russia, Romania, Ungheria, Polonia, Serbia, Grecia, Croazia, Albania, Repubblica Ceca, distinguendosi sempre per l\u2019originalit\u00e0 e la ricercatezza del repertorio proposto in concerto. Raffinatezza, vivacit\u00e0, estro, fantasia e virtuosismo sono peculiarit\u00e0 delle loro esecuzioni che si potrebbero definire del \u201cfar musica veneziano\u201d.<br \/>\nDal 2005, \u201dI Musici della Serenissima\u201d, con la direzione artistica del Maestro Claudio Gasparoni, danno vita in Venezia al Festival Internazionale di Musica Antica Veneziana \u201cMusiche al tempo dei Dogi\u201d, manifestazione di successo realizzata con il Contributo e Patrocinio della Regione del Veneto e del Comune di Venezia che propone in vari mesi dell\u2019anno una numerosa serie di ricercati e spesso inusitati concerti finalizzati alla riscoperta, alla diffusione della musica antica veneziana e veneta del periodo medievale, rinascimentale e barocco.<br \/>\nSono numerosi i premi e i riconoscimenti ricevuti nel corso della loro rilevante attivit\u00e0 concertistica e indiscusse le testimonianze artistiche del gruppo veneziano che nel 2007, in occasione del 25\u00b0anniversario della sua fondazione, \u00e8 stato premiato con la motivazione: \u201cAmbasciatori della musica antica veneziana nel mondo\u201d.<\/p>\n","protected":false},"excerpt":{"rendered":"<p>Concerto I Musici delle Serenissima &#8211; 1 settembre 2024 Domenica 1 settembre 2024 ore 16.30 VOLTAGGIO, Oratorio del Gonfalone \u201cI MUSICI DELLA SERENISSIMA\u201d MARIANNA PRIZZON, soprano CLAUDIO GASPARONI, viola da &hellip; <a href=\"https:\/\/www.amicidellorgano.org\/index.php\/2024\/08\/27\/concerto-i-musici-delle-serenissima-1-settembre-2024\/\" class=\"more-link\">Continua la lettura di <span class=\"screen-reader-text\">Concerto I Musici delle Serenissima &#8211; 1 settembre 2024<\/span> <span class=\"meta-nav\">&rarr;<\/span><\/a><\/p>\n","protected":false},"author":1,"featured_media":0,"comment_status":"closed","ping_status":"closed","sticky":false,"template":"","format":"standard","meta":{"footnotes":""},"categories":[263,13],"tags":[264,280,95],"class_list":["post-2136","post","type-post","status-publish","format-standard","hentry","category-concerti-2024","category-news","tag-concerti2024","tag-i-musici-della-serenissima","tag-voltaggio"],"_links":{"self":[{"href":"https:\/\/www.amicidellorgano.org\/index.php\/wp-json\/wp\/v2\/posts\/2136"}],"collection":[{"href":"https:\/\/www.amicidellorgano.org\/index.php\/wp-json\/wp\/v2\/posts"}],"about":[{"href":"https:\/\/www.amicidellorgano.org\/index.php\/wp-json\/wp\/v2\/types\/post"}],"author":[{"embeddable":true,"href":"https:\/\/www.amicidellorgano.org\/index.php\/wp-json\/wp\/v2\/users\/1"}],"replies":[{"embeddable":true,"href":"https:\/\/www.amicidellorgano.org\/index.php\/wp-json\/wp\/v2\/comments?post=2136"}],"version-history":[{"count":2,"href":"https:\/\/www.amicidellorgano.org\/index.php\/wp-json\/wp\/v2\/posts\/2136\/revisions"}],"predecessor-version":[{"id":2139,"href":"https:\/\/www.amicidellorgano.org\/index.php\/wp-json\/wp\/v2\/posts\/2136\/revisions\/2139"}],"wp:attachment":[{"href":"https:\/\/www.amicidellorgano.org\/index.php\/wp-json\/wp\/v2\/media?parent=2136"}],"wp:term":[{"taxonomy":"category","embeddable":true,"href":"https:\/\/www.amicidellorgano.org\/index.php\/wp-json\/wp\/v2\/categories?post=2136"},{"taxonomy":"post_tag","embeddable":true,"href":"https:\/\/www.amicidellorgano.org\/index.php\/wp-json\/wp\/v2\/tags?post=2136"}],"curies":[{"name":"wp","href":"https:\/\/api.w.org\/{rel}","templated":true}]}}