{"id":2124,"date":"2024-08-09T11:51:51","date_gmt":"2024-08-09T09:51:51","guid":{"rendered":"https:\/\/www.amicidellorgano.org\/?p=2124"},"modified":"2024-08-09T11:51:51","modified_gmt":"2024-08-09T09:51:51","slug":"concerto-ensemble-anima-musices-24-agosto-2024","status":"publish","type":"post","link":"https:\/\/www.amicidellorgano.org\/index.php\/2024\/08\/09\/concerto-ensemble-anima-musices-24-agosto-2024\/","title":{"rendered":"Concerto Ensemble Anima Musices &#8211; 24 agosto 2024"},"content":{"rendered":"<p><strong>Concerto Ensemble Anima Musices &#8211; 24 agosto 2024<\/strong><\/p>\n<p><img loading=\"lazy\" decoding=\"async\" class=\"aligncenter wp-image-2122 size-large\" src=\"http:\/\/www.amicidellorgano.org\/wp-content\/uploads\/concerti2024\/anima-musices-806x1024.jpg\" alt=\"Concerto Ensemble Anima Musices - 24 agosto 2024\" width=\"474\" height=\"602\" \/><\/p>\n<p><strong>Sabato 24 agosto 2024 ore 21<\/strong><br \/>\n<strong>MIOGLIA, chiesa parrocchiale<\/strong><br \/>\n<strong>Ensemble \u201cANIMA MUSICES\u201d<\/strong><br \/>\n<strong>DORALICE MINGHETTI, ocarina<\/strong><br \/>\n<strong>GIUSEPPE MONARI, organo<\/strong><\/p>\n<p>La Stagione di concerti sugli organi storici della provincia di Alessandria nel 45\u00b0 anno di attivit\u00e0 fa tappa per la prima volta a MIOGLIA (SV) , bellissima localit\u00e0 in provincia di Savona ma appartenente alla Diocesi di Acqui Terme. Nella chiesa parrocchiale, dove \u00e8 conservato un interessante strumento recentemente restaurato, sabato 24 agosto alle ore 21 l&#8217;Ensemble &#8220;Anima Musices&#8221; composto da DORALICE MINGHETTI, ocarina, e GIUSEPPE MONARI, organo, proporranno un accostamento strumentale pure inedito per la nostra Rassegna ed un programma di elevato spessore artistico.<\/p>\n<p><strong>Programma<br \/>\n<\/strong>GUILLAME DE MACHAUT (1300-1377)<br \/>\nChanson Ballad\u00e9e<\/p>\n<p>ANTONIO VALENTE (1520-1601)<br \/>\nLo ballo dell\u2019intorcia<\/p>\n<p>GIOVANNI GIACOMO GASTOLDI (1555-1609)<br \/>\nL\u2019innamorato e il bell\u2019humore (da Balletti a cinque voci, 1591)<\/p>\n<p>DIEGO ORTIZ (1555-1609)<br \/>\nRecercada segunda (da Trattado de Glosas, 1553)<\/p>\n<p>MARCO UCCELLINI (1610-1680)<br \/>\nDa \u201cSinfonie Boscarecie\u201d, 1660<br \/>\nA Malcumira<br \/>\nA Foschina<br \/>\nA Filistea<br \/>\nA Carissima<br \/>\nA Virmingarda<\/p>\n<p>ALESSANDRO MARCELLO (1673-1747)<br \/>\nConcerto in re minore<br \/>\nAndante e spiccato &#8211; Adagio &#8211; Presto<\/p>\n<p>GEORG FRIEDRICH HANDEL (1685 &#8211; 1759)<br \/>\nConcerto Hwv 295 Il cuc\u00f9 e l\u2019usignolo<br \/>\nLargo &#8211; Allegro &#8211; Largo &#8211; Allegro<\/p>\n<p>JOHANN SEBASTIAN BACH (1685-1750)<br \/>\nAria dalla Suite in re maggiore<br \/>\nBadinerie dalla Suite in si minore<\/p>\n<p>GEORG FRIEDRICH HANDEL<br \/>\ndall\u2019oratorio Salomon:<br \/>\nThe arrival of the queen of Sheba<\/p>\n<p>OTTORINO RESPIGHI (1879-1936)<br \/>\nda Antiche arie e danze Suite n. 2<br \/>\nLaura Soave (Balletto con Gagliarda, Saltarello e Canario),<br \/>\nBergamasca<\/p>\n<p><strong>ANIMA MUSICES<\/strong><br \/>\nAnima Musices nasce nell&#8217;ambito del Conservatorio \u00abGirolamo Frescobaldi\u00bb di Ferrara, dalla collaborazione di Doralice Minghetti, clavicembalista e ocarinista, e Giuseppe Monari, organista e clavicembalista; il duo ha un intento di studio e di ricerca di un repertorio che includa varie combinazioni dei tre strumenti utilizzati: organo, clavicembalo e ocarina.<\/p>\n<p><strong>DORALICE MINGHETTI<\/strong><br \/>\nHa conseguito con il massimo dei voti e la lode la laurea triennale e magistrale in Clavicembalo e Tastiere Storiche sotto la guida di Marina Scaioli presso il Conservatorio \u00abGirolamo Frescobaldi\u00bb di Ferrara. Ricopre l&#8217;incarico di accompagnatore al cembalo per lo stesso Conservatorio, collaborando con il dipartimento di Musica Antica nelle classi di Marina De Liso, Laura Pontecorvo e Perikli Pite. Ha svolto il medesimo ruolo al Conservatorio \u00abStanislao Giacomantonio\u00bb di Cosenza per l\u2019anno accademico 2022\u20102023 all\u2019interno del quale ha ricoperto anche l&#8217;incarico di docente di Clavicembalo per i corsi preaccademici e propedeutici. Insegna pianoforte presso l&#8217;Istituto di Musica Sacra di Modena. Ha partecipato a masterclasses di perfezionamento con Pilar Montoya, Guido Morini, Francesco Corti, Ludger Lohmann, Lorenzo Ghielmi, Patrick Ayrton e con l&#8217;orchestra EUYO. Si esibisce regolarmente come continuista, in gruppi strumentali e vocali spaziando dal repertorio barocco a quello contemporaneo e come cembalista e ocarinista nel duo Anima Musices assieme all&#8217;organista Giuseppe Monari. Ha conseguito inoltre la Laurea triennale in Scienze motorie e attualmente \u00e8 iscritta ai bienni di Organo e Musica d\u2019insieme per voci e strumenti antichi presso il Conservatorio Frescobaldi di Ferrara sotto la guida di Wladimir Matesic e Perikli Pite.<\/p>\n<p><strong>GIUSEPPE MONARI<\/strong><br \/>\nHa studiato pianoforte con Eleonora Pagliani e Maria Chiara Mazzi, organo e composizione con Andrea Macinanti, Davide Masarati e Luigi Toja, accordature storiche e modalit\u00e0 con Vincenzo Ninci, clavicembalo e basso continuo con Marina Scaioli, Federico Braga e Adriano Dallap\u00e9. Si \u00e8 laureato con lode e menzione d\u2019onore in Organo e Composizione Organistica (I livello) presso il Conservatorio \u00abGirolamo Frescobaldi\u00bb di Ferrara con Francesco Tasini e ha conseguito con la stessa votazione il biennio di secondo livello in Organo presso il Conservatorio \u00abLucio Campiani\u00bb di Mantova, sotto la guida di Federica Iannella; ha inoltre ottenuto la laurea di secondo livello \u00abcum laude\u00bb in Clavicembalo e tastiere storiche presso il conservatorio \u00abGirolamo Frescobaldi\u00bb di Ferrara con Marina Scaioli. Ha partecipato a corsi di perfezionamento riguardanti vari ambiti musicali tenuti da Lionel Rogg, Arturo Sacchetti, Luigi Ferdinando Tagliavini, Francesco Corti, Lorenzo Ghielmi, Ludger Lohmann, Patrick Ayrton. Dal 1986 ha ricoperto la carica di organista titolare degli storici strumenti del Duomo dei SS. Filippo e Giacomo in Finale Emilia (Mo). Dal 1987 \u00e8 componente del gruppo strumentale Phonurgia Nova (due trombe e organo, con Antonio Quero e Marco Vestiboli), vincitore di concorsi nazionali di interpretazione musicale, con il quale si esibisce regolarmente in rassegne concertistiche e incisioni discografiche. Parallelamente agli studi musicali, si \u00e8 applicato \u2010 a partire dalla fine degli anni \u201980 \u2010 nei settori di sviluppo informatico della grafica editoriale, della musica, e dell\u2019editing audio\u2010video, con varie esperienze anche di livello internazionale nell\u2019ambito della produzione televisiva e pubblicitaria. Dal 1992 lavora come tecnico del suono, veste nella quale ha prodotto fino ad oggi centinaia di cd audio con i principali interpreti della scena musicale italiana ed europea; dal 2010 ricopre la carica di direttore artistico e responsabile di produzione dell\u2019etichetta discografica Tactus di Bologna, che dal 1986 si occupa della riscoperta e della valorizzazione del patrimonio musicale italiano. Dal 2014 fa parte del comitato artistico dell\u2019\u00abAssociazione Italiana dell\u2019Arpa\u00bb, con la quale collabora attivamente soprattutto nell\u2019ambito del concorso internazionale \u00abSuoni d\u2019Arpa\u00bb, sia in veste di giurato sia a livello organizzativo. Dal 2018 \u00e8 insegnante di pianoforte e organo presso l\u2019Associazione Culturale \u00abModena Musica Sacra\u00bb (ex Istituto Diocesano di Musica Sacra), nell\u2019ambito della quale ha anche collaborato come organista presso la Cattedrale di Modena. Dal 2020 fa parte del duo Anima Musices (in collaborazione con Doralice Minghetti), che ha un intento di studio e di ricerca di un repertorio che includa varie combinazioni dei tre strumenti utilizzati: organo, clavicembalo e ocarina. \u00c8 inoltre componente dell\u2019ensemble Aurata Fonte, specializzato nel recupero e nell\u2019interpretazione del repertorio vocale italiano rinascimentale e barocco. Prosegue l\u2019attivit\u00e0 concertistica privilegiando la musica d\u2019insieme, soprattutto alla riscoperta di aspetti e autori poco eseguiti ma di particolare importanza, dal periodo barocco fino al repertorio contemporaneo. Ha inciso in qualit\u00e0 di organista solista e accompagnatore un triplo cd dedicato alla produzione sacra del compositore Pellegrino Santucci (1921\u20102010) [Pellegrino Santucci. Opere Sacre, Bologna, Tactus, 2017. TC.921980] e musiche di Pier Paolo Scattolin (1949) [Pier Paolo Scattolin. Suoni e rime sparse, Bologna, Tactus, 2019. TC.941903]; ha inoltre registrato come continuista un triplo cd dedicato alla versione integrale delle Produzioni Armoniche di Antonia Bembo (1640\u20101720) [Bologna, Tactus, 2019. TC.640280] e un doppio cd contenente la raccolta completa dei Sacri Musicali Affetti opera quinta di Barbara Strozzi (1619\u20101677) [Bologna, Tactus, 2021. TC.611902]. Cura la pubblicazione a stampa di opere di Pellegrino Santucci e Arturo Clementoni per le case editrici Ut Orpheus di Bologna e Armelin di Padova.<\/p>\n","protected":false},"excerpt":{"rendered":"<p>Concerto Ensemble Anima Musices &#8211; 24 agosto 2024 Sabato 24 agosto 2024 ore 21 MIOGLIA, chiesa parrocchiale Ensemble \u201cANIMA MUSICES\u201d DORALICE MINGHETTI, ocarina GIUSEPPE MONARI, organo La Stagione di concerti &hellip; <a href=\"https:\/\/www.amicidellorgano.org\/index.php\/2024\/08\/09\/concerto-ensemble-anima-musices-24-agosto-2024\/\" class=\"more-link\">Continua la lettura di <span class=\"screen-reader-text\">Concerto Ensemble Anima Musices &#8211; 24 agosto 2024<\/span> <span class=\"meta-nav\">&rarr;<\/span><\/a><\/p>\n","protected":false},"author":1,"featured_media":0,"comment_status":"closed","ping_status":"closed","sticky":false,"template":"","format":"standard","meta":{"footnotes":""},"categories":[263,13],"tags":[277,264,278,279,276],"class_list":["post-2124","post","type-post","status-publish","format-standard","hentry","category-concerti-2024","category-news","tag-anima-musices","tag-concerti2024","tag-doralice-minghetti","tag-giuseppe-monari","tag-mioglia"],"_links":{"self":[{"href":"https:\/\/www.amicidellorgano.org\/index.php\/wp-json\/wp\/v2\/posts\/2124"}],"collection":[{"href":"https:\/\/www.amicidellorgano.org\/index.php\/wp-json\/wp\/v2\/posts"}],"about":[{"href":"https:\/\/www.amicidellorgano.org\/index.php\/wp-json\/wp\/v2\/types\/post"}],"author":[{"embeddable":true,"href":"https:\/\/www.amicidellorgano.org\/index.php\/wp-json\/wp\/v2\/users\/1"}],"replies":[{"embeddable":true,"href":"https:\/\/www.amicidellorgano.org\/index.php\/wp-json\/wp\/v2\/comments?post=2124"}],"version-history":[{"count":2,"href":"https:\/\/www.amicidellorgano.org\/index.php\/wp-json\/wp\/v2\/posts\/2124\/revisions"}],"predecessor-version":[{"id":2126,"href":"https:\/\/www.amicidellorgano.org\/index.php\/wp-json\/wp\/v2\/posts\/2124\/revisions\/2126"}],"wp:attachment":[{"href":"https:\/\/www.amicidellorgano.org\/index.php\/wp-json\/wp\/v2\/media?parent=2124"}],"wp:term":[{"taxonomy":"category","embeddable":true,"href":"https:\/\/www.amicidellorgano.org\/index.php\/wp-json\/wp\/v2\/categories?post=2124"},{"taxonomy":"post_tag","embeddable":true,"href":"https:\/\/www.amicidellorgano.org\/index.php\/wp-json\/wp\/v2\/tags?post=2124"}],"curies":[{"name":"wp","href":"https:\/\/api.w.org\/{rel}","templated":true}]}}