{"id":2099,"date":"2024-07-22T13:34:16","date_gmt":"2024-07-22T11:34:16","guid":{"rendered":"https:\/\/www.amicidellorgano.org\/?p=2099"},"modified":"2024-07-22T13:53:47","modified_gmt":"2024-07-22T11:53:47","slug":"concerto-ensemble-seicento-stravagante-28-luglio-2024","status":"publish","type":"post","link":"https:\/\/www.amicidellorgano.org\/index.php\/2024\/07\/22\/concerto-ensemble-seicento-stravagante-28-luglio-2024\/","title":{"rendered":"Concerto Ensemble SEICENTO STRAVAGANTE &#8211; 28 luglio 2024"},"content":{"rendered":"<p><strong>Concerto Ensemble SEICENTO STRAVAGANTE &#8211; 28 luglio 2024<\/strong><\/p>\n<p><img loading=\"lazy\" decoding=\"async\" class=\"aligncenter size-large wp-image-2093\" src=\"http:\/\/www.amicidellorgano.org\/wp-content\/uploads\/concerti2024\/foto-Rossella-Croce-683x1024.jpg\" alt=\"\" width=\"474\" height=\"711\" \/><\/p>\n<p><img loading=\"lazy\" decoding=\"async\" class=\"aligncenter size-large wp-image-2096\" src=\"http:\/\/www.amicidellorgano.org\/wp-content\/uploads\/concerti2024\/Foto-Seicento-Stravagante-1024x681.jpg\" alt=\"\" width=\"474\" height=\"315\" \/><\/p>\n<p><strong>Domenica 28 luglio 2024, ore 17<\/strong><br \/>\n<strong>GRONDONA, chiesa parrocchiale<\/strong><br \/>\n<strong>Ensemble \u201cSEICENTO STRAVAGANTE\u201d<\/strong><br \/>\n<strong>ROSSELLA CROCE, violino<\/strong><br \/>\n<strong>DAVID BRUTTI, cornetto e cornetto muto<\/strong><br \/>\n<strong>NICOLA LAMON, organo<\/strong><\/p>\n<p>Domenica 28 luglio alle ore 17 presso la chiesa parrocchiale di GRONDONA si terr\u00e0 uno dei pi\u00f9 complessi ed interessanti concerti della XLV Stagione sugli organi storici della provincia di Alessandria.<br \/>\nSi esibir\u00e0 l&#8217; Ensemble \u201cSEICENTO STRAVAGANTE\u201d composto da ROSSELLA CROCE, violino, DAVID BRUTTI, cornetto e cornetto muto e NICOLA LAMON al bellissimo organo &#8220;Giuliani&#8221; del 1837.<br \/>\nSar\u00e0 l&#8217;occasione di ascoltare per la prima volta nella nostra Rassegna il suono magico del Cornetto, strumento assai in voga nel periodo rinascimentale, poi caduto in disuso per secoli: solo pochissimi specialisti oggi in tutto il mondo sono in grado di suonarlo.<\/p>\n<p><strong>Programma<br \/>\n<\/strong>GIUSEPPE SCARANI (? -1642)<br \/>\nSonata sesta a due soprani sopra RE MI FA SOL LA<br \/>\n(da \u201c18 Sonate concertate a due e tre voci\u201d Venezia, 1630)<\/p>\n<p>DARIO CASTELLO (?-1658)<br \/>\nCanzon terza a 2 Doi soprani<br \/>\n(da \u201cSonate concertate libro secondo\u201d Venezia, 1644)<\/p>\n<p>GIOVANNI A. PANDOLFI MEALLI (1624-ca.1687)<br \/>\nSonata prima \u201cLa Castella\u201d<br \/>\n(da \u201cSonate \u00f2 Violin solo per chiesa e camera\u2026 op. 3\u201d Innsbruck, 1660)<\/p>\n<p>FRANCESCO USPER (1561-1641)<br \/>\nRicercar ottavo<br \/>\n(da \u201cRicercari et arie francesi\u201d Venezia, 1595)<\/p>\n<p>ORLANDO DI LASSO (1532-1594)<br \/>\nSusanne un jour &#8211; diminuzioni di G. dalla Casa\u2019<br \/>\n(da \u201cIl vero modo di diminuir\u201d Venezia, 1584)<\/p>\n<p>GIOVANNI B. BUONAMENTE (ca.1595-1642)<br \/>\nCanzon Quinta \u00e0 2. Cornetto, &amp; Violino<br \/>\n(da \u201cSonate e Canzoni a 2, 3, 4, 5 3 6&#8230;, Libro VI\u201d Venezia, 1636)<\/p>\n<p>HEINRICH IGNAZ FRANZ BIBER (1644-1704)<br \/>\nPrima sonata \u201cL\u2019Annunciazione\u201d<br \/>\n(da \u201cMystery Sonatas\u201d Salisburgo ca. 1670)<\/p>\n<p>SALOMONE ROSSI (ca. 1570-1630)<br \/>\nSonata terza sopra l&#8217;Arie della Romanesca<br \/>\n(da \u201cIl terzo libro de varie sonate\u2026\u201d Venezia, 1623)<\/p>\n<p>GIROLAMO FRESCOBALDI (1583-1643)<br \/>\nToccata decima<br \/>\n(da \u201cToccate e partite d\u2019intavolatura, Libro II\u201d Roma, 1627)<\/p>\n<p>TARQUINIO MERULA (1595-1665)<br \/>\nLa Gallina canzon \u00e0 2<br \/>\n(da \u201cCanzoni overo sonate concertate per chiesa e camera,<br \/>\nLibro Terzo, Op.12\u201d Venezia, 1637)<\/p>\n<p>GIOSEPPE GIAMBERTI (CA. 1600-1662\/4)<br \/>\nCuc\u00f9<br \/>\n(da \u201cDuo Tessuti con diversi Solfeggiament Perfidie et Oblighi\u201dRoma, 1657)<\/p>\n<p>MARCO UCCELLINI (CA. 1603-1680)<br \/>\nAria nona L\u2019emenfrodito \u00e0 3, Maritati insieme la Gallina, e&#8217; l Cucco<br \/>\nfanno un bel concerto<br \/>\n(da \u201cSonate, arie et correnti, Op.3\u201d Venezia, 1642)<\/p>\n<p>La prima met\u00e0 del XVII secolo \u00e8 stata cruciale per lo sviluppo della musica strumentale italiana, dove il cornetto ha avuto un ruolo di protagonista, di principe degli strumenti acuti dell\u2019epoca. In contemporanea si diffondeva e perfezionava il violino e si formava il suo repertorio, in una fase della storia della musica dove il cornetto era gi\u00e0 affermato, apprezzato e diffuso, nonch\u00e9 dotato di un consistente repertorio. I due strumenti, nel corso della prima met\u00e0 del Seicento, hanno sviluppato un rapporto sempre pi\u00f9 stretto, diventando intercambiabili. In ogni raccolta di sonate \u00e8 infatti sempre presente la dicitura Sonata per violino \u00f2ver cornetto; sappiamo inoltre che molti strumentisti del tempo come Giovanni Martino Cesare e Johann Vierdank erano sia violinisti che cornettisti. Il programma di Seicento Stravagante in collaborazione con la violinista Rossella Croce \u00e8 un percorso che esplora le forme musicali tipiche del periodo, come canzoni da sonare, sonate, diminuzioni su brani vocali e ostinati, dalla cui trasformazione sono nati i generi musicali solistici e cameristici successivi.<\/p>\n<p>ROSSELLA CROCE<br \/>\nSi diploma in violino nel 1998 con il massimo dei voti al Conservatorio \u201cA. Pedrollo\u201d di Vicenza, con il maestro Fabio Missaggia. Durante gli studi in Conservatorio viene premiata con borse di studio ed \u00e8 finalista in numerosi concorsi violinistici e da camera. Successivamente si \u00e8 specializzata nel repertorio violinistico antico presso la Scuola Civica di Milano e il Conservatorio dell\u2019Aia in Olanda con Enrico Gatti seguendo contemporaneamente numerosi corsi di perfezionamento con R. Terakado, E. Wallfisch,.. Svolge intensa attivit\u00e0 concertistica in Italia e all\u2019estero che la porta ad esibirsi nelle pi\u00f9 prestigiose sale da concerto e teatri del mondo. Collabora, anche in qualit\u00e0 di primo violino, con i principali gruppi specializzati in prassi esecutiva antica, quali Ensemble Zefiro, Accordone, Ensemble Aurora, Accademia Hermans, Accademia Bizantina, Il Gardellino, Cappella Neapolitana, Seicento Stravagante, Meranbaroque, La Risonanza, Accademia Strumentale Italiana, Ensemble A\u2019 l\u2019 Antica, ecc.. Ha effettuato numerose registrazioni radiofoniche per RAI Radio 3, RSI, Radio Tedesca, Radio France, Radio Olandese. Ha inciso per le maggiori case discografiche quali: Sony Classics, Arcana, Alpha, Cpo, Frame, Naive, Cipress, Brilliant, Amadeus, Classic Voice, Stradivarius, Challenge Classics, Eloquentia, Tactus, ecc. ottenendo segnalazioni e riconoscimenti. Di recente pubblicazione le Invenzioni a violino solo op. X di Francesco Antonio Bonporti per La Bottega Discantica (Milano), L\u2019arte della Fuga di J. S. Bach e i Pieces de clavecin en concerts di J. P. Rameau per Challenge Classics in qualit\u00e0 di primo violino con l\u2019Accademia Strumentale Italiana diretta da Alberto Rasi. E\u2019 docente di Musica d\u2019Insieme per Strumenti Antichi presso il conservatorio \u201cA. Scarlatti\u201d di Palermo.<\/p>\n<p>DAVID BRUTTI<br \/>\nHa studiato sassofono con J.\u2010M. Londeix e M. B. Charrier presso il Conservatorio di Bordeaux, ottenendo la \u201cMedaille d\u2019Or\u201d, ha conseguito successivamente il Master in Musica da Camera sotto la guida di Pier Narciso Masi presso \u201cAccademia Pianistica Internazionale di Imola\u201d. Dal 2000 al 2008 David Brutti \u00e8 stato premiato in oltre quindici competizioni internazionali e nazionali. Nel 2012 inizia lo studio del cornetto con Andrea Inghisciano. Collabora regolarmente con diversi prestigiosi direttori e ensemble, tra cui Lautten Compagney, Antonio Florio, Gabriel Garrido, Federico Maria Sardelli, Odhecaton, Accademia Bizantina, Modo Antiquo, La Pifarescha, Ensemble Il Gusto Barocco (Stuttgart), L\u2019Estro d\u2019Orfeo, Cappella Marciana (Venezia), La Folia Barockorchester (Wien), Il Giardino Armonico. Si esibisce in numerosi festival di musica antica come Festival Claudio Monteverdi (Cremona), Trigonale 2016 (Maria Saal \u2010 Austria), Sagra Musicale Umbra e nei principali teatri, chiese e sale da concerto come Teatro Regio \u2010 Torino, Teatro Olimpico \u2010 Vicenza, Teatro Ponchielli \u2010 Cremona, Mannheim Nationaltheater, Auditorium Haydn \u2010 Bolzano, Teatro Abbado \u2010 Ferrara, Theater an per Wien \u2010 Vienna, Teatro La Pergola \u2010 Firenze, Theater M\u00fcnster. Ha effettuato registrazioni per Amadeus, BIS, Pan Classics, Dynamic Brilliant Classics, Bongiovanni, Radio Vaticana, ORF1, Tactus, Dynamic, Extended Place e Pan Classics. \u00c8 attualmente docente di sassofono presso il Conservatorio \u201cC.Monteverdi\u201d di Cremona.<\/p>\n<p>NICOLA LAMON<br \/>\nHa studiato organo con Elsa Bolzonello Zoja, clavicembalo con Sergio Vartolo e Marco Vincenzi presso il Conservatorio \u201cB. Marcello&#8221; di Venezia. Ha conseguito inoltre il diploma in Canto Gregoriano a pieni voti con Lanfranco Menga. Si \u00e8 perfezionato con H. Davidsson, W. Porter, J. L. Gonzalez Uriol e presso l&#8217;Accademia Chigiana di Siena con Cristophe Rousset. Dal 2001 al 2005 ha ottenuto diversi riconoscimenti in vari concorsi nazionali e internazionali, tra cui Borca di Cadore, Viterbo, Fano Adriano (TE), Fusignano (RA) e Pesaro. Nicola Lamon svolge un\u2019intensa attivit\u00e0 concertistica come clavicembalista e organista, sia in veste di solista che di continuista, con particolare interesse per gli organi storici. Collabora regolarmente con diversi prestigiosi direttori e ensemble, quali Marco Mencoboni \u2010 Cantar lontano, I Barocchisti \u2010 Diego Fasolis, Orchestra \u201cLorenzo Da Ponte\u201d \u2010 Roberto Zarpellon, Modo Antiquo \u2010 Federico Maria Sardelli. Ha registrato nel 2021 il primo libro del Clavicembalo ben temperato e L\u2019arte della fuga di J. S. Bach per Velut Luna su un clavicembalo Silbermann di Romain Legros; ha inciso inoltre per le case discografiche Tactus, Brilliant, Arcana, Amadeus, Fra Bernardo, Concerto Classics, Extended Place, Pan Classics e BIS.<\/p>\n","protected":false},"excerpt":{"rendered":"<p>Concerto Ensemble SEICENTO STRAVAGANTE &#8211; 28 luglio 2024 Domenica 28 luglio 2024, ore 17 GRONDONA, chiesa parrocchiale Ensemble \u201cSEICENTO STRAVAGANTE\u201d ROSSELLA CROCE, violino DAVID BRUTTI, cornetto e cornetto muto NICOLA &hellip; <a href=\"https:\/\/www.amicidellorgano.org\/index.php\/2024\/07\/22\/concerto-ensemble-seicento-stravagante-28-luglio-2024\/\" class=\"more-link\">Continua la lettura di <span class=\"screen-reader-text\">Concerto Ensemble SEICENTO STRAVAGANTE &#8211; 28 luglio 2024<\/span> <span class=\"meta-nav\">&rarr;<\/span><\/a><\/p>\n","protected":false},"author":1,"featured_media":0,"comment_status":"closed","ping_status":"closed","sticky":false,"template":"","format":"standard","meta":{"footnotes":""},"categories":[263,13],"tags":[264,39,273],"class_list":["post-2099","post","type-post","status-publish","format-standard","hentry","category-concerti-2024","category-news","tag-concerti2024","tag-grondona","tag-seicento-stravagante"],"_links":{"self":[{"href":"https:\/\/www.amicidellorgano.org\/index.php\/wp-json\/wp\/v2\/posts\/2099"}],"collection":[{"href":"https:\/\/www.amicidellorgano.org\/index.php\/wp-json\/wp\/v2\/posts"}],"about":[{"href":"https:\/\/www.amicidellorgano.org\/index.php\/wp-json\/wp\/v2\/types\/post"}],"author":[{"embeddable":true,"href":"https:\/\/www.amicidellorgano.org\/index.php\/wp-json\/wp\/v2\/users\/1"}],"replies":[{"embeddable":true,"href":"https:\/\/www.amicidellorgano.org\/index.php\/wp-json\/wp\/v2\/comments?post=2099"}],"version-history":[{"count":2,"href":"https:\/\/www.amicidellorgano.org\/index.php\/wp-json\/wp\/v2\/posts\/2099\/revisions"}],"predecessor-version":[{"id":2103,"href":"https:\/\/www.amicidellorgano.org\/index.php\/wp-json\/wp\/v2\/posts\/2099\/revisions\/2103"}],"wp:attachment":[{"href":"https:\/\/www.amicidellorgano.org\/index.php\/wp-json\/wp\/v2\/media?parent=2099"}],"wp:term":[{"taxonomy":"category","embeddable":true,"href":"https:\/\/www.amicidellorgano.org\/index.php\/wp-json\/wp\/v2\/categories?post=2099"},{"taxonomy":"post_tag","embeddable":true,"href":"https:\/\/www.amicidellorgano.org\/index.php\/wp-json\/wp\/v2\/tags?post=2099"}],"curies":[{"name":"wp","href":"https:\/\/api.w.org\/{rel}","templated":true}]}}