{"id":2027,"date":"2024-06-10T10:38:30","date_gmt":"2024-06-10T08:38:30","guid":{"rendered":"https:\/\/www.amicidellorgano.org\/?p=2027"},"modified":"2024-06-10T10:59:28","modified_gmt":"2024-06-10T08:59:28","slug":"in-partenza-la-quarantacinquesima-edizione-della-stagione-internazionale-di-concerti-sugli-organi-storici","status":"publish","type":"post","link":"https:\/\/www.amicidellorgano.org\/index.php\/2024\/06\/10\/in-partenza-la-quarantacinquesima-edizione-della-stagione-internazionale-di-concerti-sugli-organi-storici\/","title":{"rendered":"In partenza la Quarantacinquesima edizione della Stagione internazionale di concerti sugli organi storici"},"content":{"rendered":"<p><strong>In partenza la Quarantecinquesima edizione della Stagione internazionale di concerti sugli organi storici<\/strong><\/p>\n<p><img loading=\"lazy\" decoding=\"async\" class=\"aligncenter size-large wp-image-2033\" src=\"http:\/\/www.amicidellorgano.org\/wp-content\/uploads\/concerti2024\/01-maccaroni-porcile2-1024x683.jpg\" alt=\"\" width=\"474\" height=\"316\" \/><\/p>\n<p><img loading=\"lazy\" decoding=\"async\" class=\"aligncenter size-large wp-image-2034\" src=\"http:\/\/www.amicidellorgano.org\/wp-content\/uploads\/concerti2024\/02-zeno-bianchini-1024x850.jpg\" alt=\"\" width=\"474\" height=\"393\" \/><\/p>\n<p>Cari amici ed appassionati di musica d&#8217;organo, in attesa della conferenza stampa prevista per gioved\u00ec 20 giugno siamo lieti di anticiparvi che il primo concerto della nuova Stagione si terr\u00e0 venerd\u00ec 28 giugno alle 21 presso la chiesa di San Giovanni Evangelista al quartiere Cristo.<br \/>\nAl grande organo \u201cMascioni\u201d costruito nel 2010 si esibir\u00e0 il duo organistico formato da Giuliana Maccaroni e Martino P\u00f2rcile, con un programma davvero \u201cfrizzante\u201d comprendente numerosi trascrizioni di brani operistici di Rossini, di Cimarosa e di Verdi tra i quali la celebre Marcia dell&#8217; Aida che ben si presta a celebrare il quarantacinquesimo anno dei nostri concerti.<br \/>\nNel corso della serata ci sar\u00e0 anche un ricordo di Franco Gatti, Assessore emerito alla Cultura della Provincia di Alessandria recentemente scomparso, che nel lontano 1978 ebbe il merito di ideare, sui pochissimi strumenti storici allora a disposizione, la prima edizione del nostro Festival.<br \/>\nLa sera dopo alla stessa ora grande ritorno a Castelnuovo Scrivia nella bellissima chiesa dei Santi Pietro e Paolo, ove esiste un organo che vanta un ragguardevole nucleo\u00a0 di canne tra i pi\u00f9 antichi di tutta la provincia.<br \/>\nL&#8217;organista italo-tedesco Zeno Bianchini, gi\u00e0 apprezzato ospite di una delle nostre passate Rassegne, proporr\u00e0 un programma assai festoso pensato in onore di San Pietro ed ispirato in parte ai cerimoniali antichi, con brani di Frescobaldi, Fasolo, Buxtehude,\u00a0 Gr\u00fcnberger e Valerj.<br \/>\nIl programma completo verr\u00e0 pubblicato non appena conclusa la conferenza di presentazione. Possiamo solo aggiungere che per celebrare i quarantacinque anni della nostra Rassegna abbiamo programmato un numero eccezionale di appuntamenti: ben diciassette concerti distribuiti su tutto il territorio provinciale pi\u00f9 uno a Mioglia, comune della provincia di Savona distante pochissimi chilometri dalla nostra provincia, nella cui chiesa parrocchiale si trova un bello strumento recentemente restaurato.<br \/>\nLa dimensione internazionale quest&#8217;anno \u00e8 ancora pi\u00f9 ampia, grazie alla presenza di diversi artisti di fama mondiale provenienti dalla Germania, dalla\u00a0\u00a0 Svizzera, dalla Polonia, dalla Spagna e, per la prima volta, dalla Georgia e dalla Finlandia.<br \/>\nLa Stagione di concerti sugli organi storici \u00e8 tradizionalmente sostenuta dalle Fondazioni CRT e CRAL, cui quest&#8217;anno si aggiungono partner diversi. Un grazie di cuore a tutti gli Enti sostenitori e patrocinatori, a tutte le parrocchie ed alle amministrazioni comunali coinvolte, ed a tutti voi<\/p>\n","protected":false},"excerpt":{"rendered":"<p>In partenza la Quarantecinquesima edizione della Stagione internazionale di concerti sugli organi storici Cari amici ed appassionati di musica d&#8217;organo, in attesa della conferenza stampa prevista per gioved\u00ec 20 giugno &hellip; <a href=\"https:\/\/www.amicidellorgano.org\/index.php\/2024\/06\/10\/in-partenza-la-quarantacinquesima-edizione-della-stagione-internazionale-di-concerti-sugli-organi-storici\/\" class=\"more-link\">Continua la lettura di <span class=\"screen-reader-text\">In partenza la Quarantacinquesima edizione della Stagione internazionale di concerti sugli organi storici<\/span> <span class=\"meta-nav\">&rarr;<\/span><\/a><\/p>\n","protected":false},"author":1,"featured_media":0,"comment_status":"closed","ping_status":"closed","sticky":false,"template":"","format":"standard","meta":{"footnotes":""},"categories":[263,13],"tags":[264],"class_list":["post-2027","post","type-post","status-publish","format-standard","hentry","category-concerti-2024","category-news","tag-concerti2024"],"_links":{"self":[{"href":"https:\/\/www.amicidellorgano.org\/index.php\/wp-json\/wp\/v2\/posts\/2027"}],"collection":[{"href":"https:\/\/www.amicidellorgano.org\/index.php\/wp-json\/wp\/v2\/posts"}],"about":[{"href":"https:\/\/www.amicidellorgano.org\/index.php\/wp-json\/wp\/v2\/types\/post"}],"author":[{"embeddable":true,"href":"https:\/\/www.amicidellorgano.org\/index.php\/wp-json\/wp\/v2\/users\/1"}],"replies":[{"embeddable":true,"href":"https:\/\/www.amicidellorgano.org\/index.php\/wp-json\/wp\/v2\/comments?post=2027"}],"version-history":[{"count":5,"href":"https:\/\/www.amicidellorgano.org\/index.php\/wp-json\/wp\/v2\/posts\/2027\/revisions"}],"predecessor-version":[{"id":2037,"href":"https:\/\/www.amicidellorgano.org\/index.php\/wp-json\/wp\/v2\/posts\/2027\/revisions\/2037"}],"wp:attachment":[{"href":"https:\/\/www.amicidellorgano.org\/index.php\/wp-json\/wp\/v2\/media?parent=2027"}],"wp:term":[{"taxonomy":"category","embeddable":true,"href":"https:\/\/www.amicidellorgano.org\/index.php\/wp-json\/wp\/v2\/categories?post=2027"},{"taxonomy":"post_tag","embeddable":true,"href":"https:\/\/www.amicidellorgano.org\/index.php\/wp-json\/wp\/v2\/tags?post=2027"}],"curies":[{"name":"wp","href":"https:\/\/api.w.org\/{rel}","templated":true}]}}