{"id":2011,"date":"2024-05-22T10:56:08","date_gmt":"2024-05-22T08:56:08","guid":{"rendered":"https:\/\/www.amicidellorgano.org\/?p=2011"},"modified":"2024-05-22T12:25:21","modified_gmt":"2024-05-22T10:25:21","slug":"la-musica-e-il-sacro-2024-25-maggio-2024-e-2-giugno-2024","status":"publish","type":"post","link":"https:\/\/www.amicidellorgano.org\/index.php\/2024\/05\/22\/la-musica-e-il-sacro-2024-25-maggio-2024-e-2-giugno-2024\/","title":{"rendered":"La Musica e il sacro 2024 &#8211; 25 maggio 2024 e 2 giugno 2024"},"content":{"rendered":"<p><strong>La Musica e il sacro 2024 &#8211; 25 maggio 2024 e 2 giugno 2024<\/strong><\/p>\n<p><img loading=\"lazy\" decoding=\"async\" class=\"aligncenter wp-image-1873 size-large\" src=\"http:\/\/www.amicidellorgano.org\/wp-content\/uploads\/concerti2023\/06-emanuele-colosetti-978x1024.jpg\" alt=\"La Musica e il sacro 2024 - 25 maggio 2024 e 2 giugno 2024\" width=\"474\" height=\"496\" \/><\/p>\n<div dir=\"ltr\">\n<div>\n<p>La rassegna &#8220;La Musica e il Sacro&#8221;, manifestazione tradizionalmente organizzata dagli Amici dell&#8217;Organo come appendice alla Stagione di concerti sugli organi storici, prosegue\u00a0\u00a0a Novi Ligure sabato 25 maggio alle ore 18 nella Basilica della Maddalena con l&#8217;organista Letizia Romiti che proporr\u00e0 durante la liturgia brani di\u00a0 Andrea Gabrieli: Toccata del Nono Tono, &#8220;Et in terra&#8221; dalla Missa de Beata Virgine, Canzon Ariosa e Fantasia Allegra.<\/p>\n<p>L&#8217;appuntamento successivo \u00e8 domenica 2 giugno alle 17 con il giovane organista Emanuele Colosetti alla Chiesa del Carmine ad Alessandria, che al termine dell&#8217;esecuzione accompagner\u00e0 gli interessati in una visita guidata all&#8217;organo.<br \/>\nIl ciclo \u00e8 stato ideato ed organizzato come ogni anno in collaborazione con il Conservatorio &#8220;A. Vivaldi&#8221; . Gli appuntamenti sono stati affidati agli allievi ed agli\u00a0 ex allievi dell&#8217;Istituto, come pure in qualche caso ad artisti ospiti.<\/p>\n<p>&#8220;La Musica e il Sacro&#8221;, come tutte le altre attivit\u00e0 degli Amici dell&#8217;organo, \u00e8 sostenuta dalla Fondazione Cassa di Risparmio di Alessandria cui vanno una volta di pi\u00f9 i ringraziamenti degli organizzatori per il supporto alla missione di fare conoscere quanto pi\u00f9 possibile l&#8217;organo ed il suo vastissimo repertorio, che trova nelle Messe e nei Vespri un&#8217;occasione non meno importante che nei concerti per attirare ed incuriosire i presenti ed avvicinarli all&#8217;affascinante e complesso mondo della musica organistica.<\/p>\n<\/div>\n<\/div>\n<p><a href=\"http:\/\/www.amicidellorgano.org\/wp-content\/uploads\/messecumorgano2024\/pieg-Musica-e-Sacro-2024.pdf\">programma Musica e Sacro 2024<\/a><\/p>\n<div id='gallery-1' class='gallery galleryid-2011 gallery-columns-3 gallery-size-thumbnail'><figure class='gallery-item'>\n\t\t\t<div class='gallery-icon portrait'>\n\t\t\t\t<a href='https:\/\/www.amicidellorgano.org\/foto-scavio-e-giusy-polito-1-3\/'><img loading=\"lazy\" decoding=\"async\" width=\"150\" height=\"150\" src=\"https:\/\/www.amicidellorgano.org\/wp-content\/uploads\/messecumorgano2024\/foto-Scavio-e-Giusy-Polito-1-150x150.jpg\" class=\"attachment-thumbnail size-thumbnail\" alt=\"\" \/><\/a>\n\t\t\t<\/div><\/figure><figure class='gallery-item'>\n\t\t\t<div class='gallery-icon portrait'>\n\t\t\t\t<a href='https:\/\/www.amicidellorgano.org\/foto-scavio-e-giusy-polito-2\/'><img loading=\"lazy\" decoding=\"async\" width=\"150\" height=\"150\" src=\"https:\/\/www.amicidellorgano.org\/wp-content\/uploads\/messecumorgano2024\/foto-Scavio-e-Giusy-Polito-2-150x150.jpg\" class=\"attachment-thumbnail size-thumbnail\" alt=\"\" \/><\/a>\n\t\t\t<\/div><\/figure><figure class='gallery-item'>\n\t\t\t<div class='gallery-icon landscape'>\n\t\t\t\t<a href='https:\/\/www.amicidellorgano.org\/index.php\/2024\/05\/10\/la-musica-e-il-sacro-2024-antonio-polselli-12-maggio-2024\/foto-polselli-4\/'><img loading=\"lazy\" decoding=\"async\" width=\"150\" height=\"150\" src=\"https:\/\/www.amicidellorgano.org\/wp-content\/uploads\/messecumorgano2024\/foto-Polselli-150x150.jpg\" class=\"attachment-thumbnail size-thumbnail\" alt=\"\" \/><\/a>\n\t\t\t<\/div><\/figure><figure class='gallery-item'>\n\t\t\t<div class='gallery-icon landscape'>\n\t\t\t\t<a href='https:\/\/www.amicidellorgano.org\/foto-taulino-1\/'><img loading=\"lazy\" decoding=\"async\" width=\"150\" height=\"150\" src=\"https:\/\/www.amicidellorgano.org\/wp-content\/uploads\/messecumorgano2024\/foto-Taulino-1-150x150.jpg\" class=\"attachment-thumbnail size-thumbnail\" alt=\"\" \/><\/a>\n\t\t\t<\/div><\/figure><figure class='gallery-item'>\n\t\t\t<div class='gallery-icon portrait'>\n\t\t\t\t<a href='https:\/\/www.amicidellorgano.org\/index.php\/2024\/04\/05\/la-musica-e-il-sacro-2024-andrea-verrando-7-aprile-2024\/foto-verrando-1-3\/'><img loading=\"lazy\" decoding=\"async\" width=\"150\" height=\"150\" src=\"https:\/\/www.amicidellorgano.org\/wp-content\/uploads\/messecumorgano2024\/foto-Verrando-1-150x150.jpg\" class=\"attachment-thumbnail size-thumbnail\" alt=\"La Musica e il sacro 2024 - Andrea Verrando, 7 aprile 2024\" \/><\/a>\n\t\t\t<\/div><\/figure>\n\t\t<\/div>\n\n","protected":false},"excerpt":{"rendered":"<p>La Musica e il sacro 2024 &#8211; 25 maggio 2024 e 2 giugno 2024 La rassegna &#8220;La Musica e il Sacro&#8221;, manifestazione tradizionalmente organizzata dagli Amici dell&#8217;Organo come appendice alla &hellip; <a href=\"https:\/\/www.amicidellorgano.org\/index.php\/2024\/05\/22\/la-musica-e-il-sacro-2024-25-maggio-2024-e-2-giugno-2024\/\" class=\"more-link\">Continua la lettura di <span class=\"screen-reader-text\">La Musica e il sacro 2024 &#8211; 25 maggio 2024 e 2 giugno 2024<\/span> <span class=\"meta-nav\">&rarr;<\/span><\/a><\/p>\n","protected":false},"author":1,"featured_media":0,"comment_status":"closed","ping_status":"closed","sticky":false,"template":"","format":"standard","meta":{"footnotes":""},"categories":[65,260,13],"tags":[51,243,18,66,261,49],"class_list":["post-2011","post","type-post","status-publish","format-standard","hentry","category-musica-e-sacro","category-musica-e-sacro-2024","category-news","tag-alessandria","tag-emanuele-colosetti","tag-letizia-romiti","tag-musica-e-sacro","tag-musica-e-sacro-2024","tag-novi-ligure"],"_links":{"self":[{"href":"https:\/\/www.amicidellorgano.org\/index.php\/wp-json\/wp\/v2\/posts\/2011"}],"collection":[{"href":"https:\/\/www.amicidellorgano.org\/index.php\/wp-json\/wp\/v2\/posts"}],"about":[{"href":"https:\/\/www.amicidellorgano.org\/index.php\/wp-json\/wp\/v2\/types\/post"}],"author":[{"embeddable":true,"href":"https:\/\/www.amicidellorgano.org\/index.php\/wp-json\/wp\/v2\/users\/1"}],"replies":[{"embeddable":true,"href":"https:\/\/www.amicidellorgano.org\/index.php\/wp-json\/wp\/v2\/comments?post=2011"}],"version-history":[{"count":5,"href":"https:\/\/www.amicidellorgano.org\/index.php\/wp-json\/wp\/v2\/posts\/2011\/revisions"}],"predecessor-version":[{"id":2016,"href":"https:\/\/www.amicidellorgano.org\/index.php\/wp-json\/wp\/v2\/posts\/2011\/revisions\/2016"}],"wp:attachment":[{"href":"https:\/\/www.amicidellorgano.org\/index.php\/wp-json\/wp\/v2\/media?parent=2011"}],"wp:term":[{"taxonomy":"category","embeddable":true,"href":"https:\/\/www.amicidellorgano.org\/index.php\/wp-json\/wp\/v2\/categories?post=2011"},{"taxonomy":"post_tag","embeddable":true,"href":"https:\/\/www.amicidellorgano.org\/index.php\/wp-json\/wp\/v2\/tags?post=2011"}],"curies":[{"name":"wp","href":"https:\/\/api.w.org\/{rel}","templated":true}]}}