{"id":2005,"date":"2024-05-10T13:31:43","date_gmt":"2024-05-10T11:31:43","guid":{"rendered":"https:\/\/www.amicidellorgano.org\/?p=2005"},"modified":"2024-05-10T13:34:23","modified_gmt":"2024-05-10T11:34:23","slug":"la-musica-e-il-sacro-2024-antonio-polselli-12-maggio-2024","status":"publish","type":"post","link":"https:\/\/www.amicidellorgano.org\/index.php\/2024\/05\/10\/la-musica-e-il-sacro-2024-antonio-polselli-12-maggio-2024\/","title":{"rendered":"La Musica e il sacro 2024 &#8211; Antonio Polselli, 12 maggio 2024"},"content":{"rendered":"<p><strong>La Musica e il sacro 2024 &#8211; Antonio Polselli, 12 maggio 2024<\/strong><\/p>\n<p><img loading=\"lazy\" decoding=\"async\" class=\"aligncenter size-full wp-image-1987\" src=\"http:\/\/www.amicidellorgano.org\/wp-content\/uploads\/messecumorgano2024\/foto-Polselli.jpg\" alt=\"\" width=\"680\" height=\"680\" \/><\/p>\n<div dir=\"ltr\">\n<div>\n<p>Prosegue ad Alessandria<span class=\"gmail_default\">,a Tortona <\/span>\u00a0ed a Novi Ligure &#8220;La Musica e il Sacro&#8221; , manifestazione tradizionalmente organizzata dagli Amici dell&#8217;Organo come appendice alla Stagione di concerti sugli organi storici, in collaborazione con il Conservatorio &#8220;A. Vivaldi&#8221; ed affidata ad allievi ed ex allievi dell&#8217;Istituto, in qualche caso anche ad artisti ospiti.<\/p>\n<div dir=\"auto\">Nel<span class=\"gmail_default\"> Santuario Madonna della Guardia a Tortona domenica 12 maggio alle 18 l<\/span>&#8216;organista Antonio Polselli<span class=\"gmail_default\">, titolare dell&#8217;organo &#8220;Bianchi&#8221; della chiesa parrocchiale di Mandrogne,<\/span> far\u00e0 ascoltare\u00a0<span class=\"gmail_default\">nel corso della messa<\/span> musiche di <span class=\"gmail_default\">Severino Gastorius, Renato Mojoli e Domenico Zipoli<\/span>.<\/div>\n<div><\/div>\n<div dir=\"auto\">&#8220;La Musica e il Sacro&#8221;, come tutte le altre attivit\u00e0 degli Amici dell&#8217;organo, \u00e8 sostenuta dalla Fondazione Cassa di Risparmio di Alessandria cui vanno una volta di pi\u00f9 i ringraziamenti degli organizzatori per il supporto alla missione di fare conoscere quanto pi\u00f9 possibile l&#8217;organo ed il suo vastissimo repertorio, che trova nelle<\/div>\n<div dir=\"auto\">Messe e nei Vespri un&#8217;occasione non meno importante che nei concerti\u00a0<span class=\"gmail_default\">per<\/span>\u00a0attirare e<span class=\"gmail_default\">d<\/span>\u00a0incuriosire i presenti.<\/div>\n<div dir=\"auto\"><\/div>\n<\/div>\n<\/div>\n<p><a href=\"http:\/\/www.amicidellorgano.org\/wp-content\/uploads\/messecumorgano2024\/pieg-Musica-e-Sacro-2024.pdf\">programma Musica e Sacro 2024<\/a><\/p>\n<div id='gallery-1' class='gallery galleryid-2005 gallery-columns-3 gallery-size-thumbnail'><figure class='gallery-item'>\n\t\t\t<div class='gallery-icon portrait'>\n\t\t\t\t<a href='https:\/\/www.amicidellorgano.org\/foto-scavio-e-giusy-polito-1-3\/'><img loading=\"lazy\" decoding=\"async\" width=\"150\" height=\"150\" src=\"https:\/\/www.amicidellorgano.org\/wp-content\/uploads\/messecumorgano2024\/foto-Scavio-e-Giusy-Polito-1-150x150.jpg\" class=\"attachment-thumbnail size-thumbnail\" alt=\"\" \/><\/a>\n\t\t\t<\/div><\/figure><figure class='gallery-item'>\n\t\t\t<div class='gallery-icon portrait'>\n\t\t\t\t<a href='https:\/\/www.amicidellorgano.org\/foto-scavio-e-giusy-polito-2\/'><img loading=\"lazy\" decoding=\"async\" width=\"150\" height=\"150\" src=\"https:\/\/www.amicidellorgano.org\/wp-content\/uploads\/messecumorgano2024\/foto-Scavio-e-Giusy-Polito-2-150x150.jpg\" class=\"attachment-thumbnail size-thumbnail\" alt=\"\" \/><\/a>\n\t\t\t<\/div><\/figure><figure class='gallery-item'>\n\t\t\t<div class='gallery-icon landscape'>\n\t\t\t\t<a href='https:\/\/www.amicidellorgano.org\/index.php\/2024\/05\/10\/la-musica-e-il-sacro-2024-antonio-polselli-12-maggio-2024\/foto-polselli-4\/'><img loading=\"lazy\" decoding=\"async\" width=\"150\" height=\"150\" src=\"https:\/\/www.amicidellorgano.org\/wp-content\/uploads\/messecumorgano2024\/foto-Polselli-150x150.jpg\" class=\"attachment-thumbnail size-thumbnail\" alt=\"\" \/><\/a>\n\t\t\t<\/div><\/figure><figure class='gallery-item'>\n\t\t\t<div class='gallery-icon landscape'>\n\t\t\t\t<a href='https:\/\/www.amicidellorgano.org\/foto-taulino-1\/'><img loading=\"lazy\" decoding=\"async\" width=\"150\" height=\"150\" src=\"https:\/\/www.amicidellorgano.org\/wp-content\/uploads\/messecumorgano2024\/foto-Taulino-1-150x150.jpg\" class=\"attachment-thumbnail size-thumbnail\" alt=\"\" \/><\/a>\n\t\t\t<\/div><\/figure><figure class='gallery-item'>\n\t\t\t<div class='gallery-icon portrait'>\n\t\t\t\t<a href='https:\/\/www.amicidellorgano.org\/index.php\/2024\/04\/05\/la-musica-e-il-sacro-2024-andrea-verrando-7-aprile-2024\/foto-verrando-1-3\/'><img loading=\"lazy\" decoding=\"async\" width=\"150\" height=\"150\" src=\"https:\/\/www.amicidellorgano.org\/wp-content\/uploads\/messecumorgano2024\/foto-Verrando-1-150x150.jpg\" class=\"attachment-thumbnail size-thumbnail\" alt=\"La Musica e il sacro 2024 - Andrea Verrando, 7 aprile 2024\" \/><\/a>\n\t\t\t<\/div><\/figure>\n\t\t<\/div>\n\n","protected":false},"excerpt":{"rendered":"<p>La Musica e il sacro 2024 &#8211; Antonio Polselli, 12 maggio 2024 Prosegue ad Alessandria,a Tortona \u00a0ed a Novi Ligure &#8220;La Musica e il Sacro&#8221; , manifestazione tradizionalmente organizzata dagli &hellip; <a href=\"https:\/\/www.amicidellorgano.org\/index.php\/2024\/05\/10\/la-musica-e-il-sacro-2024-antonio-polselli-12-maggio-2024\/\" class=\"more-link\">Continua la lettura di <span class=\"screen-reader-text\">La Musica e il sacro 2024 &#8211; Antonio Polselli, 12 maggio 2024<\/span> <span class=\"meta-nav\">&rarr;<\/span><\/a><\/p>\n","protected":false},"author":1,"featured_media":0,"comment_status":"closed","ping_status":"closed","sticky":false,"template":"","format":"standard","meta":{"footnotes":""},"categories":[65,260,13],"tags":[262,66,261,44],"class_list":["post-2005","post","type-post","status-publish","format-standard","hentry","category-musica-e-sacro","category-musica-e-sacro-2024","category-news","tag-antonio-polselli","tag-musica-e-sacro","tag-musica-e-sacro-2024","tag-tortona"],"_links":{"self":[{"href":"https:\/\/www.amicidellorgano.org\/index.php\/wp-json\/wp\/v2\/posts\/2005"}],"collection":[{"href":"https:\/\/www.amicidellorgano.org\/index.php\/wp-json\/wp\/v2\/posts"}],"about":[{"href":"https:\/\/www.amicidellorgano.org\/index.php\/wp-json\/wp\/v2\/types\/post"}],"author":[{"embeddable":true,"href":"https:\/\/www.amicidellorgano.org\/index.php\/wp-json\/wp\/v2\/users\/1"}],"replies":[{"embeddable":true,"href":"https:\/\/www.amicidellorgano.org\/index.php\/wp-json\/wp\/v2\/comments?post=2005"}],"version-history":[{"count":4,"href":"https:\/\/www.amicidellorgano.org\/index.php\/wp-json\/wp\/v2\/posts\/2005\/revisions"}],"predecessor-version":[{"id":2009,"href":"https:\/\/www.amicidellorgano.org\/index.php\/wp-json\/wp\/v2\/posts\/2005\/revisions\/2009"}],"wp:attachment":[{"href":"https:\/\/www.amicidellorgano.org\/index.php\/wp-json\/wp\/v2\/media?parent=2005"}],"wp:term":[{"taxonomy":"category","embeddable":true,"href":"https:\/\/www.amicidellorgano.org\/index.php\/wp-json\/wp\/v2\/categories?post=2005"},{"taxonomy":"post_tag","embeddable":true,"href":"https:\/\/www.amicidellorgano.org\/index.php\/wp-json\/wp\/v2\/tags?post=2005"}],"curies":[{"name":"wp","href":"https:\/\/api.w.org\/{rel}","templated":true}]}}