{"id":1996,"date":"2024-04-05T15:23:18","date_gmt":"2024-04-05T13:23:18","guid":{"rendered":"https:\/\/www.amicidellorgano.org\/?p=1996"},"modified":"2024-04-05T15:23:18","modified_gmt":"2024-04-05T13:23:18","slug":"la-musica-e-il-sacro-2024-andrea-verrando-7-aprile-2024","status":"publish","type":"post","link":"https:\/\/www.amicidellorgano.org\/index.php\/2024\/04\/05\/la-musica-e-il-sacro-2024-andrea-verrando-7-aprile-2024\/","title":{"rendered":"La Musica e il sacro 2024 &#8211; Andrea Verrando, 7 aprile 2024"},"content":{"rendered":"<p><strong>La Musica e il sacro 2024 &#8211; Andrea Verrando, 7 aprile 2024<\/strong><\/p>\n<p><img loading=\"lazy\" decoding=\"async\" class=\"aligncenter size-full wp-image-1984\" src=\"http:\/\/www.amicidellorgano.org\/wp-content\/uploads\/messecumorgano2024\/foto-Verrando-1.jpg\" alt=\"La Musica e il sacro 2024 - Andrea Verrando, 7 aprile 2024\" width=\"642\" height=\"768\" \/><\/p>\n<div class=\"gmail_default\">La rassegna \u201cLa Musica e il Sacro\u201d, organizzata dall&#8217;Associazione Amici dell&#8217;Organo e sostenuta dalla Fondazione CRAL, domenica 7 aprile alle 17 si esibir\u00e0 nella chiesa del Carmine ad Alessandria l&#8217;organista Andrea Verrando, titolare del grande organo della Cattedrale di Ventimiglia nonch\u00e9 laureando al biennio superiore di Organo presso il Conservatorio di Alessandria, nella classe del M\u00b0 Daniele Boccaccio.<\/div>\n<div class=\"gmail_quote\">\n<div dir=\"ltr\">\n<div dir=\"ltr\">\n<div dir=\"ltr\">\n<p>All&#8217;organo \u201cLingiardi \u2013 Marin\u201d Verrando eseguir\u00e0 l&#8217;Adagio dalla Terza Sonata Op. 56 di Alexandre Guilmant, nonch\u00e9 il secondo Corale in si minore di C\u00e9sar Franck, una delle pietre miliari della musica organistica romantica francese.<\/p>\n<p>L&#8217;esecuzione sar\u00e0 seguita da una breve conferenza di Letizia Romiti dal titolo \u201cGli organi storici di Alessandria\u201d.<\/p>\n<p>L&#8217;ingresso \u00e8 libero e gratuito<\/p>\n<\/div>\n<\/div>\n<\/div>\n<\/div>\n<p><a href=\"http:\/\/www.amicidellorgano.org\/wp-content\/uploads\/messecumorgano2024\/pieg-Musica-e-Sacro-2024.pdf\">programma Musica e Sacro 2024<\/a><\/p>\n<div id='gallery-1' class='gallery galleryid-1996 gallery-columns-3 gallery-size-thumbnail'><figure class='gallery-item'>\n\t\t\t<div class='gallery-icon portrait'>\n\t\t\t\t<a href='https:\/\/www.amicidellorgano.org\/foto-scavio-e-giusy-polito-1-3\/'><img loading=\"lazy\" decoding=\"async\" width=\"150\" height=\"150\" src=\"https:\/\/www.amicidellorgano.org\/wp-content\/uploads\/messecumorgano2024\/foto-Scavio-e-Giusy-Polito-1-150x150.jpg\" class=\"attachment-thumbnail size-thumbnail\" alt=\"\" \/><\/a>\n\t\t\t<\/div><\/figure><figure class='gallery-item'>\n\t\t\t<div class='gallery-icon portrait'>\n\t\t\t\t<a href='https:\/\/www.amicidellorgano.org\/foto-scavio-e-giusy-polito-2\/'><img loading=\"lazy\" decoding=\"async\" width=\"150\" height=\"150\" src=\"https:\/\/www.amicidellorgano.org\/wp-content\/uploads\/messecumorgano2024\/foto-Scavio-e-Giusy-Polito-2-150x150.jpg\" class=\"attachment-thumbnail size-thumbnail\" alt=\"\" \/><\/a>\n\t\t\t<\/div><\/figure><figure class='gallery-item'>\n\t\t\t<div class='gallery-icon landscape'>\n\t\t\t\t<a href='https:\/\/www.amicidellorgano.org\/index.php\/2024\/05\/10\/la-musica-e-il-sacro-2024-antonio-polselli-12-maggio-2024\/foto-polselli-4\/'><img loading=\"lazy\" decoding=\"async\" width=\"150\" height=\"150\" src=\"https:\/\/www.amicidellorgano.org\/wp-content\/uploads\/messecumorgano2024\/foto-Polselli-150x150.jpg\" class=\"attachment-thumbnail size-thumbnail\" alt=\"\" \/><\/a>\n\t\t\t<\/div><\/figure><figure class='gallery-item'>\n\t\t\t<div class='gallery-icon landscape'>\n\t\t\t\t<a href='https:\/\/www.amicidellorgano.org\/foto-taulino-1\/'><img loading=\"lazy\" decoding=\"async\" width=\"150\" height=\"150\" src=\"https:\/\/www.amicidellorgano.org\/wp-content\/uploads\/messecumorgano2024\/foto-Taulino-1-150x150.jpg\" class=\"attachment-thumbnail size-thumbnail\" alt=\"\" \/><\/a>\n\t\t\t<\/div><\/figure><figure class='gallery-item'>\n\t\t\t<div class='gallery-icon portrait'>\n\t\t\t\t<a href='https:\/\/www.amicidellorgano.org\/index.php\/2024\/04\/05\/la-musica-e-il-sacro-2024-andrea-verrando-7-aprile-2024\/foto-verrando-1-3\/'><img loading=\"lazy\" decoding=\"async\" width=\"150\" height=\"150\" src=\"https:\/\/www.amicidellorgano.org\/wp-content\/uploads\/messecumorgano2024\/foto-Verrando-1-150x150.jpg\" class=\"attachment-thumbnail size-thumbnail\" alt=\"La Musica e il sacro 2024 - Andrea Verrando, 7 aprile 2024\" \/><\/a>\n\t\t\t<\/div><\/figure>\n\t\t<\/div>\n\n","protected":false},"excerpt":{"rendered":"<p>La Musica e il sacro 2024 &#8211; Andrea Verrando, 7 aprile 2024 La rassegna \u201cLa Musica e il Sacro\u201d, organizzata dall&#8217;Associazione Amici dell&#8217;Organo e sostenuta dalla Fondazione CRAL, domenica 7 &hellip; <a href=\"https:\/\/www.amicidellorgano.org\/index.php\/2024\/04\/05\/la-musica-e-il-sacro-2024-andrea-verrando-7-aprile-2024\/\" class=\"more-link\">Continua la lettura di <span class=\"screen-reader-text\">La Musica e il sacro 2024 &#8211; Andrea Verrando, 7 aprile 2024<\/span> <span class=\"meta-nav\">&rarr;<\/span><\/a><\/p>\n","protected":false},"author":1,"featured_media":0,"comment_status":"closed","ping_status":"closed","sticky":false,"template":"","format":"standard","meta":{"footnotes":""},"categories":[65,260,13],"tags":[51,225,66,261],"class_list":["post-1996","post","type-post","status-publish","format-standard","hentry","category-musica-e-sacro","category-musica-e-sacro-2024","category-news","tag-alessandria","tag-andrea-verrando","tag-musica-e-sacro","tag-musica-e-sacro-2024"],"_links":{"self":[{"href":"https:\/\/www.amicidellorgano.org\/index.php\/wp-json\/wp\/v2\/posts\/1996"}],"collection":[{"href":"https:\/\/www.amicidellorgano.org\/index.php\/wp-json\/wp\/v2\/posts"}],"about":[{"href":"https:\/\/www.amicidellorgano.org\/index.php\/wp-json\/wp\/v2\/types\/post"}],"author":[{"embeddable":true,"href":"https:\/\/www.amicidellorgano.org\/index.php\/wp-json\/wp\/v2\/users\/1"}],"replies":[{"embeddable":true,"href":"https:\/\/www.amicidellorgano.org\/index.php\/wp-json\/wp\/v2\/comments?post=1996"}],"version-history":[{"count":1,"href":"https:\/\/www.amicidellorgano.org\/index.php\/wp-json\/wp\/v2\/posts\/1996\/revisions"}],"predecessor-version":[{"id":1997,"href":"https:\/\/www.amicidellorgano.org\/index.php\/wp-json\/wp\/v2\/posts\/1996\/revisions\/1997"}],"wp:attachment":[{"href":"https:\/\/www.amicidellorgano.org\/index.php\/wp-json\/wp\/v2\/media?parent=1996"}],"wp:term":[{"taxonomy":"category","embeddable":true,"href":"https:\/\/www.amicidellorgano.org\/index.php\/wp-json\/wp\/v2\/categories?post=1996"},{"taxonomy":"post_tag","embeddable":true,"href":"https:\/\/www.amicidellorgano.org\/index.php\/wp-json\/wp\/v2\/tags?post=1996"}],"curies":[{"name":"wp","href":"https:\/\/api.w.org\/{rel}","templated":true}]}}