{"id":1993,"date":"2024-03-10T11:36:13","date_gmt":"2024-03-10T10:36:13","guid":{"rendered":"https:\/\/www.amicidellorgano.org\/?p=1993"},"modified":"2024-03-10T11:36:13","modified_gmt":"2024-03-10T10:36:13","slug":"la-musica-e-il-sacro-2024-programma-dei-concerti","status":"publish","type":"post","link":"https:\/\/www.amicidellorgano.org\/index.php\/2024\/03\/10\/la-musica-e-il-sacro-2024-programma-dei-concerti\/","title":{"rendered":"La Musica e il sacro 2024 &#8211; programma dei concerti"},"content":{"rendered":"<p><strong>La Musica e il sacro 2024 &#8211; programma dei concerti<\/strong><\/p>\n<p>Prende il via il 17 marzo 2024 alle ore 17 nella chiesa del Carmine ad Alessandria, e in contemporanea al Santuario Madonna della Guardia a Tortona, la rassegna &#8220;La Musica e il Sacro&#8221;, manifestazione tradizionalmente organizzata dagli Amici dell&#8217;Organo come appendice alla Stagione di concerti sugli organi storici, in collaborazione con il Conservatorio &#8220;A. Vivaldi&#8221; ed affidata ad allievi ed ex allievi dell&#8217;Istituto, ed in qualche caso anche ad artisti ospiti.<br \/>\nLe chiese interessate saranno quella del Carmine in via dei Guasco ad Alessandria, la Basilica della Maddalena a Novi Ligure ed appunto, per la prima volta, il Santuario Mariano di Tortona, con una puntata come di consueto nella Parrocchiale di Oviglio domenica 5 maggio 2024 alle ore 10.<br \/>\nL&#8217;edizione di quest&#8217;anno si apre con numerose novit\u00e0: mentre alla Maddalena come ad Oviglio ed a Tortona gli interventi organistici durante la liturgia si svolgeranno in forma tradizionale, ad Alessandria la domenica pomeriggio si potr\u00e0 invece ascoltare un breve concerto a cura degli allievi di Organo del Conservatorio \u201cA. Vivaldi\u201d della classe del prof. Daniele Boccaccio. Ogni evento, svincolato dalla liturgia, sar\u00e0 preceduto o seguito da alcune brevi conferenze a cura del prof. Luciano Orsini, direttore dell&#8217;Ufficio peri Beni Culturali Ecclesiastici, di don Stefano Tessaglia e di Letizia Romiti. Al termine dell&#8217;ultimo appuntamento verr\u00e0 effettuata una visita guidata all&#8217;organo \u201cLingiardi \u2013 Marin\u201d della chiesa del Carmine, a cura di Emanuele Colosetti e di Letizia Romiti.<\/p>\n<p>A Novi Ligure l&#8217;appuntamento come sempre coincider\u00e0 con l&#8217;inizio della messa, alle 17.30 con l&#8217;ora solare ed alle 18 con il passaggio all&#8217;ora legale.<br \/>\nDomenica 17 marzo 2024 la Rassegna sar\u00e0 inaugurata da Stefano Occhipinti con brani di Walther e di Bach. Il mese successivo sar\u00e0 poi la volta di Andrea Verrando, iscritto al Biennio Superiore di Organo.<\/p>\n<p>A Tortona sempre domenica 17 marzo 2024 saranno invece Giusy Polito al flauto e Daniela Scavio all&#8217;organo a dare il via alle Messe \u201ccum Organo\u201d con brani di Bach, Franck e Chaikowskij.<br \/>\nA Novi Ligure si partir\u00e0 invece il 23 marzo 2024 sempre con Daniela Scavio e Giusy Polito con brani di Bach e di Benedetto Marcello.<\/p>\n<p>&#8220;La Musica e il Sacro&#8221;, come tutte le altre attivit\u00e0 degli Amici dell&#8217;Organo, \u00e8 sostenuta dalla Fondazione Cassa di Risparmio di Alessandria cui vanno una volta di pi\u00f9 i ringraziamenti degli Amici dell&#8217;Organo per il supporto alla missione di fare conoscere quanto pi\u00f9 possibile l&#8217;organo ed il suo vastissimo repertorio, che trova nelle Messe e nei Vespri un&#8217;occasione non meno importante dei concerti per attirare ed incuriosire i presenti.<\/p>\n<p>Un particolare ringraziamento va al parroco del Carmine don Giampaolo Orsini, al Priore della Confraternita della Maddalena Paolo Reppetti ed al Rettore del Santuario Madonna della Guardia mons. Enzo Vanoi.<\/p>\n<p><a href=\"http:\/\/www.amicidellorgano.org\/wp-content\/uploads\/messecumorgano2024\/pieg-Musica-e-Sacro-2024.pdf\">programma Musica e Sacro 2024<\/a><\/p>\n<div id='gallery-1' class='gallery galleryid-1993 gallery-columns-3 gallery-size-thumbnail'><figure class='gallery-item'>\n\t\t\t<div class='gallery-icon portrait'>\n\t\t\t\t<a href='https:\/\/www.amicidellorgano.org\/foto-scavio-e-giusy-polito-1-3\/'><img loading=\"lazy\" decoding=\"async\" width=\"150\" height=\"150\" src=\"https:\/\/www.amicidellorgano.org\/wp-content\/uploads\/messecumorgano2024\/foto-Scavio-e-Giusy-Polito-1-150x150.jpg\" class=\"attachment-thumbnail size-thumbnail\" alt=\"\" \/><\/a>\n\t\t\t<\/div><\/figure><figure class='gallery-item'>\n\t\t\t<div class='gallery-icon portrait'>\n\t\t\t\t<a href='https:\/\/www.amicidellorgano.org\/foto-scavio-e-giusy-polito-2\/'><img loading=\"lazy\" decoding=\"async\" width=\"150\" height=\"150\" src=\"https:\/\/www.amicidellorgano.org\/wp-content\/uploads\/messecumorgano2024\/foto-Scavio-e-Giusy-Polito-2-150x150.jpg\" class=\"attachment-thumbnail size-thumbnail\" alt=\"\" \/><\/a>\n\t\t\t<\/div><\/figure><figure class='gallery-item'>\n\t\t\t<div class='gallery-icon landscape'>\n\t\t\t\t<a href='https:\/\/www.amicidellorgano.org\/index.php\/2024\/05\/10\/la-musica-e-il-sacro-2024-antonio-polselli-12-maggio-2024\/foto-polselli-4\/'><img loading=\"lazy\" decoding=\"async\" width=\"150\" height=\"150\" src=\"https:\/\/www.amicidellorgano.org\/wp-content\/uploads\/messecumorgano2024\/foto-Polselli-150x150.jpg\" class=\"attachment-thumbnail size-thumbnail\" alt=\"\" \/><\/a>\n\t\t\t<\/div><\/figure><figure class='gallery-item'>\n\t\t\t<div class='gallery-icon landscape'>\n\t\t\t\t<a href='https:\/\/www.amicidellorgano.org\/foto-taulino-1\/'><img loading=\"lazy\" decoding=\"async\" width=\"150\" height=\"150\" src=\"https:\/\/www.amicidellorgano.org\/wp-content\/uploads\/messecumorgano2024\/foto-Taulino-1-150x150.jpg\" class=\"attachment-thumbnail size-thumbnail\" alt=\"\" \/><\/a>\n\t\t\t<\/div><\/figure><figure class='gallery-item'>\n\t\t\t<div class='gallery-icon portrait'>\n\t\t\t\t<a href='https:\/\/www.amicidellorgano.org\/index.php\/2024\/04\/05\/la-musica-e-il-sacro-2024-andrea-verrando-7-aprile-2024\/foto-verrando-1-3\/'><img loading=\"lazy\" decoding=\"async\" width=\"150\" height=\"150\" src=\"https:\/\/www.amicidellorgano.org\/wp-content\/uploads\/messecumorgano2024\/foto-Verrando-1-150x150.jpg\" class=\"attachment-thumbnail size-thumbnail\" alt=\"La Musica e il sacro 2024 - Andrea Verrando, 7 aprile 2024\" \/><\/a>\n\t\t\t<\/div><\/figure>\n\t\t<\/div>\n\n","protected":false},"excerpt":{"rendered":"<p>La Musica e il sacro 2024 &#8211; programma dei concerti Prende il via il 17 marzo 2024 alle ore 17 nella chiesa del Carmine ad Alessandria, e in contemporanea al &hellip; <a href=\"https:\/\/www.amicidellorgano.org\/index.php\/2024\/03\/10\/la-musica-e-il-sacro-2024-programma-dei-concerti\/\" class=\"more-link\">Continua la lettura di <span class=\"screen-reader-text\">La Musica e il sacro 2024 &#8211; programma dei concerti<\/span> <span class=\"meta-nav\">&rarr;<\/span><\/a><\/p>\n","protected":false},"author":1,"featured_media":0,"comment_status":"closed","ping_status":"closed","sticky":false,"template":"","format":"standard","meta":{"footnotes":""},"categories":[65,260,13],"tags":[66,261],"class_list":["post-1993","post","type-post","status-publish","format-standard","hentry","category-musica-e-sacro","category-musica-e-sacro-2024","category-news","tag-musica-e-sacro","tag-musica-e-sacro-2024"],"_links":{"self":[{"href":"https:\/\/www.amicidellorgano.org\/index.php\/wp-json\/wp\/v2\/posts\/1993"}],"collection":[{"href":"https:\/\/www.amicidellorgano.org\/index.php\/wp-json\/wp\/v2\/posts"}],"about":[{"href":"https:\/\/www.amicidellorgano.org\/index.php\/wp-json\/wp\/v2\/types\/post"}],"author":[{"embeddable":true,"href":"https:\/\/www.amicidellorgano.org\/index.php\/wp-json\/wp\/v2\/users\/1"}],"replies":[{"embeddable":true,"href":"https:\/\/www.amicidellorgano.org\/index.php\/wp-json\/wp\/v2\/comments?post=1993"}],"version-history":[{"count":1,"href":"https:\/\/www.amicidellorgano.org\/index.php\/wp-json\/wp\/v2\/posts\/1993\/revisions"}],"predecessor-version":[{"id":1994,"href":"https:\/\/www.amicidellorgano.org\/index.php\/wp-json\/wp\/v2\/posts\/1993\/revisions\/1994"}],"wp:attachment":[{"href":"https:\/\/www.amicidellorgano.org\/index.php\/wp-json\/wp\/v2\/media?parent=1993"}],"wp:term":[{"taxonomy":"category","embeddable":true,"href":"https:\/\/www.amicidellorgano.org\/index.php\/wp-json\/wp\/v2\/categories?post=1993"},{"taxonomy":"post_tag","embeddable":true,"href":"https:\/\/www.amicidellorgano.org\/index.php\/wp-json\/wp\/v2\/tags?post=1993"}],"curies":[{"name":"wp","href":"https:\/\/api.w.org\/{rel}","templated":true}]}}