{"id":1947,"date":"2023-09-25T10:40:21","date_gmt":"2023-09-25T08:40:21","guid":{"rendered":"https:\/\/www.amicidellorgano.org\/?p=1947"},"modified":"2023-09-25T10:41:25","modified_gmt":"2023-09-25T08:41:25","slug":"concerto-olivier-eisenmann-30-settembre-2023","status":"publish","type":"post","link":"https:\/\/www.amicidellorgano.org\/index.php\/2023\/09\/25\/concerto-olivier-eisenmann-30-settembre-2023\/","title":{"rendered":"Concerto Olivier Eisenmann &#8211; 30 settembre 2023"},"content":{"rendered":"<p><strong>Concerto Olivier Eisenmann &#8211; 30 settembre 2023<\/strong><\/p>\n<p><strong><img loading=\"lazy\" decoding=\"async\" class=\"aligncenter wp-image-1943 size-large\" src=\"http:\/\/www.amicidellorgano.org\/wp-content\/uploads\/concerti2023\/16-olivier-eisenmann-1024x768.jpg\" alt=\"Concerto Olivier Eisenmann - 30 settembre 2023\" width=\"474\" height=\"356\" \/><\/strong><\/p>\n<p><strong>Sabato 30 settembre 2023 ore 18<\/strong><br \/>\n<strong>TORTONA, Santuario Madonna della Guardia<\/strong><br \/>\n<strong>OLIVIER EISENMANN, organo (Svizzera)<\/strong><br \/>\n<strong>dedicato a Paolo Perduca<\/strong><\/p>\n<p>Sabato 30 settembre alle ore 18 a\u00a0TORTONA, nel Santuario Madonna della Guardia,\u00a0 si terr\u00e0 il tradizionale concerto dedicato alla memoria del maestro Paolo Perduca. Per l&#8217;occasione torner\u00e0 alla consolle del prestigioso organo &#8220;Mascioni&#8221; il noto concertista svizzero Olivier Eisenmann, protagonista di un applauditissimo\u00a0concerto alcuni anni orsono.<br \/>\nIl nuovo programma che Eisenmann far\u00e0 ascoltare \u00e8 insieme assai virtuosistico ed evocativo. Si aprir\u00e0 con una famosa Toccata di Georg Muffat e proseguir\u00e0 con autori romantici e neoromantici del nord Europa quali il danese Niels Gade, il tedesco Joseph Renner che tutti gli organisti italiani conoscono a causa dei suoi Dodici Trii il cui studio \u00e8 previsto nel corso del periodo inferiore del corso di Organo e Composizione Organistica nei Conservatori di Stato, l&#8217;inglese Christopher Tambling ed i connazionali Padre Otto Rehm e Paul Huber, la cui suggestiva &#8221; Toccata sulle campane del duomo di St. Gallen &#8221; chiuder\u00e0 il concerto.<\/p>\n<p><strong>Programma<br \/>\n<\/strong>GEORG MUFFAT (1653-1704)<br \/>\nToccata undecima in Do minore<br \/>\n(da \u201cApparatus musico-organisticus\u201d, 1690)<\/p>\n<p>NIELS WILHELM GADE (1817-1890)<br \/>\nTre tonestykker (brani), op. 22 (1851)<br \/>\nModerato \u2013 Allegretto \u2013 Allegro<\/p>\n<p>JOSEF RENNER IL GIOVANE (1868-1934)<br \/>\nPreludio in Do maggiore e Canzone in Fa maggiore<br \/>\n(della prima Suite, op. 56, 1902)<\/p>\n<p>P. OTTO REHM (1887-1971)<br \/>\nPiccolo Concerto in re sul tema corale del \u201cSalve Regina\u201d di Einsiedeln<br \/>\nAllegro maestoso \u2013 Andante misterioso \u2013 Prestissimo<\/p>\n<p>CHRISTOPHER TAMBLING (1964-2015)<br \/>\nPreludio, Interludio e Toccata<br \/>\nsu un tema di Edward Elgar (2013)<\/p>\n<p>PAUL HUBER (1918-2001)<br \/>\nToccata sulle campane del duomo di St. Gallen (1992)<\/p>\n<p>Nato a Zurigo, <strong>Olivier Eisenmann<\/strong> ha iniziato lo studio del pianoforte con il padre, il compositore Will Eisenmann, proseguendolo al Conservatorio di Lucerna con Sava Savoff. Contemporaneamente agli studi organistici con Eduard Kaufmann, organista della \u201cHofkirche\u201c di Lucerna, ha seguito lo studio della Scienza conseguendo il grado di dottore all`Universit\u00e0 di Zurigo. Ha svolto attivit\u00e0 concertistica come pianista e poi come organista nelle pi\u00f9 importanti citt\u00e0 europee.<br \/>\nSi \u00e8 esibito anche in USA (New York, Washington D.C., Boston, Chicago, Memphis, Seattle etc.), Islanda, Australia (Melbourne, Camberra, Sydney), Nuova Zelanda, Messico.<br \/>\nInoltre ha svolto attivit\u00e0 solistica in qualit\u00e0 di organista in concerti sinfonici con l`Orchestre de la Suisse Romande, la Deutsche Bachorchester Ratzeburg, la Filarmonia statale di Ko\u0161ice, la S\u00fcdwestdeutsche Philharmonie, Singapore Symphony Orchestra a Singapore e diversi altri complessi orchestrali. Ha effettuato numerose registrazioni radio-televisive in Svizzera, Spagna, Svezia, Finlandia, Germania, Austria, Slovenia, Slovacchia, Repubblica Ceca, Ungheria, Polonia, Bielorussia, Russia, Brasile e Singapore, oltre a 21 incisioni discografiche, compresi 9 CD.<br \/>\nPer tanti anni Olivier Eisenmann \u00e8 stato membro direttore dell`Associazione della Musica Contemporanea (Sezione Svizzera Centrale) e professore al Liceo di Zug. Gli sono state affidate conferenze sulla musica d`organo presso diverse accademie (Herford, Sydney, Mosca e Niscni Novgorod) e recentemente ha tenuto una masterclass al Conservatorio Statale di Musica a Parma. Inoltre pubblica in riviste musicali. Nel 2014 \u00e8 stato insignito dalla sua residenza comunale della \u201cWeggiser Rose\u201c per la sua attivit\u00e0 mondiale come concertista e \u201cambasciatore musicale\u201c.<\/p>\n","protected":false},"excerpt":{"rendered":"<p>Concerto Olivier Eisenmann &#8211; 30 settembre 2023 Sabato 30 settembre 2023 ore 18 TORTONA, Santuario Madonna della Guardia OLIVIER EISENMANN, organo (Svizzera) dedicato a Paolo Perduca Sabato 30 settembre alle &hellip; <a href=\"https:\/\/www.amicidellorgano.org\/index.php\/2023\/09\/25\/concerto-olivier-eisenmann-30-settembre-2023\/\" class=\"more-link\">Continua la lettura di <span class=\"screen-reader-text\">Concerto Olivier Eisenmann &#8211; 30 settembre 2023<\/span> <span class=\"meta-nav\">&rarr;<\/span><\/a><\/p>\n","protected":false},"author":1,"featured_media":0,"comment_status":"closed","ping_status":"closed","sticky":false,"template":"","format":"standard","meta":{"footnotes":""},"categories":[241,13],"tags":[239,129,44],"class_list":["post-1947","post","type-post","status-publish","format-standard","hentry","category-concerti-2023","category-news","tag-concerti2023","tag-olivier-eisenmann","tag-tortona"],"_links":{"self":[{"href":"https:\/\/www.amicidellorgano.org\/index.php\/wp-json\/wp\/v2\/posts\/1947"}],"collection":[{"href":"https:\/\/www.amicidellorgano.org\/index.php\/wp-json\/wp\/v2\/posts"}],"about":[{"href":"https:\/\/www.amicidellorgano.org\/index.php\/wp-json\/wp\/v2\/types\/post"}],"author":[{"embeddable":true,"href":"https:\/\/www.amicidellorgano.org\/index.php\/wp-json\/wp\/v2\/users\/1"}],"replies":[{"embeddable":true,"href":"https:\/\/www.amicidellorgano.org\/index.php\/wp-json\/wp\/v2\/comments?post=1947"}],"version-history":[{"count":2,"href":"https:\/\/www.amicidellorgano.org\/index.php\/wp-json\/wp\/v2\/posts\/1947\/revisions"}],"predecessor-version":[{"id":1951,"href":"https:\/\/www.amicidellorgano.org\/index.php\/wp-json\/wp\/v2\/posts\/1947\/revisions\/1951"}],"wp:attachment":[{"href":"https:\/\/www.amicidellorgano.org\/index.php\/wp-json\/wp\/v2\/media?parent=1947"}],"wp:term":[{"taxonomy":"category","embeddable":true,"href":"https:\/\/www.amicidellorgano.org\/index.php\/wp-json\/wp\/v2\/categories?post=1947"},{"taxonomy":"post_tag","embeddable":true,"href":"https:\/\/www.amicidellorgano.org\/index.php\/wp-json\/wp\/v2\/tags?post=1947"}],"curies":[{"name":"wp","href":"https:\/\/api.w.org\/{rel}","templated":true}]}}