{"id":1787,"date":"2023-06-21T12:35:25","date_gmt":"2023-06-21T10:35:25","guid":{"rendered":"https:\/\/www.amicidellorgano.org\/?p=1787"},"modified":"2023-07-14T09:43:43","modified_gmt":"2023-07-14T07:43:43","slug":"concerto-frank-heye-14-luglio-2023","status":"publish","type":"post","link":"https:\/\/www.amicidellorgano.org\/index.php\/2023\/06\/21\/concerto-frank-heye-14-luglio-2023\/","title":{"rendered":"Concerto Frank Heye &#8211; 14 luglio 2023"},"content":{"rendered":"<p><strong>Concerto Frank Heye &#8211; 14 luglio 2023<\/strong><\/p>\n<p><img loading=\"lazy\" decoding=\"async\" class=\"aligncenter wp-image-1790 size-large\" src=\"http:\/\/www.amicidellorgano.org\/wp-content\/uploads\/concerti2023\/01-Heye-1024x681.jpg\" alt=\"Concerto Frank Heye - 14 luglio 2023\" width=\"474\" height=\"315\" \/><\/p>\n<p><strong>venerd\u00ec 14 luglio 2023 ore 21<\/strong><br \/>\n<strong>ALESSANDRIA, chiesa del Carmine<\/strong><br \/>\n<strong>FRANK HEYE, organo (Belgio)<\/strong><\/p>\n<p>In attesa della conferenza di presentazione, prevista per i primi giorni di luglio, vi invitiamo tutti ai primi concerti della XLIV Stagione di concerti sugli organi storici della provincia di Alessandria, che si muover\u00e0 secondo le linee guida ormai consolidate, ma con alcune novit\u00e0.<br \/>\nAnche quest&#8217;anno siamo riusciti a mantenere il taglio internazionale della Rassegna, grazie alla presenza di alcuni artisti di gran nome e di lunghissimo corso provenienti da Belgio, Germania, Francia, Svizzera ed Argentina.<br \/>\nSar\u00e0 mantenuta la collaborazione con il Conservatorio di Alessandria; un concerto, come da tradizione, avr\u00e0 come protagonista un laureando in Organo di questo anno accademico, ma apriremo anche ad altri giovani: un laureato del Conservatorio \u201cS. Pietro a Maiella\u201d di Napoli verr\u00e0 in Piemonte per suonare uno strumento settecentesco di scuola napoletana, un ex allievo del nostro Conservatorio avr\u00e0 l&#8217;opportunit\u00e0 di suonare con un grande virtuoso della viola da gamba rinomato a livello mondiale, ed il concerto finale sar\u00e0 affidato ad un giovanissimo organista veronese il quale si esibir\u00e0 in duo con il padre, apprezzato concertista internazionale.<br \/>\nPer la prima volta la nostra Rassegna avr\u00e0 un taglio decisamente \u201crosa\u201d.<br \/>\nLa presenza di esecutrici \u00e8 sempre stata un punto d&#8217;onore ed un vanto della nostra Stagione, considerando che nel nostro Paese le organiste sono da sempre una minoranza rispetto alla componente maschile. In questa edizione dieci concerti su sedici vedranno in organico almeno una figura femminile, o come solista d&#8217;organo o come partner musicale.<br \/>\nMolti saranno gli elementi innovativi, fra i quali l&#8217;inserimento di sedi del tutto nuove (Lobbi, San Salvatore e Spigno) o desuete da pi\u00f9 di dieci anni come la chiesa del quartiere Cristo di Alessandria, che pure vanta uno degli strumenti pi\u00f9 grandiosi e pregevoli di tutta la Regione; le due inaugurazioni del restauro ad Arquata Scrivia ed a Castelferro; il ritorno del canto gregoriano; la presenza di strumenti ed organici mai impiegati prima come la viola da gamba, l&#8217;organo a quattro mani ed il duo di fisarmoniche che speriamo sia utile per avvicinare ai nostri eventi un pubblico che normalmente frequenta tutt&#8217;altro genere di manifestazioni musicali.<br \/>\nEcco, in breve, ci\u00f2 che troverete.<br \/>\nNon resta che ringraziarvi, insieme ai nostri tradizionali Enti sostenitori, per l&#8217;interesse e l&#8217;affezione alle nostre iniziative, ma soprattutto ai nostri organi secolari, preziosi ed insostituibili, in grado ancora oggi di regalarci intense emozioni<\/p>\n<p><strong>Programma<br \/>\n<\/strong>Max Reger Introduzione e Passacaglia (dalla Prima suite in mi minore\u00a0 op16 \u201cDen Manen Johann Sebastian Bachs\u201d)<br \/>\n(1873-1916)<\/p>\n<p>Marco Enrico Bossi Cantabile (da \u201c 6 pezzi op. 70 n\u00b05\u201d)<br \/>\n(1861-1925)<\/p>\n<p>Marcel Dupr\u00e9 Pr\u00e9lude et Fugue en la b\u00e9mol majeur op.36 n\u00b02<br \/>\n(1886-1971)<\/p>\n<p>Olivier Messiaen Pri\u00e8re apr\u00e9s la communion (da \u201cLivre du Saint Sacrament\u201d)<br \/>\n(1908-1992)<\/p>\n<p>Gabriel Verschraegen Passacaglia op 30<br \/>\n(1919-1981)<\/p>\n<p>Charles-Marie Widor Moderato cantabile e Finale (dalla Sinfonia n\u00b08 op 42)<br \/>\n(1844-1937)<\/p>\n<p><strong>Frank Heye<\/strong> (nato a Gand nel1964) ha ricevuto la medaglia del governo per gli studi organistici nella classe di Edward de Geest.<br \/>\nHa continuato i suoi studi presso il Conservatorio Reale di Gand dove ha conseguito un diploma superiore in musica d&#8217;organo nella classe di Dirk Verschraegen e una laurea in teoria musicale. Ha vinto l&#8217;Omer van Puyvelde Competition e ha seguito corsi di perfezionamento con J. Huys, E. Kooiman, T. Koopman e G. Bovet.<br \/>\nSi focalizza sull&#8217;esecuzione di musica contemporanea, comprese le composizioni fiamminghe. Ha eseguito diversi brani di Claude Coppens, Dick Van der Harst, Walter Heynen, Willy Snellings, Dirk Blockeel, Lucien Goethals, Vincent d&#8217;Hondt, Michel George Br\u00e9gent, Thomas Svoboda, Maurice Verstuyft, Jacqueline Fontyn (&#8220;Enluminures&#8221; in Saint Pietroburgo), Willem Ceuleers (prima sinfonia nella chiesa di Santo Stefano a Gand), Ludo Geloen, Jan Vandenheede, Geert Depraetere, Cyriel Van den Abeele e molti altri. Il suo repertorio comprende molte opere sinfoniche fiamminghe in stile espressionista e neobarocco. Tiene regolarmente concerti in Belgio e nella maggior parte degli altri paesi europei e di conseguenza contribuisce notevolmente alla diffusione della musica organistica fiamminga.<br \/>\nFrank Heye suona l&#8217;organo, restaurato nel 1994, nella chiesa di Destelbergen e ne ha curato la supervisione artistica. Nel 199 fond\u00f2 un comitato d&#8217;organo, cercando di trasformare l&#8217;organo in uno strumento di musica da camera in diversi organici di musica contemporanea. Come organista nel 1996 ha registrato un CD con opere di autori fiamminghi e di altri compositori. Inoltre \u00e8 co-direttore artistico dei concerti d&#8217;organo nella chiesa di San Macharius a Laarne e del ciclo estivo nella cattedrale di San Bavone a Gand, organizzato dall&#8217;associazione di organi di Gand &#8216;Gents Orgelcentrum&#8217;. Ha collaborato anche alla registrazione di CD con il coro da camera di Soratea guidato da Patrick Debrabandere, con il coro di voci maschili di Heusden guidato da Jos van den Borre (eseguendo fra gli altri brani di Peter Benoit) e con David Ray, il trombonista della Filarmonica di Bruxelles. Recentemente ha collaborato alla registrazione in doppio CD dell&#8217;opera completa per organo di Gabri\u00ebl Verschraegen per conto di &#8216;Orgelkunst&#8217;, la rivista fiamminga di cultura organistica.<br \/>\nA Parigi nel 2003 \u00e8 stato insignito della medaglia d&#8217;argento dall&#8217;organizzazione accademica &#8216;Arts, Sciences et Lettres&#8217; per i suoi meriti artistici.<br \/>\nLavora come insegnante presso l&#8217;Accademia di musica di Gand &#8216;Gabri\u00ebl Verschraegen&#8217; e l&#8217;Accademia di Oudenaarde.<\/p>\n","protected":false},"excerpt":{"rendered":"<p>Concerto Frank Heye &#8211; 14 luglio 2023 venerd\u00ec 14 luglio 2023 ore 21 ALESSANDRIA, chiesa del Carmine FRANK HEYE, organo (Belgio) In attesa della conferenza di presentazione, prevista per i &hellip; <a href=\"https:\/\/www.amicidellorgano.org\/index.php\/2023\/06\/21\/concerto-frank-heye-14-luglio-2023\/\" class=\"more-link\">Continua la lettura di <span class=\"screen-reader-text\">Concerto Frank Heye &#8211; 14 luglio 2023<\/span> <span class=\"meta-nav\">&rarr;<\/span><\/a><\/p>\n","protected":false},"author":1,"featured_media":0,"comment_status":"closed","ping_status":"closed","sticky":false,"template":"","format":"standard","meta":{"footnotes":""},"categories":[241,13],"tags":[51,239,238],"class_list":["post-1787","post","type-post","status-publish","format-standard","hentry","category-concerti-2023","category-news","tag-alessandria","tag-concerti2023","tag-frank-heye"],"_links":{"self":[{"href":"https:\/\/www.amicidellorgano.org\/index.php\/wp-json\/wp\/v2\/posts\/1787"}],"collection":[{"href":"https:\/\/www.amicidellorgano.org\/index.php\/wp-json\/wp\/v2\/posts"}],"about":[{"href":"https:\/\/www.amicidellorgano.org\/index.php\/wp-json\/wp\/v2\/types\/post"}],"author":[{"embeddable":true,"href":"https:\/\/www.amicidellorgano.org\/index.php\/wp-json\/wp\/v2\/users\/1"}],"replies":[{"embeddable":true,"href":"https:\/\/www.amicidellorgano.org\/index.php\/wp-json\/wp\/v2\/comments?post=1787"}],"version-history":[{"count":3,"href":"https:\/\/www.amicidellorgano.org\/index.php\/wp-json\/wp\/v2\/posts\/1787\/revisions"}],"predecessor-version":[{"id":1794,"href":"https:\/\/www.amicidellorgano.org\/index.php\/wp-json\/wp\/v2\/posts\/1787\/revisions\/1794"}],"wp:attachment":[{"href":"https:\/\/www.amicidellorgano.org\/index.php\/wp-json\/wp\/v2\/media?parent=1787"}],"wp:term":[{"taxonomy":"category","embeddable":true,"href":"https:\/\/www.amicidellorgano.org\/index.php\/wp-json\/wp\/v2\/categories?post=1787"},{"taxonomy":"post_tag","embeddable":true,"href":"https:\/\/www.amicidellorgano.org\/index.php\/wp-json\/wp\/v2\/tags?post=1787"}],"curies":[{"name":"wp","href":"https:\/\/api.w.org\/{rel}","templated":true}]}}