{"id":1777,"date":"2023-05-20T18:33:29","date_gmt":"2023-05-20T16:33:29","guid":{"rendered":"https:\/\/www.amicidellorgano.org\/?p=1777"},"modified":"2023-07-14T09:43:08","modified_gmt":"2023-07-14T07:43:08","slug":"la-musica-e-il-sacro-2023-concerti-del-27-maggio-2023-e-3-giugno-2023","status":"publish","type":"post","link":"https:\/\/www.amicidellorgano.org\/index.php\/2023\/05\/20\/la-musica-e-il-sacro-2023-concerti-del-27-maggio-2023-e-3-giugno-2023\/","title":{"rendered":"La Musica e il Sacro 2023 &#8211; concerti del 27 maggio 2023 e 3 giugno 2023"},"content":{"rendered":"<p><strong>La Musica e il Sacro 2023 &#8211; concerti del 27 maggio 2023 e 3 giugno 2023<\/strong><\/p>\n<p><img loading=\"lazy\" decoding=\"async\" class=\"aligncenter size-full wp-image-1757\" src=\"http:\/\/www.amicidellorgano.org\/wp-content\/uploads\/messecumorgano2023\/foto-Verrando-1.jpg\" alt=\"\" width=\"642\" height=\"768\" \/><\/p>\n<div dir=\"ltr\">\n<div>\n<p><img loading=\"lazy\" decoding=\"async\" class=\"aligncenter size-full wp-image-1758\" src=\"http:\/\/www.amicidellorgano.org\/wp-content\/uploads\/messecumorgano2023\/foto-Polselli.jpg\" alt=\"\" width=\"680\" height=\"680\" \/><\/p>\n<p>Prosegue ad Alessandria ed a Novi Ligure &#8220;La Musica e il Sacro&#8221;, manifestazione tradizionalmente organizzata dagli Amici dell&#8217;Organo come appendice alla Stagione di concerti sugli organi storici, in collaborazione con il Conservatorio &#8220;A. Vivaldi&#8221; ed affidata ad allievi ed ex allievi dell&#8217;Istituto, come pure in qualche caso ad artisti ospiti.Nella Basilica della Maddalena a Novi sabato 27 maggio alle ore 18 la liturgia vedr\u00e0 la partecipazione dell&#8217;organista Antonio Polselli, il quale eseguir\u00e0 brani di Johann Rudolph. Ahle, di Benedetto Marcello e di Frescobaldi.<br \/>\nAhle, compositore davvero poco conosciuto ed eseguito, almeno in Italia, rappresenta veramente una curiosit\u00e0.\u00a0Nato in Turingia,\u00a0studi\u00f2 letteratura, teologia e musica\u00a0inizialmente nella sua citt\u00e0 natale poi a Gottinga\u00a0e ad Erfurt.<br \/>\nNel 1654 era organista della chiesa di S. Biagio, in M\u00fchlhausen. Ma non minore della stima che egli god\u00e9 come musicista dovette essere la considerazione per le sue qualit\u00e0 morali e politiche, se nel 1673 fu eletto borgomastro della sua citt\u00e0. Un completo elenco delle numerosissime composizioni di J.R. Ahle si pu\u00f2 leggere nel quinto volume dei Denkm\u00e4ler Deutscher Tonkunst, nel qual volume si trova anche una scelta delle composizioni stesse fatta da Joh. Wolf. L&#8217;Autore scrisse musica strumentale (sonate da camera a pi\u00f9 strumenti), musiche corali (mottetti a pi\u00f9 voci con basso continuo), concerti sacri (sino a 20 voci, con strumenti). Ma la sua opera pi\u00f9 importante \u00e8 costituita dalle moltissime melodie corali scritte nello stile del corale tedesco; melodie che furono per lungo tempo popolari in Turingia, e delle quali taluna rimane tuttora nel repertorio dei canti chiesastici protestanti.<br \/>\n\u00c8 noto anche\u00a0per i chiari lavori teorico-didattici che ci ha lasciato.<\/p>\n<p>Nella chiesa del Carmine in via dei Guasco ad Alessandria si potr\u00e0 invece ascoltare sabato 3 giugno il maestro Andrea Verrando, organista della Cattedrale di Ventimiglia e neolaureato del Conservatorio &#8220;A. Vivaldi&#8221; di Alessandria. In programma\u00a0l&#8217;intera &#8220;Suite Gothique&#8221; di Leon Boellmann, nei tempi Introduction, Choral, Menuet Gothique, Pri\u00e8re\u00a0a Notre Dame, Toccata.<br \/>\nLa piccola Rassegna si concluder\u00e0 a Novi Ligure sabato 24 giugno, sempre nella Basilica della Maddalena, con l&#8217;organista Letizia Romiti e con musiche di Andrea Gabrieli e di Gerolamo Frescobaldi.<\/p>\n<p>&#8220;La Musica e il Sacro&#8221;, come tutte le altre attivit\u00e0 degli Amici dell&#8217;organo, \u00e8 sostenuta dalla Fondazione Cassa di Risparmio di Alessandria cui vanno una volta di pi\u00f9 i ringraziamenti degli organizzatori per il supporto alla missione di fare conoscere quanto pi\u00f9 possibile l&#8217;organo ed il suo vastissimo repertorio, che trova nelle Messe e nei Vespri un&#8217;occasione non meno importante che nei concerti per attirare ed incuriosire i presenti.<\/p>\n<\/div>\n<\/div>\n","protected":false},"excerpt":{"rendered":"<p>La Musica e il Sacro 2023 &#8211; concerti del 27 maggio 2023 e 3 giugno 2023 Prosegue ad Alessandria ed a Novi Ligure &#8220;La Musica e il Sacro&#8221;, manifestazione tradizionalmente &hellip; <a href=\"https:\/\/www.amicidellorgano.org\/index.php\/2023\/05\/20\/la-musica-e-il-sacro-2023-concerti-del-27-maggio-2023-e-3-giugno-2023\/\" class=\"more-link\">Continua la lettura di <span class=\"screen-reader-text\">La Musica e il Sacro 2023 &#8211; concerti del 27 maggio 2023 e 3 giugno 2023<\/span> <span class=\"meta-nav\">&rarr;<\/span><\/a><\/p>\n","protected":false},"author":1,"featured_media":0,"comment_status":"closed","ping_status":"closed","sticky":false,"template":"","format":"standard","meta":{"footnotes":""},"categories":[65,13],"tags":[67,66],"class_list":["post-1777","post","type-post","status-publish","format-standard","hentry","category-musica-e-sacro","category-news","tag-messe-cum-organo","tag-musica-e-sacro"],"_links":{"self":[{"href":"https:\/\/www.amicidellorgano.org\/index.php\/wp-json\/wp\/v2\/posts\/1777"}],"collection":[{"href":"https:\/\/www.amicidellorgano.org\/index.php\/wp-json\/wp\/v2\/posts"}],"about":[{"href":"https:\/\/www.amicidellorgano.org\/index.php\/wp-json\/wp\/v2\/types\/post"}],"author":[{"embeddable":true,"href":"https:\/\/www.amicidellorgano.org\/index.php\/wp-json\/wp\/v2\/users\/1"}],"replies":[{"embeddable":true,"href":"https:\/\/www.amicidellorgano.org\/index.php\/wp-json\/wp\/v2\/comments?post=1777"}],"version-history":[{"count":1,"href":"https:\/\/www.amicidellorgano.org\/index.php\/wp-json\/wp\/v2\/posts\/1777\/revisions"}],"predecessor-version":[{"id":1778,"href":"https:\/\/www.amicidellorgano.org\/index.php\/wp-json\/wp\/v2\/posts\/1777\/revisions\/1778"}],"wp:attachment":[{"href":"https:\/\/www.amicidellorgano.org\/index.php\/wp-json\/wp\/v2\/media?parent=1777"}],"wp:term":[{"taxonomy":"category","embeddable":true,"href":"https:\/\/www.amicidellorgano.org\/index.php\/wp-json\/wp\/v2\/categories?post=1777"},{"taxonomy":"post_tag","embeddable":true,"href":"https:\/\/www.amicidellorgano.org\/index.php\/wp-json\/wp\/v2\/tags?post=1777"}],"curies":[{"name":"wp","href":"https:\/\/api.w.org\/{rel}","templated":true}]}}