{"id":1774,"date":"2023-04-20T17:18:42","date_gmt":"2023-04-20T15:18:42","guid":{"rendered":"https:\/\/www.amicidellorgano.org\/?p=1774"},"modified":"2023-07-14T09:43:08","modified_gmt":"2023-07-14T07:43:08","slug":"la-musica-e-il-sacro-2023-concerti-del-29-aprile-2023-e-del-6-e-7-maggio-2023","status":"publish","type":"post","link":"https:\/\/www.amicidellorgano.org\/index.php\/2023\/04\/20\/la-musica-e-il-sacro-2023-concerti-del-29-aprile-2023-e-del-6-e-7-maggio-2023\/","title":{"rendered":"La Musica e il Sacro 2023 &#8211; concerti del 29 aprile 2023 e del 6 e 7 maggio 2023"},"content":{"rendered":"<p><strong>La Musica e il Sacro 2023 &#8211; concerti del 29 aprile 2023 e del 6 e 7 maggio 2023<\/strong><\/p>\n<div dir=\"ltr\">\n<div>Prosegue ad Alessandria ed a Novi Ligure &#8220;La Musica e il Sacro&#8221; , manifestazione tradizionalmente organizzata dagli Amici dell&#8217;Organo come appendice alla Stagione di concerti sugli organi storici, in collaborazione con il Conservatorio &#8220;A. Vivaldi&#8221; ed affidata ad allievi ed ex allievi dell&#8217;Istituto, in qualche caso anche ad artisti ospiti.<\/p>\n<div dir=\"auto\">Nella Basilica della Maddalena a Novi sabato 29 aprile alle ore 18 la liturgia vedr\u00e0 la partecipazione del Maestro Andrea Verrando, organista della Cattedrale di Ventimiglia e neolaureato del Conservatorio &#8220;A. Vivaldi&#8221; di Alessandria ove prosegue gli studi per il biennio superiore di Organo.Verrando eseguir\u00e0 brani di Luzzaschi, Haendel, Anonimo e Pescetti.<\/div>\n<div dir=\"auto\">Nella chiesa del Carmine in via dei Guasco ad Alessandria si potr\u00e0 invece ascoltare sabato 6 maggio alle 17.30 l&#8217;insolito duo organistico formato dai maestri Daniela Scavio e Daniele Guidobono, che si esibiscono insieme per la prima volta. Il programma prevede brani per organo a quattro mani di Bach, Haendel e Adolf Hesse.<\/div>\n<div dir=\"auto\">La messa sar\u00e0 poi accompagnata da Gi<span class=\"gmail_default\">ovanni<\/span>\u00a0Oliveri.<\/div>\n<div dir=\"auto\">La Rassegna prevede anche una puntata &#8220;fuori Porta&#8221; nella Parrocchiale di Oviglio domenica 7 maggio alle ore 10.<\/div>\n<div>L&#8217; organista Antonio Polselli far\u00e0 ascoltare in questa occasione musiche di Frescobaldi e di Rinck.<\/div>\n<div><\/div>\n<div dir=\"auto\">&#8220;La Musica e il Sacro&#8221;, come tutte le altre attivit\u00e0 degli Amici dell&#8217;organo, \u00e8 sostenuta dalla Fondazione Cassa di Risparmio di Alessandria cui vanno una volta di pi\u00f9 i ringraziamenti degli organizzatori per il supporto alla missione di fare conoscere quanto pi\u00f9 possibile l&#8217;organo ed il suo vastissimo repertorio, che trova nelle<\/div>\n<div dir=\"auto\">Messe e nei Vespri un&#8217;occasione non meno importante che nei concerti\u00a0<span class=\"gmail_default\">per<\/span>\u00a0attirare e<span class=\"gmail_default\">d<\/span>\u00a0incuriosire i presenti.<\/div>\n<\/div>\n<\/div>\n<p>&nbsp;<\/p>\n","protected":false},"excerpt":{"rendered":"<p>La Musica e il Sacro 2023 &#8211; concerti del 29 aprile 2023 e del 6 e 7 maggio 2023 Prosegue ad Alessandria ed a Novi Ligure &#8220;La Musica e il &hellip; <a href=\"https:\/\/www.amicidellorgano.org\/index.php\/2023\/04\/20\/la-musica-e-il-sacro-2023-concerti-del-29-aprile-2023-e-del-6-e-7-maggio-2023\/\" class=\"more-link\">Continua la lettura di <span class=\"screen-reader-text\">La Musica e il Sacro 2023 &#8211; concerti del 29 aprile 2023 e del 6 e 7 maggio 2023<\/span> <span class=\"meta-nav\">&rarr;<\/span><\/a><\/p>\n","protected":false},"author":1,"featured_media":0,"comment_status":"closed","ping_status":"closed","sticky":false,"template":"","format":"standard","meta":{"footnotes":""},"categories":[65,13],"tags":[67,66],"class_list":["post-1774","post","type-post","status-publish","format-standard","hentry","category-musica-e-sacro","category-news","tag-messe-cum-organo","tag-musica-e-sacro"],"_links":{"self":[{"href":"https:\/\/www.amicidellorgano.org\/index.php\/wp-json\/wp\/v2\/posts\/1774"}],"collection":[{"href":"https:\/\/www.amicidellorgano.org\/index.php\/wp-json\/wp\/v2\/posts"}],"about":[{"href":"https:\/\/www.amicidellorgano.org\/index.php\/wp-json\/wp\/v2\/types\/post"}],"author":[{"embeddable":true,"href":"https:\/\/www.amicidellorgano.org\/index.php\/wp-json\/wp\/v2\/users\/1"}],"replies":[{"embeddable":true,"href":"https:\/\/www.amicidellorgano.org\/index.php\/wp-json\/wp\/v2\/comments?post=1774"}],"version-history":[{"count":1,"href":"https:\/\/www.amicidellorgano.org\/index.php\/wp-json\/wp\/v2\/posts\/1774\/revisions"}],"predecessor-version":[{"id":1775,"href":"https:\/\/www.amicidellorgano.org\/index.php\/wp-json\/wp\/v2\/posts\/1774\/revisions\/1775"}],"wp:attachment":[{"href":"https:\/\/www.amicidellorgano.org\/index.php\/wp-json\/wp\/v2\/media?parent=1774"}],"wp:term":[{"taxonomy":"category","embeddable":true,"href":"https:\/\/www.amicidellorgano.org\/index.php\/wp-json\/wp\/v2\/categories?post=1774"},{"taxonomy":"post_tag","embeddable":true,"href":"https:\/\/www.amicidellorgano.org\/index.php\/wp-json\/wp\/v2\/tags?post=1774"}],"curies":[{"name":"wp","href":"https:\/\/api.w.org\/{rel}","templated":true}]}}