{"id":1769,"date":"2023-03-20T11:09:19","date_gmt":"2023-03-20T10:09:19","guid":{"rendered":"https:\/\/www.amicidellorgano.org\/?p=1769"},"modified":"2023-07-14T09:43:08","modified_gmt":"2023-07-14T07:43:08","slug":"la-musica-e-il-sacro-2023-concerti-del-25-marzo-2023-e-del-1-aprile-2023","status":"publish","type":"post","link":"https:\/\/www.amicidellorgano.org\/index.php\/2023\/03\/20\/la-musica-e-il-sacro-2023-concerti-del-25-marzo-2023-e-del-1-aprile-2023\/","title":{"rendered":"La Musica e il Sacro 2023 &#8211; concerti del 25 marzo 2023 e del 1 aprile 2023"},"content":{"rendered":"<p><strong>La Musica e il Sacro 2023 &#8211; concerti del 25 marzo 2023 e del 1 aprile 2023<\/strong><\/p>\n<p>&nbsp;<\/p>\n<p><img loading=\"lazy\" decoding=\"async\" class=\"aligncenter size-full wp-image-1762\" src=\"http:\/\/www.amicidellorgano.org\/wp-content\/uploads\/messecumorgano2023\/foto-Colosetti-1.jpg\" alt=\"\" width=\"225\" height=\"225\" \/> <img loading=\"lazy\" decoding=\"async\" class=\"aligncenter size-full wp-image-1761\" src=\"http:\/\/www.amicidellorgano.org\/wp-content\/uploads\/messecumorgano2023\/foto-Scavio-2020-1.jpg\" alt=\"\" width=\"394\" height=\"640\" \/> <img loading=\"lazy\" decoding=\"async\" class=\"aligncenter size-large wp-image-1760\" src=\"http:\/\/www.amicidellorgano.org\/wp-content\/uploads\/messecumorgano2023\/foto-Colosetti-2-978x1024.jpg\" alt=\"\" width=\"474\" height=\"496\" \/><\/p>\n<p>Con il mese di marzo ricomincia &#8220;La Musica e il Sacro&#8221;, manifestazione tradizionalmente organizzata dagli Amici dell&#8217;Organo come appendice alla Stagione di concerti sugli organi storici, in collaborazione con il Conservatorio &#8220;A. Vivaldi&#8221; ed affidata ad allievi ed ex allievi dell&#8217;Istituto, ed in qualche caso ad artisti ospiti.<\/p>\n<p>A Novi Ligure si partir\u00e0 il 25 marzo alle ore 17.30 nell&#8217;Oratorio\u00a0della Maddalena, con Daniela Scavio al settecentesco organo &#8220;Poncini&#8221;. Si potranno ascoltare brani di Haendel (la famosa Sarabanda in re minore) e di Baldassarre Galuppi (Andante in re minore, Largo in Fa maggiore ed Allegro in Re minore).<\/p>\n<p>Sabato 1 aprile nella\u00a0chiesa del Carmine di Alessandria\u00a0 si esibir\u00e0 invece sempre alle 17.30 Emanuele Colosetti, laureando in Organo al Conservatorio &#8220;A. Vivaldi&#8221;. Proporr\u00e0 l&#8217;intera &#8220;Sonata Seconda&#8221; di Felix Mendelssohn\u00a0ed il &#8220;Te Deum&#8221; op.59 di Max Reger.<\/p>\n<p>L&#8217;edizione di quest&#8217;anno si apre con un&#8217;importante novit\u00e0: mentre alla Maddalena come ad Oviglio gli interventi organistici durante la liturgia si svolgeranno in forma tradizionale, in citt\u00e0\u00a0 mezz&#8217;ora prima della messa i musicisti di turno eseguiranno di seguito una serie di brani animando poi, salvo eccezioni, anche il culto, con una formula che di fatto costituisce un &#8221; Vespro d&#8217;organo&#8221;.<br \/>\nNella chiesa del Carmine il primo sabato del mese da marzo a giugno si comincer\u00e0 quindi alle 17.30, mentre a Novi Ligure l&#8217;appuntamento come sempre coincider\u00e0 con l&#8217;inizio della messa, alle 17.30 con l&#8217;ora solare ed alle 18 con il passaggio all&#8217;ora legale.<\/p>\n<p>&#8220;La Musica e il Sacro&#8221;, come tutte le altre attivit\u00e0 degli Amici dell&#8217;organo, \u00e8 sostenuta dalla Fondazione Cassa di Risparmio di Alessandria cui vanno una volta di pi\u00f9 i ringraziamenti degli organizzatori per il supporto alla missione di fare conoscere quanto pi\u00f9 possibile l&#8217;organo ed il suo vastissimo repertorio, che trova nelle Messe e nei Vespri un&#8217;occasione non meno importante che nei concerti\u00a0per\u00a0attirare ed\u00a0incuriosire i presenti. &#8220;Oggi non \u00e8 pi\u00f9 una cosa scontata avere la presenza di un organo a commento del culto, specialmente se ben restaurato o almeno adeguatamente mantenuto&#8221; &#8211; dice Letizia Romiti curatrice della piccola rassegna &#8211; per cui un titolo di merito va al parroco del Carmine don Giampaolo Orsini, al Priore della Confraternita della Maddalena Paolo Reppetti come pure al Priore emerito Mario Ristagno.<\/p>\n<div><a href=\"http:\/\/www.amicidellorgano.org\/wp-content\/uploads\/messecumorgano2023\/programma-Musica-e-Sacro-2023.pdf\">programma Musica e Sacro 2023<\/a><\/div>\n","protected":false},"excerpt":{"rendered":"<p>La Musica e il Sacro 2023 &#8211; concerti del 25 marzo 2023 e del 1 aprile 2023 &nbsp; Con il mese di marzo ricomincia &#8220;La Musica e il Sacro&#8221;, manifestazione &hellip; <a href=\"https:\/\/www.amicidellorgano.org\/index.php\/2023\/03\/20\/la-musica-e-il-sacro-2023-concerti-del-25-marzo-2023-e-del-1-aprile-2023\/\" class=\"more-link\">Continua la lettura di <span class=\"screen-reader-text\">La Musica e il Sacro 2023 &#8211; concerti del 25 marzo 2023 e del 1 aprile 2023<\/span> <span class=\"meta-nav\">&rarr;<\/span><\/a><\/p>\n","protected":false},"author":1,"featured_media":0,"comment_status":"closed","ping_status":"closed","sticky":false,"template":"","format":"standard","meta":{"footnotes":""},"categories":[65,13],"tags":[67,66],"class_list":["post-1769","post","type-post","status-publish","format-standard","hentry","category-musica-e-sacro","category-news","tag-messe-cum-organo","tag-musica-e-sacro"],"_links":{"self":[{"href":"https:\/\/www.amicidellorgano.org\/index.php\/wp-json\/wp\/v2\/posts\/1769"}],"collection":[{"href":"https:\/\/www.amicidellorgano.org\/index.php\/wp-json\/wp\/v2\/posts"}],"about":[{"href":"https:\/\/www.amicidellorgano.org\/index.php\/wp-json\/wp\/v2\/types\/post"}],"author":[{"embeddable":true,"href":"https:\/\/www.amicidellorgano.org\/index.php\/wp-json\/wp\/v2\/users\/1"}],"replies":[{"embeddable":true,"href":"https:\/\/www.amicidellorgano.org\/index.php\/wp-json\/wp\/v2\/comments?post=1769"}],"version-history":[{"count":2,"href":"https:\/\/www.amicidellorgano.org\/index.php\/wp-json\/wp\/v2\/posts\/1769\/revisions"}],"predecessor-version":[{"id":1771,"href":"https:\/\/www.amicidellorgano.org\/index.php\/wp-json\/wp\/v2\/posts\/1769\/revisions\/1771"}],"wp:attachment":[{"href":"https:\/\/www.amicidellorgano.org\/index.php\/wp-json\/wp\/v2\/media?parent=1769"}],"wp:term":[{"taxonomy":"category","embeddable":true,"href":"https:\/\/www.amicidellorgano.org\/index.php\/wp-json\/wp\/v2\/categories?post=1769"},{"taxonomy":"post_tag","embeddable":true,"href":"https:\/\/www.amicidellorgano.org\/index.php\/wp-json\/wp\/v2\/tags?post=1769"}],"curies":[{"name":"wp","href":"https:\/\/api.w.org\/{rel}","templated":true}]}}