{"id":1712,"date":"2022-09-26T10:45:32","date_gmt":"2022-09-26T08:45:32","guid":{"rendered":"https:\/\/www.amicidellorgano.org\/?p=1712"},"modified":"2023-07-14T09:42:35","modified_gmt":"2023-07-14T07:42:35","slug":"concerto-daniela-scavio-30-settembre-2022","status":"publish","type":"post","link":"https:\/\/www.amicidellorgano.org\/index.php\/2022\/09\/26\/concerto-daniela-scavio-30-settembre-2022\/","title":{"rendered":"Concerto Daniela Scavio &#8211; 30 settembre 2022"},"content":{"rendered":"<p><strong>Concerto Daniela Scavio &#8211; 30 settembre 2022<\/strong><\/p>\n<p><img loading=\"lazy\" decoding=\"async\" class=\"aligncenter wp-image-1309 size-full\" src=\"http:\/\/www.amicidellorgano.org\/wp-content\/uploads\/concerti2020\/04-daniela-scavio.jpg\" alt=\"Concerto Daniela Scavio - 30 settembre 2022\" width=\"480\" height=\"640\" \/><\/p>\n<p><strong>Venerd\u00ec 30 Settembre 2022 ore 21.30<\/strong><br \/>\n<strong>Castelspina, Chiesa Parrocchiale<\/strong><br \/>\n<strong>DANIELA SCAVIO, organo<\/strong><br \/>\n<strong>Inaugurazione del restauro dell&#8217;organo \u201cLiborio Grisanti\u201d<\/strong><br \/>\n<strong>XLIII Stagione internazionale di concerti sugli organi storici<br \/>\n<\/strong><\/p>\n<p>La Stagione \u00e8 sostenuta da <strong>Fondazione CRAL<\/strong>, <strong>Fondazione CRT<\/strong>, <strong>Gruppo AMAG<\/strong>, <strong>Consiglio Regionale del Piemonte<\/strong> e dalla <strong>Regione Piemonte<\/strong>.<\/p>\n<p>Nel corso della Stagione sugli organi storici di quest&#8217;anno sono ben due le inaugurazioni del restauro di preziosi strumenti antichi.<br \/>\nDopo il concerto\u00a0 di presentazione dell&#8217;organo di capriata d&#8217;Orba \u00e8 ora la volta dell&#8217;antico organo\u00a0del piccolo paese di Castelspina, strumento complesso il cui principale nucleo fonico \u00e8 opera del famoso costruttore napoletano Liborio Grisanti e risale al 1735, data che lo colloca fra i pi\u00f9 antichi esemplari del XVIII secolo della nostra provincia. La tastiera di 50 tasti con prima ottava corta \u00e8 invece opera del grande organaro piemontese Luigi Concone. La tavolozza timbrica consiste dei registri formanti il Ripieno, del Flauto in XII , della Voce Umana e del Cornetto. Il timbro \u00e8 particolarmente dolce e suadente. Il restauro \u00e8 stato recentemente ultimato dalla ditta Brondino-Vegezzi Bossi di Centallo.<br \/>\nSar\u00e0 la nota organista DANIELA SCAVIO venerd\u00ec 30 settembre alle ore 21 a dare voce per la prima volta allo strumento nel corso dell&#8217;inaugurazione ufficiale, con un programma che partir\u00e0 dalla nota\u00a0Sarabanda in re minore Hwv 437 di Haendel per proseguire con brani di Galuppi, Mozart, Durante, Cimarosa e Valeri per terminare di nuovo con Haendel (la famosa\u00a0Passacaglia in sol minore Hwv 432)<\/p>\n<p><strong>Daniela Scavio<\/strong> ha compiuto gli studi presso il Conservatorio \u00abAntonio Vivaldi\u00bb di Alessandria, conseguendo i diplomi in Pianoforte, Organo e Composizione Organistica, e la laurea di secondo livello in Organo Concertistico, sotto la guida di Letizia Romiti come pure la laurea in Musicoterapia, frequentando corsi pedagogici dedicati al trattamento dei disturbi specifici dell\u2019apprendimento (DSA) tramite le attivit\u00e0 musicali.<br \/>\nHa frequentato corsi di Didattica Musicale sul Metodo Orff e di Propedeutica e Direzione corale presso la Societ\u00e0 Italiana di Educazione Musicale.<br \/>\nHa studiato clavicembalo con Andrea Coen e Francesca Lanfranco ed ha seguito corsi di perfezionamento in vari ambiti, con Giovanni Acciai, Luigi Ferdinando Tagliavini, Gustav Leohnardt, Bob Van Asperen, Christopher Kent.<br \/>\nViene invitata ad esibirsi in varie rassegne concertistiche, quali \u00abStagione Internazionale di concerti sugli organi storici della provincia di Alessandria\u201d, \u00ab Scatola Sonora\u00bb, \u00ab La Musica e il Sacro\u00bb, \u00abFestival Internazionale d\u2019Organo\u00bb di Aosta, \u00abMozart Nacht und Tag\u00bb, \u00abOrganalia\u00bb di Torino, \u00abFestival Organistico Internazionale\u00bb di Rapallo, \u00ab Antichi Organi \u00bb Piacenza.<br \/>\n\u00c8 autrice di musiche originali per documentari naturalistici e storici promossi dalle Regioni Piemonte e Liguria.<br \/>\nHa partecipato in qualit\u00e0 di assistente di produzione e di organista aggiunto alla produzione discografica Opere Sacre del compositore Pellegrino Santucci (TC.921980 &#8211; Ed. Tactus, Bologna, 2017).<br \/>\nHa partecipato al progetto \u201cVivaldi93\u201d ideato da Mono Guitar di Roma dando il proprio contributo suonando la parte solistica del concerto per liuto, due violini e basso continuo di Antonio Vivaldi RV 93 partecipando insieme ad altri 30 artisti di tutto il mondo.<br \/>\n\u00c8 docente di pianoforte presso il Liceo musicale \u201cSaluzzo Plana\u201ddi Alessandria e di Organo, laboratorio per adulti, del Conservatorio \u00abA. Vivaldi\u00bb di Alessandria.<\/p>\n","protected":false},"excerpt":{"rendered":"<p>Concerto Daniela Scavio &#8211; 30 settembre 2022 Venerd\u00ec 30 Settembre 2022 ore 21.30 Castelspina, Chiesa Parrocchiale DANIELA SCAVIO, organo Inaugurazione del restauro dell&#8217;organo \u201cLiborio Grisanti\u201d XLIII Stagione internazionale di concerti &hellip; <a href=\"https:\/\/www.amicidellorgano.org\/index.php\/2022\/09\/26\/concerto-daniela-scavio-30-settembre-2022\/\" class=\"more-link\">Continua la lettura di <span class=\"screen-reader-text\">Concerto Daniela Scavio &#8211; 30 settembre 2022<\/span> <span class=\"meta-nav\">&rarr;<\/span><\/a><\/p>\n","protected":false},"author":1,"featured_media":0,"comment_status":"closed","ping_status":"closed","sticky":false,"template":"","format":"standard","meta":{"footnotes":""},"categories":[213,13],"tags":[232,214,76],"class_list":["post-1712","post","type-post","status-publish","format-standard","hentry","category-concerti-2022","category-news","tag-castelspina","tag-concerti2022","tag-daniela-scavio"],"_links":{"self":[{"href":"https:\/\/www.amicidellorgano.org\/index.php\/wp-json\/wp\/v2\/posts\/1712"}],"collection":[{"href":"https:\/\/www.amicidellorgano.org\/index.php\/wp-json\/wp\/v2\/posts"}],"about":[{"href":"https:\/\/www.amicidellorgano.org\/index.php\/wp-json\/wp\/v2\/types\/post"}],"author":[{"embeddable":true,"href":"https:\/\/www.amicidellorgano.org\/index.php\/wp-json\/wp\/v2\/users\/1"}],"replies":[{"embeddable":true,"href":"https:\/\/www.amicidellorgano.org\/index.php\/wp-json\/wp\/v2\/comments?post=1712"}],"version-history":[{"count":2,"href":"https:\/\/www.amicidellorgano.org\/index.php\/wp-json\/wp\/v2\/posts\/1712\/revisions"}],"predecessor-version":[{"id":1715,"href":"https:\/\/www.amicidellorgano.org\/index.php\/wp-json\/wp\/v2\/posts\/1712\/revisions\/1715"}],"wp:attachment":[{"href":"https:\/\/www.amicidellorgano.org\/index.php\/wp-json\/wp\/v2\/media?parent=1712"}],"wp:term":[{"taxonomy":"category","embeddable":true,"href":"https:\/\/www.amicidellorgano.org\/index.php\/wp-json\/wp\/v2\/categories?post=1712"},{"taxonomy":"post_tag","embeddable":true,"href":"https:\/\/www.amicidellorgano.org\/index.php\/wp-json\/wp\/v2\/tags?post=1712"}],"curies":[{"name":"wp","href":"https:\/\/api.w.org\/{rel}","templated":true}]}}