{"id":1692,"date":"2022-09-10T00:05:58","date_gmt":"2022-09-09T22:05:58","guid":{"rendered":"https:\/\/www.amicidellorgano.org\/?p=1692"},"modified":"2023-07-14T09:42:35","modified_gmt":"2023-07-14T07:42:35","slug":"concerto-suzanne-ozorak-11-settembre-2022","status":"publish","type":"post","link":"https:\/\/www.amicidellorgano.org\/index.php\/2022\/09\/10\/concerto-suzanne-ozorak-11-settembre-2022\/","title":{"rendered":"Concerto Suzanne Ozorak &#8211; 11 settembre 2022"},"content":{"rendered":"<p><strong>Concerto Suzanne Ozorak &#8211; 11 settembre 2022<\/strong><\/p>\n<p data-wp-editing=\"1\"><img loading=\"lazy\" decoding=\"async\" class=\"aligncenter size-large wp-image-1683\" src=\"http:\/\/www.amicidellorgano.org\/wp-content\/uploads\/concerti2022\/06-07-Ozorak-781x1024.jpg\" alt=\"\" width=\"474\" height=\"621\" \/><\/p>\n<p><strong>Domenica 11 Settembre ore 17<\/strong><br \/>\n<strong>Casalnoceto, Chiesa Parrocchiale<\/strong><br \/>\n<strong>SUZANNE OZORAK, organo (Canada)<br \/>\n<\/strong><strong>XLIII Stagione internazionale di concerti sugli organi storici<br \/>\n<\/strong><\/p>\n<p>La Stagione \u00e8 sostenuta da <strong>Fondazione CRAL<\/strong>, <strong>Fondazione CRT<\/strong>, <strong>Gruppo AMAG<\/strong>, <strong>Consiglio Regionale del Piemonte<\/strong> e dalla <strong>Regione Piemonte<\/strong>.<\/p>\n<p>SUZANNE OZORAK si esibisce in un secondo concerto domenica 11 settembre alle ore 17 a CASALNOCETO nella chiesa parrocchiale dove \u00e8 invece presente un pregevole organo &#8220;Lingiardi&#8221; del 1868. In questo caso siamo in pieno XIX secolo con la consueta ricchezza timbrica e con l&#8217;occhio allo stile operistico. Il programma alterner\u00e0 brani spagnoli, tedeschi ed inglesi, per dare ampio spazio a tutti i registri ad Ancia.<\/p>\n<p><strong>Programma<\/strong><br \/>\nJUAN BAUTISTA CABANILLES (1644-1712)<br \/>\nGallardas1 de primer ton<\/p>\n<p>ANTONIO CABEZON (1519-1566)<br \/>\nDiferencias sobre \u00abLa dama le demanda\u00bb<br \/>\nGallarda milanese<\/p>\n<p>FRANCISCO CORREA DE ARAUXO (1584-1654)<br \/>\nTiento de 6 tono sobre la batalla de Morales<\/p>\n<p>SAMUEL SCHEIDT (1587-1654)<br \/>\nCantilena Anglica Fortunae sswv134<\/p>\n<p>HENRY PURCELL (1658-1695)<br \/>\nSonata V do maggiore<br \/>\n(Prelude, Almand, Gavotte, Menuet, March, Intrada, March)<\/p>\n<p>CHARLES RAQUET (1597-1664)<br \/>\nFantasia (1636) \u00bbpour montrer ce qu\u2019on peut faire \u00bb<\/p>\n<p>WILLIAM BYRD (1543-1623)<br \/>\nThree dances ( dal secondo volume del Fitzwilliam Virginal Book)<br \/>\nAlman<br \/>\nWolsey\u2019s Wilde<br \/>\nLa Volta<\/p>\n<p>JUAN BAUTISTA CABANILLES (1644-1712)<br \/>\nBatalha Imperial<\/p>\n<p><strong>Suzanne Ozorak<br \/>\n<\/strong>Nativa della Capitale nazionale, Ottawa, Canada, Suzanne Ozorak ha compiuto presso l&#8217;Universit\u00e0 di Ottawa gli studi di Organo e di Pedagogia Musicale al pianoforte. Ha proseguito la formazione musicale al Conservatorio di Montreal nella classe di Raymond Daveluy dove si \u00e8 distinta per aver ricevuto un Primo Premio.<br \/>\nIn seguito si \u00e8 perfezionata con Bernafd Lagac\u00e9 all&#8217; Universit\u00e0 Concordia, dove ha ottenuto il diploma di Interpretazione all&#8217;organo.<br \/>\nNumerosi corsi in vari Paesi europei le hanno permesso di lavorare con grandi Maestri quali Andr\u00e9 Isoir, Luigi Ferdinando Tagliavini, Daniel Roth, Marie-Claire Alain, Michel Chapuis e molti altri.. Si \u00e8 anche perfezionata nell&#8217;improvvisazione con Tobias Willi ed Emmanuel Ledivellec in Svizzera.<br \/>\nIl suo ultimo CD, registrato sul magnifico organo di S. Martin a Dudelange (Lussenburgo) \u00e8 dedicato a brani del repertorio organistico sinfonico.<br \/>\nE&#8217; stata titolare titolare dell&#8217;organo della Concattedrale di S. Antonio da Padova di Longeuil dal 2012 al 2017 ed in quest&#8217;ultimo anno \u00e8 stata seconda assistente alla Cattedrale di Notre-Dame ad Ottawa.<br \/>\nDal 2015 M.me Ozorak \u00e8 fra gli artisti regolarmente invitati nell&#8217;ambito della serie \u201c LES EXCURSIONS-CONCERTS DE VOYAGE GENDRON\u201d, un&#8217; attivit\u00e0 culturale che si propone di valorizzare il patrimonio concertistico religioso, a fianco di Paul Racine, storico dell&#8217;arte sacra, allo scopo di far conoscere tutti gli organi del Qebec e dell&#8217;Ontario.<br \/>\nLa sua attivit\u00e0 si divide tra l&#8217;insegnamento al collegio privato S.te -Anne de Dorval ed il concertismo svolto in tutto il mondo. Ha recentemente suonato in Malesia e quest&#8217;estate si produrr\u00e0 in Svizzera ed in Italia.<\/p>\n","protected":false},"excerpt":{"rendered":"<p>Concerto Suzanne Ozorak &#8211; 11 settembre 2022 Domenica 11 Settembre ore 17 Casalnoceto, Chiesa Parrocchiale SUZANNE OZORAK, organo (Canada) XLIII Stagione internazionale di concerti sugli organi storici La Stagione \u00e8 &hellip; <a href=\"https:\/\/www.amicidellorgano.org\/index.php\/2022\/09\/10\/concerto-suzanne-ozorak-11-settembre-2022\/\" class=\"more-link\">Continua la lettura di <span class=\"screen-reader-text\">Concerto Suzanne Ozorak &#8211; 11 settembre 2022<\/span> <span class=\"meta-nav\">&rarr;<\/span><\/a><\/p>\n","protected":false},"author":1,"featured_media":0,"comment_status":"closed","ping_status":"closed","sticky":false,"template":"","format":"standard","meta":{"footnotes":""},"categories":[213,13],"tags":[29,214,118],"class_list":["post-1692","post","type-post","status-publish","format-standard","hentry","category-concerti-2022","category-news","tag-casalnoceto","tag-concerti2022","tag-suzanne-ozorak"],"_links":{"self":[{"href":"https:\/\/www.amicidellorgano.org\/index.php\/wp-json\/wp\/v2\/posts\/1692"}],"collection":[{"href":"https:\/\/www.amicidellorgano.org\/index.php\/wp-json\/wp\/v2\/posts"}],"about":[{"href":"https:\/\/www.amicidellorgano.org\/index.php\/wp-json\/wp\/v2\/types\/post"}],"author":[{"embeddable":true,"href":"https:\/\/www.amicidellorgano.org\/index.php\/wp-json\/wp\/v2\/users\/1"}],"replies":[{"embeddable":true,"href":"https:\/\/www.amicidellorgano.org\/index.php\/wp-json\/wp\/v2\/comments?post=1692"}],"version-history":[{"count":1,"href":"https:\/\/www.amicidellorgano.org\/index.php\/wp-json\/wp\/v2\/posts\/1692\/revisions"}],"predecessor-version":[{"id":1693,"href":"https:\/\/www.amicidellorgano.org\/index.php\/wp-json\/wp\/v2\/posts\/1692\/revisions\/1693"}],"wp:attachment":[{"href":"https:\/\/www.amicidellorgano.org\/index.php\/wp-json\/wp\/v2\/media?parent=1692"}],"wp:term":[{"taxonomy":"category","embeddable":true,"href":"https:\/\/www.amicidellorgano.org\/index.php\/wp-json\/wp\/v2\/categories?post=1692"},{"taxonomy":"post_tag","embeddable":true,"href":"https:\/\/www.amicidellorgano.org\/index.php\/wp-json\/wp\/v2\/tags?post=1692"}],"curies":[{"name":"wp","href":"https:\/\/api.w.org\/{rel}","templated":true}]}}