{"id":1668,"date":"2022-08-22T14:03:42","date_gmt":"2022-08-22T12:03:42","guid":{"rendered":"https:\/\/www.amicidellorgano.org\/?p=1668"},"modified":"2023-07-14T09:42:35","modified_gmt":"2023-07-14T07:42:35","slug":"concerto-carlo-torlontano-e-francesco-di-lernia-27-agosto-2022","status":"publish","type":"post","link":"https:\/\/www.amicidellorgano.org\/index.php\/2022\/08\/22\/concerto-carlo-torlontano-e-francesco-di-lernia-27-agosto-2022\/","title":{"rendered":"Concerto Carlo Torlontano e Francesco Di Lernia &#8211; 27 agosto 2022"},"content":{"rendered":"<p><strong>Concerto Carlo Torlontano e Francesco Di Lernia &#8211; 27 agosto 2022<\/strong><\/p>\n<p><img loading=\"lazy\" decoding=\"async\" class=\"aligncenter wp-image-1665 size-full\" src=\"http:\/\/www.amicidellorgano.org\/wp-content\/uploads\/concerti2022\/04-Torlontano-Di-Lernia.jpg\" alt=\"Concerto Carlo Torlontano e Francesco Di Lernia - 27 agosto 2022\" width=\"567\" height=\"821\" \/><\/p>\n<p><strong>Sabato 27 agosto 2022, ore 17.30<\/strong><br \/>\n<strong>GRONDONA, chiesa parrocchiale<\/strong><br \/>\n<strong>CARLO TORLONTANO, corno delle Alpi<\/strong><br \/>\n<strong>FRANCESCO DI LERNIA, organo<br \/>\n<\/strong><strong>XLIII Stagione internazionale di concerti sugli organi storici<br \/>\n<\/strong><\/p>\n<p>La Stagione \u00e8 sostenuta da <strong>Fondazione CRAL<\/strong>, <strong>Fondazione CRT<\/strong>, <strong>Gruppo AMAG<\/strong>, <strong>Consiglio Regionale del Piemonte<\/strong> e dalla <strong>Regione Piemonte<\/strong>.<\/p>\n<p>Sabato 27 agosto alle ore 17.30 nella chiesa Parrocchiale di\u00a0GRONDONA nell&#8217;ambito della Stagione di concerti sugli organi storici degli Amici dell&#8217;Organo, sostenuta da Fondazione, CRT, Fondazione CRAL, Gruppo Amag, Regione Piemonte e Consiglio Regionale del Piemonte, avr\u00e0 luogo un evento veramente insolito. Accanto all&#8217;organo &#8220;Giuliani&#8221; del 1837, uno dei pi\u00f9 rappresentativi del patrimonio dell&#8217;intera provincia, alla cui consolle sieder\u00e0\u00a0FRANCESCO DI LERNIA, organista noto a livello mondiale per\u00a0la sua attivit\u00e0 anche musicologica, si potr\u00e0 vedere ed ascoltare il\u00a0corno delle Alpi suonato da\u00a0CARLO TORLONTANO, uno dei pochi virtuosi di questo raro strumento oggi in carriera..<\/p>\n<p>Il concerto, organizzato\u00a0in collaborazione con la\u00a0PRO LOCO GRONDONA ed il\u00a0CIRCOLO CULTURALE PONTE VECCHIO, si preannuncia davvero stuzzicante sia per l&#8217;abbinamento inedito, sia per il programma che abbiner\u00e0 musiche della tradizione a brani di grandi Autori del Settecento e dell&#8217;Ottocento ed anche dei giorni nostri.<\/p>\n<p><strong>Programma<br \/>\n<\/strong>Traditional<br \/>\nIn den Alpen<\/p>\n<p>Rainer Bartesch (*1964)<br \/>\nSilent mountains<\/p>\n<p>Anton Zimmermann (1741 &#8211; 1781)<br \/>\nSinfonia Pastoritia<br \/>\nIntroduzione-Adagio \/ Presto \/ Andante-Tempo Di Hanaco \/ Finale-Presto<\/p>\n<p>Johann Kaspar Kerll (1627 &#8211; 1693)<br \/>\nBattaglia<\/p>\n<p>Giovanni D\u2019Aquila (*1966)<br \/>\nThe great Horn of Helm<\/p>\n<p>Anonimi (sec. XVII &#8211; XVIII)<br \/>\nToccata (Ms. A.7b.63.Cass. del Conservatorio di Genova)<br \/>\nTenor di Napoli (Ms. ADP 250\/B dell\u2019Arch. Doria Panphilj)<br \/>\nChacona (Flores del M\u00fasica di A. Mart\u00edn y Coll, sec. XVII)<\/p>\n<p>Arvo P\u00e4rt (*1935)<br \/>\nPari Intervallo<\/p>\n<p>Giovanni Morandi (1777 &#8211; 1856)<br \/>\nBenedizione del Venerabile<\/p>\n<p>Leopold Mozart (1719 &#8211; 1787)<br \/>\nSinfonia Pastorella<\/p>\n<p>Il duo Alphorn &amp; Organ, costituito da Carlo Torlontano e Francesco Di Lernia si \u00e8 esibito nell\u2019ambito di numerosi rassegne e\u00a0festival internazionali come Mitte Europa Festival, Festival Santander, Madeira Organ Festival, Canne al vento Bolzano, Orgel-Akente Wuppertal Historische Stadthalle, Festival \u2018Organ and\u2019 Andorra, Vox Organi, La V\u00e9nerie Wiemesmeer, Les Canisius\u00a0Fribourg, Lahti Organ Festival,\u00a0Festival Organistico Internazionale di Bari,\u00a0Ciclo de M\u00fasica Sacra de Badajoz, Festival Musica\u00a0Sacra Klagenfurt, Festspelen i Pite\u00e5, \u2018Musica per rinascere\u2019 Sant\u2019Anna di Stazzema, Festival &#8220;Organo e&#8221; Milano, Orgel Plus\u00a0Leuven, Joroinen Music Festival, Rassegna Organistica Societ\u00e0 dei Concerti \u201cB.Barattelli\u201d L\u2019Aquila e altri eseguendo\u00a0composizioni originali per Corno delle Alpi di Reiner Bartesch, Anton Zimmerman, Giovanni D\u2019Aquila, Nicola Samale, Leopold\u00a0Mozart.<\/p>\n<p><strong>Carlo Torlontano<\/strong>, considerato uno dei migliori solisti internazionali, si \u00e8 esibito con il suo Corno delle Alpi in tutto il mondo.<br \/>\nDiplomato con il massimo dei voti, dopo essere stato per molti anni il primo Corno dell\u2019Orchestra della RAI e del Teatro di San Carlo\u00a0di Napoli, decide di dedicarsi all\u2019attivit\u00e0 solistica effettuando tourn\u00e9e in Europa.<br \/>\nPrestigiose sono le sale da concerto e i festival internazionali che lo hanno ospitato: Filarmonica di San Pietroburgo, Filarmonica\u00a0di Berlino, Filarmonica di Varsavia, Beethovenhalle di Bonn, Proms Praga, Mainly Mozart San Diego, Kuhmo Chamber Festival,\u00a0Salle Pollak di Montr\u00e9al, Brisbane Festival, Wartburgkonzert Eisenach, Newport Music Festival, Filarmonica Enescu, Festival\u00a0Internazionale di \u00a0Santander, Filarmonica di Lussemburgo, ecc.<br \/>\n\u00c8 stato inoltre invitato ad eseguire il concerto di Leopold Mozart nel 2006 al Mozarteum di Salisburgo in occasione delle\u00a0celebrazioni del 250\u00b0 anniversario della nascita di Amadeus e nel 2019 alla Konzerthalle di Augsburg in occasione delle\u00a0celebrazioni del 300\u00b0 anniversario della nascita di Leopold.<br \/>\n\u00c8 stato il primo interprete della parte originale scritta da Richard Strauss per la scena d\u2019apertura della sua \u201cDaphn\u00e9\u201d che ha cos\u00ec\u00a0eseguito all\u2019Opera di G\u00f6teborg, al Teatro di Basilea e alla Filarmonica di Berlino.<br \/>\nInoltre ha recentemente ricevuto dal\u00a0Maestro Arvo P\u00e4rt l\u2019esclusiva per eseguire come solista la sua composizione per Corno delle Alpi ed orchestra (Premiere, Finlandia 2021).<br \/>\nIn questi anni ha avuto l\u2019onore di collaborare con i pi\u00f9 importanti direttori d\u2019orchestra, ha partecipato nel 1994 all&#8217;incontro del G 7,\u00a0nel 1996 al 50\u00b0 anniversario della Repubblica Italiana e nel 2003 \u00e8 stato invitato al \u201cMartha Argerich &amp; Friends\u201d, nell&#8217;ambito del\u00a0quale ha avuto il piacere di suonare in quintetto con Martha Argerich.<br \/>\nE\u2019 titolare\u00a0della cattedra di Corno al Conservatorio \u201cL. D&#8217;Annunzio&#8221; di Pescara.<\/p>\n<p><strong>Francesco Di Lernia<\/strong> ha studiato in Italia e in Germania e ha conseguito il Konzertexamen con lode alla Musikhochschule di L\u00fcbeck.<br \/>\nSvolge da anni la sua attivit\u00e0 artistica nell&#8217;ambito dei maggiori festival di tutto il mondo tra cui Orgelkunst Vienna, Gallus Hall\u00a0Lubiana, Sala Glinka S. Pietroburgo, Estate Carinziana, Festival Internazionale di Treviso, L&#8217;Europe &amp; L&#8217;Orgue Maastricht,\u00a0Festival St. Bavo Haarlem, Mushashino Hall Tokyo, Festival Internazionale di Toledo, Wuppertal Orgel-Akzente, International\u00a0Organ Week di Granada, Organ Week Rio de Janeiro, Festival Santander, Lahti Organ Festival, etc.<br \/>\nHa collaborato inoltre con numerosi solisti, gruppi e orchestre tra cui i Wiener Philharmoniker e la Wiener Akademie. Per\u00a0Universal ha pubblicato vari volumi, tra cui l&#8217;opera completa per tastiera di Johann Kaspar Kerll e Antonio Caldara; inoltre ha\u00a0inciso per numerose case discografiche ottenendo riconoscimenti e segnalazioni della stampa specializzata internazionale. Tiene\u00a0regolarmente conferenze, corsi e seminari presso importanti accademie in tutto il mondo ed \u00e8 membro di commissione in\u00a0concorsi organistici internazionali. \u00c8 professore di organo presso il Conservatorio di Musica \u201cUmberto Giordano\u201d di Foggia,\u00a0istituto che ha diretto dal 2011 al 2017.<\/p>\n","protected":false},"excerpt":{"rendered":"<p>Concerto Carlo Torlontano e Francesco Di Lernia &#8211; 27 agosto 2022 Sabato 27 agosto 2022, ore 17.30 GRONDONA, chiesa parrocchiale CARLO TORLONTANO, corno delle Alpi FRANCESCO DI LERNIA, organo XLIII &hellip; <a href=\"https:\/\/www.amicidellorgano.org\/index.php\/2022\/08\/22\/concerto-carlo-torlontano-e-francesco-di-lernia-27-agosto-2022\/\" class=\"more-link\">Continua la lettura di <span class=\"screen-reader-text\">Concerto Carlo Torlontano e Francesco Di Lernia &#8211; 27 agosto 2022<\/span> <span class=\"meta-nav\">&rarr;<\/span><\/a><\/p>\n","protected":false},"author":1,"featured_media":0,"comment_status":"closed","ping_status":"closed","sticky":false,"template":"","format":"standard","meta":{"footnotes":""},"categories":[213,13],"tags":[226,214,227,39],"class_list":["post-1668","post","type-post","status-publish","format-standard","hentry","category-concerti-2022","category-news","tag-carlo-torlontano","tag-concerti2022","tag-francesco-di-lernia","tag-grondona"],"_links":{"self":[{"href":"https:\/\/www.amicidellorgano.org\/index.php\/wp-json\/wp\/v2\/posts\/1668"}],"collection":[{"href":"https:\/\/www.amicidellorgano.org\/index.php\/wp-json\/wp\/v2\/posts"}],"about":[{"href":"https:\/\/www.amicidellorgano.org\/index.php\/wp-json\/wp\/v2\/types\/post"}],"author":[{"embeddable":true,"href":"https:\/\/www.amicidellorgano.org\/index.php\/wp-json\/wp\/v2\/users\/1"}],"replies":[{"embeddable":true,"href":"https:\/\/www.amicidellorgano.org\/index.php\/wp-json\/wp\/v2\/comments?post=1668"}],"version-history":[{"count":2,"href":"https:\/\/www.amicidellorgano.org\/index.php\/wp-json\/wp\/v2\/posts\/1668\/revisions"}],"predecessor-version":[{"id":1671,"href":"https:\/\/www.amicidellorgano.org\/index.php\/wp-json\/wp\/v2\/posts\/1668\/revisions\/1671"}],"wp:attachment":[{"href":"https:\/\/www.amicidellorgano.org\/index.php\/wp-json\/wp\/v2\/media?parent=1668"}],"wp:term":[{"taxonomy":"category","embeddable":true,"href":"https:\/\/www.amicidellorgano.org\/index.php\/wp-json\/wp\/v2\/categories?post=1668"},{"taxonomy":"post_tag","embeddable":true,"href":"https:\/\/www.amicidellorgano.org\/index.php\/wp-json\/wp\/v2\/tags?post=1668"}],"curies":[{"name":"wp","href":"https:\/\/api.w.org\/{rel}","templated":true}]}}