{"id":1653,"date":"2022-08-11T00:01:12","date_gmt":"2022-08-10T22:01:12","guid":{"rendered":"https:\/\/www.amicidellorgano.org\/?p=1653"},"modified":"2023-07-14T09:42:36","modified_gmt":"2023-07-14T07:42:36","slug":"concerto-verena-steffen-e-olivier-eisenmann-12-agosto-2022","status":"publish","type":"post","link":"https:\/\/www.amicidellorgano.org\/index.php\/2022\/08\/11\/concerto-verena-steffen-e-olivier-eisenmann-12-agosto-2022\/","title":{"rendered":"Concerto Verena Steffen e Olivier Eisenmann &#8211; 12 agosto 2022"},"content":{"rendered":"<p><strong>Concerto Verena Steffen e Olivier Eisenmann &#8211; 12 agosto 2022<\/strong><\/p>\n<p data-wp-editing=\"1\"><img loading=\"lazy\" decoding=\"async\" class=\"aligncenter size-large wp-image-1640\" src=\"http:\/\/www.amicidellorgano.org\/wp-content\/uploads\/concerti2022\/02-Eisenmann-Steffen-2022-1024x768.jpg\" alt=\"\" width=\"474\" height=\"356\" \/><\/p>\n<p><strong>Venerd\u00ec 12 agosto 2022, ore 21.30<\/strong><br \/>\nARQUATA SCRIVIA, chiesa parrocchiale<br \/>\n<strong>VERENA STEFFEN<\/strong>, flauto traverso (CH)<br \/>\n<strong>OLIVIER EISENMANN<\/strong>, organo (CH)<br \/>\n<strong>XLIII Stagione internazionale di concerti sugli organi storici<br \/>\n<\/strong><\/p>\n<p>La Stagione \u00e8 sostenuta da <strong>Fondazione CRAL<\/strong>, <strong>Fondazione CRT<\/strong>, <strong>Gruppo AMAG<\/strong>, <strong>Consiglio Regionale del Piemonte<\/strong> e dalla <strong>Regione Piemonte<\/strong>.<\/p>\n<p>Venerd\u00ec 12 agosto alle ore 21.30 nella\u00a0chiesa parrocchiale di Arquata Scrivia i noti musicisti svizzeri\u00a0VERENA STEFFEN, al flauto traverso e\u00a0OLIVIER EISENMANN all&#8217;organo &#8220;Locatelli&#8221; terranno il secondo concerto della Stagione degli Amici dell&#8217;Organo.<\/p>\n<p>PROGRAMMA COMPLETO:<br \/>\nGIROLAMO FRESCOBALDI (1583-1643)<br \/>\nToccata in Fa per organo<\/p>\n<p>ANNA AMALIA PRINCIPESSA DI PRUSSIA (1723-1787)<br \/>\nSonata in Fa maggiore per flauto e organo<br \/>\nAdagio \u2010 Allegretto \u2010 Allegro ma non troppo<\/p>\n<p>MARIN MARAIS (1656-1728)<br \/>\n\u201cLes Folies d`Espagne\u201c in Mi minore per flauto<\/p>\n<p>JOHANN PACHELBEL (1653-1706)<br \/>\nFuga in Re minore per organo<\/p>\n<p>GEORG PHILIPP TELEMANN (1681-1767)<br \/>\nSonata in Fa maggiore TWV 41:F2 per flauto e organo<br \/>\nVivace \u2010 Largo \u2010 Allegro<\/p>\n<p>CHRISTOPH WILLIBALD GLUCK (1714-1787)<br \/>\n\u201cReigen seliger Geister\u201d (1762) da \u201cOrfeo und Euridice\u201d per flauto e organo<\/p>\n<p>JOSEPH HAYDN (1732-1809)<br \/>\n\u2010 Vivace Hob. XIX 13<br \/>\n\u2010 Andante Hob. XIX 10<br \/>\n\u2010 Menuett Hob. XIX 9<br \/>\n\u2010 Vivace Hob. XIX 23<br \/>\n(dai pezzi per flauto in un orologio 1792 e 1793) per flauto e organo<\/p>\n<p>WOLFGANG AMADEUS MOZART (1756-1791)<br \/>\nUna piccola Giga in Sol maggiore KV 574<br \/>\n(Leipziger Gigue) per organo<\/p>\n<p>WOLFGANG AMADEUS MOZART (1756-1791)<br \/>\nAndante in Fa maggiore KV 616 (1791)<br \/>\n\u201cf\u00fcr eine Walze in eine kleine Orgel\u201c<br \/>\n(Trascrizione per flauto e organo: Olivier Eisenmann)<\/p>\n<p><strong>VERENA STEFFEN<\/strong><br \/>\nHa iniziato gli studi musicali al Conservatorio di Lucerna conseguendo il diploma di flauto nella classe di Jean Soldan. In seguito si perfeziona con Andr\u00e9 Jaunet a Zurigo e Heinrich Keller a Winterthur. Ha tenuto concerti nelle principali citt\u00e0 svizzere, in Europa (Germania, Danimarca, Norvegia, Svezia, Finlandia, Estonia, Lituania, Islanda, Inghilterra, Francia, Spagna, Portogallo, Austria, Italia, Polonia, Cecoslovacchia, Russia), in U.S.A. ( New York, Monroe, Madison) e Messico, in Singapore, in Nuova Zelanda ed in Australia.<br \/>\nHa al suo attivo registrazioni radiofoniche ed ha inciso LP e CD. Particolarmente si esibisce col parnter Olivier Eisenmann all\u2019organo in varie tourn\u00e9es ed in Festival nonch\u00e9 nelle cattedrali di Montpellier, Bruxelles, Bruges, Lund, G\u00f6teborg, Karlstad, Link\u00f6ping, Kalmar, Tampere, Kuopio, Aquisgrana, Klagenfurt, Salisburgo e Porto.<\/p>\n<p><strong>OLIVIER EISENMANN<\/strong><br \/>\nNato a Zurigo, Olivier Eisenmann ha iniziato lo studio del pianoforte con il padre, il compositore Will Eisenmann, proseguendolo al Conservatorio di Lucerna con Sava Savoff. Contemporaneamente agli studi organistici con Eduard Kaufmann, organista della \u201cHofkirche\u201c di Lucerna, ha seguito lo studio della Scienza conseguendo il grado di dottore all\u2019Universit\u00e0 di Zurigo. Ha svolto attivit\u00e0 concertistica come pianista e poi come organista nelle pi\u00f9 importanti citt\u00e0 europee.<br \/>\nSi \u00e8 esibito anche in USA (New York, Washington D.C., Boston, Chicago, Memphis, Seattle etc.), Islanda, Australia (Melbourne, Camberra, Sydney), Nuova Zelanda, Messico.<br \/>\nInoltre ha svolto attivit\u00e0 solistica in qualit\u00e0 di organista in concerti sinfonici con l`Orchestre de la Suisse Romande, la Deutsche Bachorchester Ratzeburg, la Filarmonia statale di Ko\u0161ice, la S\u00fcdwestdeutsche Philharmonie, Singapore Symphony Orchestra a Singapore e con diversi altri complessi. Ha effettuato numerose registrazioni radio\u2010televisive in Svizzera, Spagna, Svezia, Finlandia, Germania, Austria, Slovenia, Slovacchia, Repubblica Ceca, Ungheria, Polonia, Bielorussia, Russia, Brasile e Singapore, oltre a 21 incisioni discografiche, compresi 9 CD.<br \/>\nPer tanti anni Olivier Eisenmann \u00e8 stato membro direttore dell\u2019Associazione della Musica Contemporanea (Sezione Svizzera Centrale) e professore al Liceo di Zug. Gli sono state affidate conferenze sulla musica d\u2019organo presso diverse accademie (Herford, Sydney, Mosca e Niscni Novgorod) e recentemente ha tenuto una masterclass al Conservatorio Statale di Musica a Parma. Inoltre pubblica in riviste musicali. Nel 2014 \u00e8 stato insignito dalla sua residenza comunale della \u201cWeggiser Rose\u201c per la sua attivit\u00e0 mondiale come concertista e \u201cambasciatore musicale\u201c.<\/p>\n","protected":false},"excerpt":{"rendered":"<p>Concerto Verena Steffen e Olivier Eisenmann &#8211; 12 agosto 2022 Venerd\u00ec 12 agosto 2022, ore 21.30 ARQUATA SCRIVIA, chiesa parrocchiale VERENA STEFFEN, flauto traverso (CH) OLIVIER EISENMANN, organo (CH) XLIII &hellip; <a href=\"https:\/\/www.amicidellorgano.org\/index.php\/2022\/08\/11\/concerto-verena-steffen-e-olivier-eisenmann-12-agosto-2022\/\" class=\"more-link\">Continua la lettura di <span class=\"screen-reader-text\">Concerto Verena Steffen e Olivier Eisenmann &#8211; 12 agosto 2022<\/span> <span class=\"meta-nav\">&rarr;<\/span><\/a><\/p>\n","protected":false},"author":1,"featured_media":0,"comment_status":"closed","ping_status":"closed","sticky":false,"template":"","format":"standard","meta":{"footnotes":""},"categories":[213,13],"tags":[224,214,129,183],"class_list":["post-1653","post","type-post","status-publish","format-standard","hentry","category-concerti-2022","category-news","tag-arquata","tag-concerti2022","tag-olivier-eisenmann","tag-verena-steffen"],"_links":{"self":[{"href":"https:\/\/www.amicidellorgano.org\/index.php\/wp-json\/wp\/v2\/posts\/1653"}],"collection":[{"href":"https:\/\/www.amicidellorgano.org\/index.php\/wp-json\/wp\/v2\/posts"}],"about":[{"href":"https:\/\/www.amicidellorgano.org\/index.php\/wp-json\/wp\/v2\/types\/post"}],"author":[{"embeddable":true,"href":"https:\/\/www.amicidellorgano.org\/index.php\/wp-json\/wp\/v2\/users\/1"}],"replies":[{"embeddable":true,"href":"https:\/\/www.amicidellorgano.org\/index.php\/wp-json\/wp\/v2\/comments?post=1653"}],"version-history":[{"count":1,"href":"https:\/\/www.amicidellorgano.org\/index.php\/wp-json\/wp\/v2\/posts\/1653\/revisions"}],"predecessor-version":[{"id":1654,"href":"https:\/\/www.amicidellorgano.org\/index.php\/wp-json\/wp\/v2\/posts\/1653\/revisions\/1654"}],"wp:attachment":[{"href":"https:\/\/www.amicidellorgano.org\/index.php\/wp-json\/wp\/v2\/media?parent=1653"}],"wp:term":[{"taxonomy":"category","embeddable":true,"href":"https:\/\/www.amicidellorgano.org\/index.php\/wp-json\/wp\/v2\/categories?post=1653"},{"taxonomy":"post_tag","embeddable":true,"href":"https:\/\/www.amicidellorgano.org\/index.php\/wp-json\/wp\/v2\/tags?post=1653"}],"curies":[{"name":"wp","href":"https:\/\/api.w.org\/{rel}","templated":true}]}}