{"id":1608,"date":"2022-05-02T01:00:42","date_gmt":"2022-05-01T23:00:42","guid":{"rendered":"https:\/\/www.amicidellorgano.org\/?p=1608"},"modified":"2023-07-14T09:43:09","modified_gmt":"2023-07-14T07:43:09","slug":"la-musica-e-il-sacro-2022-concerto-dell8-maggio-2022","status":"publish","type":"post","link":"https:\/\/www.amicidellorgano.org\/index.php\/2022\/05\/02\/la-musica-e-il-sacro-2022-concerto-dell8-maggio-2022\/","title":{"rendered":"La Musica e il Sacro 2022 &#8211; concerto dell&#8217;8 maggio 2022"},"content":{"rendered":"<p><strong>La Musica e il Sacro 2022 &#8211; concerto dell&#8217;8 maggio 2022<\/strong><\/p>\n<div class=\"moz-text-html\" lang=\"x-unicode\">\n<div dir=\"ltr\">\n<p><img loading=\"lazy\" decoding=\"async\" class=\"aligncenter size-large wp-image-1605\" src=\"http:\/\/www.amicidellorgano.org\/wp-content\/uploads\/messecumorgano2022\/foto-Colosetti-2-978x1024.jpg\" alt=\"\" width=\"474\" height=\"496\" \/><\/p>\n<p>La Messa &#8220;cum Organo&#8221; di sabato 7 maggio nel Duomo di Valenza, causa un impegno della chiesa, \u00e8 spostata al giorno successivo, domenica 8, sempre alle 18.30.<\/p>\n<p>Il giovane organista\u00a0EMANUELE COLOSETTI, prossimo laureando in organo presso il Conservatorio &#8220;A. Vivaldi&#8221; di Alessandria, proporr\u00e0 un interessante e ben calibrato programma che metter\u00e0 sicuramente in luce le grandi possibilit\u00e0 timbriche del famoso organo &#8220;Serassi&#8221; di Valenza, uno dei pi\u00f9 grandi strumenti del XIX secolo della provincia ed il secondo, in ordine di tempo, ad essere stato restaurato secondo criteri filologici gi\u00e0 nel 1978.<\/p>\n<p>Il programma che si potr\u00e0 ascoltare nel dettaglio \u00e8 il seguente:<\/p>\n<p>L.J.A. Lef\u00e9bure-Wely (1817 \u2013 1869) : &#8220;Pr\u00e9lude&#8221;, da l\u201d&#8217;Organiste Moderne\u201d,<br \/>\nD. Zipoli (1688 \u2013 1726): Sarabanda (dalla Suite in sol minore),<br \/>\nC. Franck (1822 \u2013 1890): Andantino en Lab majeur,<br \/>\nPadre D. da Bergamo (1791 \u2013 1863): Versetto in Sib con armonia di trombe alla tirolese.<\/p>\n<p>Quest&#8217;ultimo brano impiegher\u00e0 le particolarissime &#8220;Trombe a squillo&#8221;, registro tipico dei Serassi con le canne collocate nel parapetto della cantoria.<\/p>\n<p>Classe 1995, Emanuele Colosetti si appassiona alla musica classica sin da bambino, approfondendo l\u2019ascolto del repertorio classico pi\u00f9 importante. All\u2019et\u00e0 di 8 anni inizia i primi studi musicali come percussionista alla Scuola di Musica cittadina inserendosi nelle attivit\u00e0 musicali della Banda Musicale Giovanile di Mede, la \u201cJunior Band\u201d, diretta dal M\u00b0 Luca Fogarolo. Con l\u2019inizio delle scuole superiori inizia a frequentare l\u2019Istituto di Musica \u201cA. Soliva\u201d di Casale Monferrato iscrivendosi alla classe di pianoforte del M\u00b0 Matteo Corda e successivamente del M\u00b0 Mirco Cislaghi, partecipando alle attivit\u00e0 didattiche del Conservatorio \u201cG. Verdi\u201d di Torino. Contemporaneamente intraprende il servizio di organista titolare della Chiesa dei SS. Marziano e Martino in Mede (PV), ruolo che investe tuttora. Diplomatosi al Liceo Tecnologico, nell\u2019ottobre del 2015 incomincia un\u2019esperienza lavorativa come apprendista organaro presso la \u201cDitta G. Tamburini\u201d in Crema, iscrivendosi l\u2019anno dopo alla \u201cScuola di Restauro e Costruzione degli organi a canne\u201d con sede a Crema e Cremona, esperienza che lo perfezioner\u00e0 nella costruzione degli organi, attivit\u00e0 che lo vede impegnato tuttora. Nell\u2019aprile del 2017 inaugura a Mede (PV) il suo primo organo, arrivando sulle pagine dell\u2019informazione nazionale. Si dedica con passione ad un lavoro di divulgazione dell\u2019Arte Organaria nelle scuole e nel frattempo si perfeziona nello studio dell\u2019organo, delle prassi esecutive e delle tecniche di armonia. Attualmente \u00e8 studente al Conservatorio \u201cA. Vivaldi\u201d di Alessandria nel Triennio della Classe di Organo e Composizione Organistica del M\u00b0 Daniele Boccaccio. Dal Gennaio 2021 \u00e8 organista titolare e direttore di coro presso il Santuario della Madonna della Bozzola di Garlasco (PV), sul pregevole organo costruito da V. Mascioni del 1939 (II\/P, 31).<\/p>\n<p>L&#8217;iniziativa si avvale dell&#8217;organizzazione degli Amici dell&#8217;Organo e del sostegno della Fondazione CRAL.<\/p>\n<\/div>\n<\/div>\n","protected":false},"excerpt":{"rendered":"<p>La Musica e il Sacro 2022 &#8211; concerto dell&#8217;8 maggio 2022 La Messa &#8220;cum Organo&#8221; di sabato 7 maggio nel Duomo di Valenza, causa un impegno della chiesa, \u00e8 spostata &hellip; <a href=\"https:\/\/www.amicidellorgano.org\/index.php\/2022\/05\/02\/la-musica-e-il-sacro-2022-concerto-dell8-maggio-2022\/\" class=\"more-link\">Continua la lettura di <span class=\"screen-reader-text\">La Musica e il Sacro 2022 &#8211; concerto dell&#8217;8 maggio 2022<\/span> <span class=\"meta-nav\">&rarr;<\/span><\/a><\/p>\n","protected":false},"author":1,"featured_media":0,"comment_status":"closed","ping_status":"closed","sticky":false,"template":"","format":"standard","meta":{"footnotes":""},"categories":[65,13],"tags":[67,66],"class_list":["post-1608","post","type-post","status-publish","format-standard","hentry","category-musica-e-sacro","category-news","tag-messe-cum-organo","tag-musica-e-sacro"],"_links":{"self":[{"href":"https:\/\/www.amicidellorgano.org\/index.php\/wp-json\/wp\/v2\/posts\/1608"}],"collection":[{"href":"https:\/\/www.amicidellorgano.org\/index.php\/wp-json\/wp\/v2\/posts"}],"about":[{"href":"https:\/\/www.amicidellorgano.org\/index.php\/wp-json\/wp\/v2\/types\/post"}],"author":[{"embeddable":true,"href":"https:\/\/www.amicidellorgano.org\/index.php\/wp-json\/wp\/v2\/users\/1"}],"replies":[{"embeddable":true,"href":"https:\/\/www.amicidellorgano.org\/index.php\/wp-json\/wp\/v2\/comments?post=1608"}],"version-history":[{"count":1,"href":"https:\/\/www.amicidellorgano.org\/index.php\/wp-json\/wp\/v2\/posts\/1608\/revisions"}],"predecessor-version":[{"id":1609,"href":"https:\/\/www.amicidellorgano.org\/index.php\/wp-json\/wp\/v2\/posts\/1608\/revisions\/1609"}],"wp:attachment":[{"href":"https:\/\/www.amicidellorgano.org\/index.php\/wp-json\/wp\/v2\/media?parent=1608"}],"wp:term":[{"taxonomy":"category","embeddable":true,"href":"https:\/\/www.amicidellorgano.org\/index.php\/wp-json\/wp\/v2\/categories?post=1608"},{"taxonomy":"post_tag","embeddable":true,"href":"https:\/\/www.amicidellorgano.org\/index.php\/wp-json\/wp\/v2\/tags?post=1608"}],"curies":[{"name":"wp","href":"https:\/\/api.w.org\/{rel}","templated":true}]}}