{"id":1535,"date":"2021-09-06T14:50:04","date_gmt":"2021-09-06T12:50:04","guid":{"rendered":"https:\/\/www.amicidellorgano.org\/?p=1535"},"modified":"2021-09-06T14:50:45","modified_gmt":"2021-09-06T12:50:45","slug":"concerto-elena-romiti-letizia-romiti-ilaria-ercole-11-settembre-2021","status":"publish","type":"post","link":"https:\/\/www.amicidellorgano.org\/index.php\/2021\/09\/06\/concerto-elena-romiti-letizia-romiti-ilaria-ercole-11-settembre-2021\/","title":{"rendered":"Concerto Elena Romiti, Letizia Romiti, Ilaria Ercole &#8211; 11 settembre 2021"},"content":{"rendered":"<p><strong>Concerto Elena Romiti, Letizia Romiti, Ilaria Ercole &#8211; 11 settembre 2021<\/strong><\/p>\n<p><img loading=\"lazy\" decoding=\"async\" class=\"aligncenter size-full wp-image-1528\" src=\"http:\/\/www.amicidellorgano.org\/wp-content\/uploads\/concerti2021\/13-letizia-romiti.jpg\" alt=\"Concerto Elena Romiti, Letizia Romiti, Ilaria Ercole - 11 settembre 2021\" width=\"480\" height=\"640\" \/><img loading=\"lazy\" decoding=\"async\" class=\"aligncenter size-large wp-image-1527\" src=\"http:\/\/www.amicidellorgano.org\/wp-content\/uploads\/concerti2021\/13-elena-romiti-1024x768.jpg\" alt=\"Concerto Elena Romiti, Letizia Romiti, Ilaria Ercole - 11 settembre 2021\" width=\"474\" height=\"356\" \/><\/p>\n<p><strong>sabato 11 settembre, ore 17<\/strong><br \/>\n<strong>BOSCO MARENGO, ABBAZIA DI SANTA CROCE<\/strong><br \/>\n<strong>ELENA ROMITI, oboe<\/strong><br \/>\n<strong>LETIZIA ROMITI, organo portativo<\/strong><br \/>\n<strong>ILARIA ERCOLE, voce recitante<\/strong><br \/>\n<strong>XLII Stagione internazionale di concerti sugli organi storici<br \/>\n<\/strong><\/p>\n<p><strong>E&#8217; obbligatoria l&#8217;esposizione del green pass vaccinale per assistere ai concerti d&#8217;organo<\/strong><\/p>\n<p>La XLII Stagione di concerti sugli organi storici della provincia di Alessandria, organizzata dagli Amici dell&#8217;Organo e sostenuta dalla Fondazioni CRT, CRAL, SociAl e dal Gruppo Amag, prosegue sabato 11 settembre alle ore 17 presso l&#8217; ABBAZIA DI SANTA CROCE di BOSCO MARENGO dove ELENA ROMITI all&#8217; oboe e LETIZIA ROMITI all&#8217; organo portativo costruito da Walter Chinaglia proporranno brani di J. S. Bach (Sinfonia dalla Cantata BWV 156 e Sinfonia dalla Cantata BWV 249 per oboe ed organo), Piotr Drusinski, Marco Antonio Cavazzoni, Gerolamo Frescobaldi e Domenico Scarlatti per organo solo, Carlo Besozzi per solo oboe, Anonimo celtico e G.Ph. Telemann per oboe e basso continuo.<\/p>\n<p>Il concerto \u00e8 organizzato in collaborazione con l&#8217;Associazione Amici di Santa Croce e con il Fondo Edifici di Culto del Ministero.<\/p>\n<p>Vale la pena di dare alcune notizie sulle figure dei compositori meno noti. I brevi brani di Piotr Drusinski, compositore polacco assai famoso ai suoi tempi, si trovano nella cosiddetta Intavolatura d Oliwa, compilata all&#8217;inizio del XVII secolo e contenente brani di autori polacchi e stranieri, in particolare italiani.Il primo \u00e8 una breve &#8220;intonazione&#8221; su Magnificat, il secondo \u00e8 basato su un inno che \u00e8 quasi la stessa melodia del successivo corale luterano &#8220;Wie schoen leuchtet der Morgenstern&#8221;.<\/p>\n<p>Carlo Besozzi era figlio dell&#8217;oboista e compositore Antonio Besozzi, il quale fu indubbiamente suo insegnante. Nel 1755 entr\u00f2 assieme al padre come oboista regolare dell&#8217;orchestra della corte di Dresda (al servizio della principessa elettrice di Sassonia Maria Antonia Walpurgis), posizione che mantenne per tutta la vita. Durante gli anni successivi, sempre accompagnato dal padre Antonio, comp\u00ec diversi viaggi attraverso l&#8217;Europa: tra le varie citt\u00e0 in cui soggiorn\u00f2, si ricordano in particolar modo Parigi nel 1757, Stoccarda nel 1758-9 e Salisburgo nel 1778, dove fu giudicato positivamente da Leopold Mozart. In seguito ad Augusta fu elogiato da un certo Schubert come il monarca degli oboisti e un grande teorico. Nel settembre del 1772, quando Charles Burney visit\u00f2 Dresda descrisse con precisione la tecnica che Besozzi impiegava per suonare il proprio strumento. Nel settembre del 1774 Carlo ebbe il permesso di assentarsi dai propri doveri presso la capitale sassone e di recarsi a Torino, dove fece visita ai suoi genitori. Il 15 aprile 1776 gli venne aumentato lo stipendio a 200 talleri e il 4 maggio gli venne concesso un ulteriore viaggio in Italia. Attualmente non ci giungono successive informazioni sul suo conto.<\/p>\n<p>Anche se nessuna delle numerosi composizioni di Besozzi fu stampata durante la esistenza, sopravvivono attualmente 23 concerti, 26 sonate e un divertimento. I suoi concerti erano chiaramente scritti per essere suonati da lui stesso ed erano concepiti per mostrare la sua abilit\u00e0. Nei movimenti finali di queste composizioni si denota un carattere prevalentemente serio, segno di un chiaro influsso da parte dello Sturm und Drang.<\/p>\n<p><strong>Elena Romiti<\/strong> si \u00e8 diplomata in oboe presso il Conservatorio &#8220;A. Vivaldi&#8221; di Alessandria sotto la guida di O. Zoboli ed in oboe barocco presso la scuola Civica di Musica di Milano. Si \u00e8 poi laureata presso il DAMS di Brescia con una tesi sulla produzione di Robert Ashley e di Steve Reich., relatore Fabrizio Chirico.<br \/>\nHa seguito seminari con O. Zoboli e R. Canter in diverse edizioni dei Corsi Internazionali di Perfezionamento &#8220;Tullio Macoggi&#8221; di Varenna (Co).<br \/>\nSvolge attivit\u00e0 concertistica in duo con pianoforte, chitarra, organo e cembalo ed in formazioni cameristiche classiche e contemporanee, tra cui il &#8220;Carpinensemble&#8221; di cui \u00e8 fondatrice. Come solista ha tenuto concerti in Italia, Svizzera, Spagna, Francia, Austria e Germania riportando lusinghieri consensi da parte della stampa. Col complesso da camera &#8220;Accademia dei Solinghi&#8221; di Torino ha partecipato alla registrazione su compact disc della cantata di Johan Kuhnau &#8220;Uns ist ein Kind Geboren&#8221;.<\/p>\n<p><strong>Letizia Romiti<\/strong>, diplomata in organo e composizione organistica sotto la guida di Luigi Benedetti presso il Conservatorio &#8220;G. Verdi&#8221; di Milano, ha conseguito presso l\u2019Universit\u00e0 della stessa citt\u00e0, la laurea in Filosofia con una tesi sulle Messe organistiche di Gerolamo Cavazzoni, relatore Guglielmo Barblan. Si \u00e8 poi diplomata in clavicembalo presso il Conservatorio di Musica di Brescia dove ha studiato con Fiorella Brancacci. Ha frequentato il corso di L. F. Tagliavini presso l\u2019Accademia di Musica Antica Italiana per Organo a Pistoia e corsi di interpretazione tenuti da K. Gilbert e T. Koopman. Ha pubblicato il volume &#8220;Gli organi storici della citt\u00e0 di Alessandria&#8221; ed ha tenuto concerti in tutta Europa e nell\u2019ex Unione Sovietica, esibendosi in rassegne e sedi prestigiose. Ha effettuato incisioni discografiche su organi storici in Italia e all\u2019estero. Ha tenuto masterclasses sulla musica antica italiana per organo ed \u00e8 stata docente di Organo e composizione organistica presso il Conservatorio &#8220;A. Vivaldi&#8221; di Alessandria.<\/p>\n<p><strong>Ilaria Ercole<\/strong>, diplomata alla storica Scuola di Teatro &#8220;I Pochi&#8221; di Alessandria nel 2003, ha successivamente messo in pratica la sua formazione con la Compagnia Teatrale &#8220;Teatro Tascabile&#8221; dal 2005 al 2013, proseguendo poi con la Compagnia Teatrale &#8220;Parvopalco&#8221;. Al teatro ha affiancato letture sceniche in molti eventi culturali organizzati dall&#8217;amministrazione pubblica alessandrina, acquese, ovadese e tortonese. Dopo la maternit\u00e0 ha scoperto la lettura a bassa voce, frequentando corsi specifici di lettura per bambini, collaborando con scuole materne alessandrine, diventando poi volontaria nel progetto Nazionale Nati per Leggere. Dal 1997 lavora presso la Biblioteca Civica di Alessandria dove si occupa della promozione alla lettura per i bambini, oltre che per gli adulti<\/p>\n<p>La chiesa di Santa Croce in Bosco Marengo rientra nel patrimonio storico-artistico del Fondo Edifici di Culto \u2013 Dipartimento per le libert\u00e0 civili e per l&#8217;immigrazione \u2013 Ministero dell&#8217; Interno.<\/p>\n","protected":false},"excerpt":{"rendered":"<p>Concerto Elena Romiti, Letizia Romiti, Ilaria Ercole &#8211; 11 settembre 2021 sabato 11 settembre, ore 17 BOSCO MARENGO, ABBAZIA DI SANTA CROCE ELENA ROMITI, oboe LETIZIA ROMITI, organo portativo ILARIA &hellip; <a href=\"https:\/\/www.amicidellorgano.org\/index.php\/2021\/09\/06\/concerto-elena-romiti-letizia-romiti-ilaria-ercole-11-settembre-2021\/\" class=\"more-link\">Continua la lettura di <span class=\"screen-reader-text\">Concerto Elena Romiti, Letizia Romiti, Ilaria Ercole &#8211; 11 settembre 2021<\/span> <span class=\"meta-nav\">&rarr;<\/span><\/a><\/p>\n","protected":false},"author":1,"featured_media":0,"comment_status":"closed","ping_status":"closed","sticky":false,"template":"","format":"standard","meta":{"footnotes":""},"categories":[188,13],"tags":[96,189,46,205,18],"class_list":["post-1535","post","type-post","status-publish","format-standard","hentry","category-concerti-2021","category-news","tag-bosco-marengo","tag-concerti2021","tag-elena-romiti","tag-ilaria-ercole","tag-letizia-romiti"],"_links":{"self":[{"href":"https:\/\/www.amicidellorgano.org\/index.php\/wp-json\/wp\/v2\/posts\/1535"}],"collection":[{"href":"https:\/\/www.amicidellorgano.org\/index.php\/wp-json\/wp\/v2\/posts"}],"about":[{"href":"https:\/\/www.amicidellorgano.org\/index.php\/wp-json\/wp\/v2\/types\/post"}],"author":[{"embeddable":true,"href":"https:\/\/www.amicidellorgano.org\/index.php\/wp-json\/wp\/v2\/users\/1"}],"replies":[{"embeddable":true,"href":"https:\/\/www.amicidellorgano.org\/index.php\/wp-json\/wp\/v2\/comments?post=1535"}],"version-history":[{"count":2,"href":"https:\/\/www.amicidellorgano.org\/index.php\/wp-json\/wp\/v2\/posts\/1535\/revisions"}],"predecessor-version":[{"id":1537,"href":"https:\/\/www.amicidellorgano.org\/index.php\/wp-json\/wp\/v2\/posts\/1535\/revisions\/1537"}],"wp:attachment":[{"href":"https:\/\/www.amicidellorgano.org\/index.php\/wp-json\/wp\/v2\/media?parent=1535"}],"wp:term":[{"taxonomy":"category","embeddable":true,"href":"https:\/\/www.amicidellorgano.org\/index.php\/wp-json\/wp\/v2\/categories?post=1535"},{"taxonomy":"post_tag","embeddable":true,"href":"https:\/\/www.amicidellorgano.org\/index.php\/wp-json\/wp\/v2\/tags?post=1535"}],"curies":[{"name":"wp","href":"https:\/\/api.w.org\/{rel}","templated":true}]}}