{"id":1517,"date":"2021-08-31T12:33:33","date_gmt":"2021-08-31T10:33:33","guid":{"rendered":"https:\/\/www.amicidellorgano.org\/?p=1517"},"modified":"2021-08-31T12:33:33","modified_gmt":"2021-08-31T10:33:33","slug":"concerto-antonello-molteni-luigi-ricco-4-settembre-2021","status":"publish","type":"post","link":"https:\/\/www.amicidellorgano.org\/index.php\/2021\/08\/31\/concerto-antonello-molteni-luigi-ricco-4-settembre-2021\/","title":{"rendered":"Concerto Antonello Molteni, Luigi Ricco &#8211; 4 settembre 2021"},"content":{"rendered":"<p><strong>Concerto Antonello Molteni, Luigi Ricco &#8211; 4 settembre 2021<\/strong><\/p>\n<p><img loading=\"lazy\" decoding=\"async\" class=\"aligncenter size-full wp-image-1515\" src=\"http:\/\/www.amicidellorgano.org\/wp-content\/uploads\/concerti2021\/11-molteni-ricco.jpg\" alt=\"Concerto Antonello Molteni, Luigi Ricco - 4 settembre 2021\" width=\"718\" height=\"960\" \/><\/p>\n<p><strong>sabato 4 settembre ore 18<\/strong><br \/>\n<strong>TORTONA, SANTUARIO MADONNA DELLA GUARDIA<\/strong><br \/>\n<strong>ANTONELLO MOLTENI, violino<\/strong><br \/>\n<strong>LUIGI RICCO, organo<\/strong><br \/>\n<strong>concerto dedicato a J.G. Rheinberger nel 120\u00b0 della morte<\/strong><br \/>\n<strong>XLII Stagione internazionale di concerti sugli organi storici<br \/>\n<\/strong><\/p>\n<p><strong>E&#8217; obbligatoria l&#8217;esposizione del green pass vaccinale per assistere ai concerti d&#8217;organo<\/strong><\/p>\n<p>Sabato 4 settembre alle ore 18 nel SANTUARIO MADONNA DELLA GUARDIA di Tortona, nell&#8217;ambito della XLII Stagione di concerti sugli organi storici della provincia di Alessandria organizzata dagli Amici dell&#8217;Organo e sostenuta dalla Fondazioni CRT, CRAL, SociAl e dal Gruppo Amag, ANTONELLO MOLTENI al violino e LUIGI RICCO all&#8217; organo &#8220;Mascioni&#8221; proporranno un concerto dedicato a J.G. Rheinberger nel 120\u00b0 della morte.<\/p>\n<p>Rheinberger fu un compositore prolifico. Le sue opere religiose comprendono dodici Messe (uno per doppio coro, tre per quattro voci a cappella, tre per voci femminili e organo, due per voci maschili e una per orchestra), un requiem, e uno Stabat Mater. Compose anche numerose opere, sinfonie, musica da camera e musica vocale. Oggi \u00e8 ricordato quasi esclusivamente per le sue composizioni per organo, elaborate e impegnative, che comprendono 2 concerti, 20 sonate, 22 trii, 12 meditazioni, 24 fughette e 36 pezzi solisti. Le sue sonate furono un tempo salutate come il pi\u00f9 valido apporto alla musica per organo dai tempi di Mendelssohn. Sono caratterizzate da un felice amalgama di moderno spirito romantico, di contrappunto magistrale e di stile organistico nobilitato.<\/p>\n<p>Programma completo:<br \/>\nOmaggio a<br \/>\nJoseph Gabriel Rheinberger (1839-1901)<br \/>\na 120 anni dalla morte<\/p>\n<p>Preludio dalla Suite Op.166 per violino e organo<\/p>\n<p>Visione dai Pezzi caratteristici Op.156 per organo<br \/>\nTema e variazioni<br \/>\nCanto della sera<\/p>\n<p>Giga dai Sei pezzi Op.150 per violino e organo<\/p>\n<p>Sonata per organo n.4 in la minore Op.98<br \/>\n\u201cTonus peregrinus\u201d<br \/>\n(Tempo Moderato &#8211; Intermezzo &#8211; Fuga cromatica)<\/p>\n<p>Elegia Pastorale<br \/>\nOuverture dai Sei pezzi Op.150 per violino e organo<\/p>\n<p><strong>Antonello Molteni<br \/>\n<\/strong>ha iniziato lo studio del violino a sedici anni con il M\u00b0 Antonio Maci con cui si \u00e8 diplomato.<br \/>\nIn seguito si \u00e8 perfezionato sotto la guida del M\u00b0 Franco Fantini, violino di spalla all\u2019Orchestra del Teatro alla Scala.<br \/>\nHa collaborato con le Orchestre dell\u2019 Angelicum e del Teatro alla Scala nella stagione 1978-79 e nel 1980 \u00e8 entrato a far parte stabilmente dell\u2019Orchestra Sinfonica di Milano della Rai.<br \/>\nDal 1994 al 2015 a fatto parte dell\u2019Orchestra Sinfonica Nazionale della Rai che ha sede a Torino ed \u00e8 stato membro della commissione artistica e di quella di liuteria dell\u2019Orchestra stessa.<br \/>\nNel corso di queste esperienze ha avuto modo di collaborare con direttori quali Claudio Abbado, Riccardo Chailly, Carlo Maria Giulini, Daniel Baremboim, Fabio Luisi, Gary Bertini, Myung-Whun Chung, Lorin Maazel, Rafael Fr\u00fcbeck de Burgos, Eduardo Mata, Zubin Mehta, Valery Ghierghiev, Wolfgang Sawallisch, Georges Pr\u00eatre, Giuseppe Sinopoli e con solisti di fama internazionale affinando cos\u00ec il gusto e le proprie capacit\u00e0 musicali. Nel campo della musica antica ha collaborato con R.Alessandrini, F. Biondi, I. Bolton, O. Dantone, C. Hogwood, R.King, T. Pinnock ,H. Rilling.<br \/>\nHa svolto attivit\u00e0 cameristica anche in veste solistica nelle stagioni di Musica da Camera organizzate dall\u2019Orchestra Sinfonica Nazionale.<br \/>\nE\u2019 stato uno dei fondatori del Quartetto d\u2019archi Arion con il quale, dopo un lungo periodo di studi presso la Hochschule f\u00fcr Musik di Colonia sotto la guida dei membri del Quartetto Amadeus, ha conseguito il primo premio al Concorso Nazionale di Castagneto Carducci nel 1990, il terzo premio al \u201cMozart International Quartet Competition\u201d di Bruxelles nel 1991 ed il primo premio al Concorso Nazionale di Acqui Terme nel 1992 tenendo concerti in Italia, Svizzera, Belgio, Croazia, Slovenia ed effettuando registrazioni televisive per la Rai (il circolo delle dodici) e radiofoniche per Radio Sofia e Radio Vaticana.<br \/>\nDal 2010 al 2014 ha ricoperto il ruolo di violino di spalla dell\u2019Orchestra dell\u2019Associazione Arteviva di Milano esibendosi anche in veste solistica.<br \/>\nDal 2020 \u00e8 Direttore Artistico di Verbania Musica.<\/p>\n<p><strong>LUIGI RICCO,<\/strong> nato a Erba (Como), si \u00e8 diplomato in Organo e Composizione organistica sotto la guida di Giovanni Walter Zaramella, in Pianoforte con Fernanda Scarpellini e Marco Giovannetti, presso il Civico Istituto G.Donizetti di Bergamo, in Clavicembalo con Mariolina Porr\u00e0, presso il Conservatorio G.Verdi di Milano.<br \/>\nPresso il Conservatorio di Como ha seguito il corso di Musica Corale e Direzione di Coro nella classe di Bernardino Streito.<br \/>\nHa seguito numerosi corsi di perfezionamento con Michael Radulescu, Harald Vogel, Clemens Schnorr, Wolfgang Zerer, Peter Westerbrinck, Montserrat Torrent Serra, Lorenzo Ghielmi ed Emilia Fadini, aggiudicandosi inoltre una borsa di studio dell\u2019Unione Europea e dell\u2019Accademia di Musica Italiana per Organo di Pistoia.<br \/>\nVincitore di premi di concorso (primo premio assoluto al Concorso clavicembalistico \u201cCitt\u00e0 di Alassio\u201d, secondo premio al Concorso di musica da camera \u201cCitt\u00e0 di Meda\u201d), svolge attivit\u00e0 concertistica prevalentemente in Svizzera, in qualit\u00e0 di organista, clavicembalista e pianista, oltrech\u00e9 come direttore di gruppi vocali, partecipando ad importanti rassegne nazionali e internazionali. \u00c8 direttore artistico del festival organistico \u201cI concerti di Vacallo\u201d (Ticino, Svizzera).<\/p>\n","protected":false},"excerpt":{"rendered":"<p>Concerto Antonello Molteni, Luigi Ricco &#8211; 4 settembre 2021 sabato 4 settembre ore 18 TORTONA, SANTUARIO MADONNA DELLA GUARDIA ANTONELLO MOLTENI, violino LUIGI RICCO, organo concerto dedicato a J.G. Rheinberger &hellip; <a href=\"https:\/\/www.amicidellorgano.org\/index.php\/2021\/08\/31\/concerto-antonello-molteni-luigi-ricco-4-settembre-2021\/\" class=\"more-link\">Continua la lettura di <span class=\"screen-reader-text\">Concerto Antonello Molteni, Luigi Ricco &#8211; 4 settembre 2021<\/span> <span class=\"meta-nav\">&rarr;<\/span><\/a><\/p>\n","protected":false},"author":1,"featured_media":0,"comment_status":"closed","ping_status":"closed","sticky":false,"template":"","format":"standard","meta":{"footnotes":""},"categories":[188,13],"tags":[200,189,201,44],"class_list":["post-1517","post","type-post","status-publish","format-standard","hentry","category-concerti-2021","category-news","tag-antonello-molteni","tag-concerti2021","tag-luigi-ricco","tag-tortona"],"_links":{"self":[{"href":"https:\/\/www.amicidellorgano.org\/index.php\/wp-json\/wp\/v2\/posts\/1517"}],"collection":[{"href":"https:\/\/www.amicidellorgano.org\/index.php\/wp-json\/wp\/v2\/posts"}],"about":[{"href":"https:\/\/www.amicidellorgano.org\/index.php\/wp-json\/wp\/v2\/types\/post"}],"author":[{"embeddable":true,"href":"https:\/\/www.amicidellorgano.org\/index.php\/wp-json\/wp\/v2\/users\/1"}],"replies":[{"embeddable":true,"href":"https:\/\/www.amicidellorgano.org\/index.php\/wp-json\/wp\/v2\/comments?post=1517"}],"version-history":[{"count":1,"href":"https:\/\/www.amicidellorgano.org\/index.php\/wp-json\/wp\/v2\/posts\/1517\/revisions"}],"predecessor-version":[{"id":1518,"href":"https:\/\/www.amicidellorgano.org\/index.php\/wp-json\/wp\/v2\/posts\/1517\/revisions\/1518"}],"wp:attachment":[{"href":"https:\/\/www.amicidellorgano.org\/index.php\/wp-json\/wp\/v2\/media?parent=1517"}],"wp:term":[{"taxonomy":"category","embeddable":true,"href":"https:\/\/www.amicidellorgano.org\/index.php\/wp-json\/wp\/v2\/categories?post=1517"},{"taxonomy":"post_tag","embeddable":true,"href":"https:\/\/www.amicidellorgano.org\/index.php\/wp-json\/wp\/v2\/tags?post=1517"}],"curies":[{"name":"wp","href":"https:\/\/api.w.org\/{rel}","templated":true}]}}