{"id":1424,"date":"2021-07-09T10:30:08","date_gmt":"2021-07-09T08:30:08","guid":{"rendered":"https:\/\/www.amicidellorgano.org\/?p=1424"},"modified":"2021-07-13T21:27:33","modified_gmt":"2021-07-13T19:27:33","slug":"conferenza-stampa-della-stagione-di-concerti-per-organo-2021","status":"publish","type":"post","link":"https:\/\/www.amicidellorgano.org\/index.php\/2021\/07\/09\/conferenza-stampa-della-stagione-di-concerti-per-organo-2021\/","title":{"rendered":"Conferenza stampa della stagione di concerti per organo 2021"},"content":{"rendered":"<p>Conferenza stampa della stagione di concerti per organo 2021<\/p>\n<p>La Stagione di concerti sugli organi storici della provincia di Alessandria nacque nel lontano 1978 allo scopo di far ascoltare i nostri pi\u00f9 begli esemplari del \u2018700 e dell\u2019 800 suonati da grandi specialisti della prassi esecutiva antica di fama europea, al fine di favorire la diffusione di un repertorio tanto affascinante quanto non molto eseguito e nel contempo promuovere l\u2019attenzione ai nostri organi antichi ancora conservati e valorizzare il loro restauro.<br \/>\nIn tutto questo tempo, oltre a consolidarsi sul territorio ed a riscuotere sempre maggiore affezione da parte del pubblico e dei vari Enti coinvolti, si \u00e8 guadagnata alcuni importanti riconoscimenti quali la Medaglia del Presidente della Repubblica, l'&#8221;EFFE LABEL&#8221; conferito per due bienni consecutivi dalla Comunit\u00e0 Europea, ed il Patrocinio dell&#8217; Unesco.<\/p>\n<p>Come sempre i concerti sono collocati imparzialmente nei comuni grandi e piccoli della provincia di Alessandria, consolidando le numerose sinergie ed i partenariati da tempo in corso con i diversi Comuni e con le Parrocchie interessate, con Enti ed Associazioni quali il Conservatorio \u201cVivaldi\u201d, l&#8217; Associazione Paolo Perduca, Lions Club Valenza, Club Unesco, Pinacoteca di Voltaggio ecc. e venendo incontro agli utenti che potrebbero essere svantaggiati dal fatto di abitare in paesi piccolissimi e decentrati.<\/p>\n<p>Poich\u00e9 la mobilit\u00e0 degli artisti stranieri quest&#8217;anno \u00e8 fortemente limitata dall&#8217;emergenza Covid, abbiamo pensato di cogliere l&#8217;occasione per incrementare la presenza di giovani esecutori del territorio, facendo salvo per quanto possibile il carattere ed il respiro internazionale del nostro ciclo concertistico.<\/p>\n<p>Contiamo di recuperare in questa edizione il concerto inaugurale dell&#8217;Harmonium conservato nella chiesa dei Cappuccini di Voltaggio, opera della ditta Debain, che oggi \u00e8 considerata tra le prime ad avere inventato questo strumento. Lo scorso anno a causa di problemi legati all&#8217;emergenza sanitaria i lavori non erano stati conclusi in tempo utile.<\/p>\n<p>Due appuntamenti, ad Arquata Scrivia ed a Castelferro, saranno finalizzati al restauro di due organi che ormai necessitano di un completo restauro.<\/p>\n<p>I giovanissimi esecutori del \u201cKinderchorus Paolo Perduca\u201d, insieme ad una formazione pi\u00f9 ampia ed all&#8217;organo, saranno i protagonisti del concerto nella Parrocchiale di Oviglio (i coristi possono esibirsi a condizione di osservare le distanze prescritte e di indossare le mascherine). Un concerto che dovrebbe attirare pubblico anche giovane, nell&#8217;intento di contribuire a coinvolgere questa fascia di utenza assai difficile.<\/p>\n<p>Lo scorso anno in via prudenziale erano stati lasciati fuori tutti i gruppi vocali e strumentali, oggi sappiamo invece quali sono le regole perch\u00e9 questi possano esibirsi in pubblico.<\/p>\n<p>Il giovane clavicembalista Alessandro Urbano, ormai residente in Lussemburgo dove \u00e8 organista titolare di un famoso strumento, torner\u00e0 nel Conservatorio dove alcuni anni fa si diplom\u00f2 per tenere un magistrale concerto durante il quale proporr\u00e0 l&#8217;esecuzione integrale delle Toccate per cembalo di J.S. Bach.<\/p>\n<p>Anche altri ex allievi del Conservatorio saranno coinvolti in diversi appuntamenti della nostra Rassegna.<\/p>\n<p>Sar\u00e0 incrementata la compresenza di arti diverse (musica e danza a Solero per un concerto celebrativo del centenario Dantesco, musica e poesia a Castelferro, musica e recitazione a Novi Ligure ed a Boscomarengo) per \u201ccatturare\u201d spettatori che normalmente seguono altro tipo di eventi artistici.<\/p>\n<p>Particolare attenzione verr\u00e0 riservata come ogni anno alle sedi pi\u00f9 rappresentative dal punto di vista architettonico.<\/p>\n<p>Anche nell&#8217; edizione 2021 i nostri spettacoli toccheranno numerose localit\u00e0 del tutto nuove o da tempo desuete, quali l&#8217;Oratorio dell&#8217;Assunta di Arquata Scrivia, la Parrocchiale di Castelferro, il Santuario N.S. della Guardia di Gavi per valorizzare il recente restauro dell&#8217;organo \u201cBianchi\u201d.<\/p>\n<p>Saranno mantenute le collaborazioni ormai storiche con altri Enti e Associazioni: Regione Piemonte, Provincia di Alessandria, Comune di Alessandria, Conservatorio &#8220;A. Vivaldi&#8221;, Associazione Paolo Perduca.<\/p>\n<p>Quanto ai recuperi filologici, la nostra Stagione fu ideata quarantadue anni fa proprio al puro scopo di far riscoprire (e restaurare) gli organi antichi, in tempi non facili perch\u00e9 questi erano molto mal considerati negli stessi ambienti accademici.<\/p>\n<p>La presenza di esecutori noti a livello internazionale, come quello dell&#8217;inglese Anne Page concertista d&#8217;harmonium, di Gedymin Grubba, di Bernhard Marx e dell&#8217;ensemble \u201cLa Rossignol\u201d, garantisce come sempre una qualit\u00e0 artistica della rassegna ai massimi livelli.<\/p>\n<p><strong>Calendario<br \/>\n<\/strong>XLII STAGIONE DI CONCERTI SUGLI ORGANI STORICI DELLA PROVINCIA DI ALESSANDRIA<\/p>\n<p>sabato 17 luglio ore 21<br \/>\nSOLERO, chiesa Parrocchiale<br \/>\nENSEMBLE \u201cLA ROSSIGNOL\u201d<br \/>\nLILIANA BARONIO, ERIKA GANSI, EMANUELE TIRA, danza; ELENA BERTUZZI, canto; LEVI ALGHISI, flauti diritti, cornamusa; SUSANNA SOFFIANTINI, organo positivo; DOMENICO BARONIO, liuto, chitarra latina, percussioni<\/p>\n<p>\u201cL&#8217;Amor che move il sole e l&#8217;altre stelle<\/p>\n<p>Canti, musiche e danze tra il XIII e il XV secolo sopra alcuni versi della Commedia<\/p>\n<p>domenica 18 luglio ore 17<br \/>\nCASALNOCETO, chiesa Parrocchiale<br \/>\nROBERTO PADOIN, organo<\/p>\n<p>venerd\u00ec 23 luglio ore 21<br \/>\nTORTONA, chiesa di San Michele<br \/>\nALBERTO DO, organo<\/p>\n<p>sabato 24 luglio ore 21<br \/>\nARQUATA SCRIVIA, Oratorio dell&#8217;Assunta<br \/>\nPAOLO PARAVAGNA, tromba<br \/>\nDONATO GIUPPONI, organo portativo<br \/>\nconcerto pro restauro dell&#8217;organo anonimo settecentesco<\/p>\n<p>mercoled\u00ec 4 agosto ore 21<br \/>\nNOVI LIGURE, INSIGNE COLLEGIATA<br \/>\nSIMONE BARBATO, tenore e voce recitante<br \/>\nDANIELA SCAVIO, organo<\/p>\n<p>venerd\u00ec 13 agosto ore 21.30<br \/>\nARQUATA SCRIVIA, chiesa Parrocchiale<br \/>\nBERNHARD MARX, organo (Germania)<\/p>\n<p>domenica 22 agosto ore 18<br \/>\nOVADA, Oratorio dell&#8217;Annunziata<br \/>\nLUCA MASSAGLIA, organo<\/p>\n<p>venerd\u00ec 27 agosto ore 19<br \/>\nGAVI, Santuario Madonna della Guardia<br \/>\nGEDYMIN GRUBBA, organo (Polonia)<\/p>\n<p>Sabato 28 agosto ore 16<br \/>\nVOLTAGGIO, Pinacoteca e Convento dei Cappuccini<br \/>\nANNE PAGE, harmonium (Inghilterra)<br \/>\nconcerto di inaugurazione del restaurato harmonium \u201cDebain\u201d<\/p>\n<p>domenica 29 agosto ore 17.30<br \/>\nGRONDONA, chiesa Parrocchiale<br \/>\nANNE PAGE, organo (Inghilterra)<\/p>\n<p>sabato 4 settembre ore 18<br \/>\nTORTONA, SANTUARIO MADONNA DELLA GUARDIA<br \/>\nANTONELLO MOLTENI, violino<br \/>\nLUIGI RICCO, organo<br \/>\nconcerto dedicato a J.G. Rheinberger nel 120\u00b0 della morte<\/p>\n<p>domenica 5 settembre ore 17.30<br \/>\nVIGUZZOLO, chiesa Parrocchiale<br \/>\nCORO GREGORIANO \u201cSANT&#8217;EMILIANO\u201d<br \/>\nMANUELE BARALE, organo<br \/>\nMATTIA ROSSI, direzione<\/p>\n<p>sabato 11 settembre, ore 17<br \/>\nBOSCO MARENGO, ABBAZIA DI SANTA CROCE<br \/>\nELENA ROMITI, oboe<br \/>\nLETIZIA ROMITI, organo portativo<br \/>\nILARIA ERCOLE, voce recitante<\/p>\n<p>domenica 12 settembre ore 17<br \/>\nOVIGLIO, chiesa Parrocchiale<br \/>\nKINDER CHORUS \u201c PAOLO PERDUCA\u201d<br \/>\nCORO \u201cLAETA CONSONANTIA\u201d<br \/>\nENZO CONSOGNO, direttore<br \/>\nDANIELA SCAVIO, organo<\/p>\n<p>sabato 18 settembre ore 16.30<br \/>\nAUDITORIUM DEL CONSERVATORIO \u201cA. VIVALDI \u201c DI ALESSANDRIA<br \/>\nALESSANDRO URBANO, clavicembalo (Italia &#8211; Lussemburgo)<br \/>\nesecuzione integrale delle Toccate per clavicembalo di J.S. Bach<\/p>\n<p>domenica 19 settembre ore 16.30<br \/>\nDUOMO DI VALENZA<br \/>\nENSEMBLE VOX SONUS<br \/>\nMAURIZIO CADOSSI, violino e direzione<br \/>\nLETIZIA ROMITI, organo<\/p>\n<p>domenica 3 ottobre ore 17<br \/>\nCASTELFERRO, chiesa Parrocchiale<br \/>\nMIRANDA SCAGLIOTTI, poesie<br \/>\nLAURA FARABOLLINI, clavicembalo<br \/>\nconcerto pro restauro dell&#8217;organo \u201cMascioni\u201d<\/p>\n","protected":false},"excerpt":{"rendered":"<p>Conferenza stampa della stagione di concerti per organo 2021 La Stagione di concerti sugli organi storici della provincia di Alessandria nacque nel lontano 1978 allo scopo di far ascoltare i &hellip; <a href=\"https:\/\/www.amicidellorgano.org\/index.php\/2021\/07\/09\/conferenza-stampa-della-stagione-di-concerti-per-organo-2021\/\" class=\"more-link\">Continua la lettura di <span class=\"screen-reader-text\">Conferenza stampa della stagione di concerti per organo 2021<\/span> <span class=\"meta-nav\">&rarr;<\/span><\/a><\/p>\n","protected":false},"author":1,"featured_media":0,"comment_status":"closed","ping_status":"closed","sticky":false,"template":"","format":"standard","meta":{"footnotes":""},"categories":[188,13],"tags":[189],"class_list":["post-1424","post","type-post","status-publish","format-standard","hentry","category-concerti-2021","category-news","tag-concerti2021"],"_links":{"self":[{"href":"https:\/\/www.amicidellorgano.org\/index.php\/wp-json\/wp\/v2\/posts\/1424"}],"collection":[{"href":"https:\/\/www.amicidellorgano.org\/index.php\/wp-json\/wp\/v2\/posts"}],"about":[{"href":"https:\/\/www.amicidellorgano.org\/index.php\/wp-json\/wp\/v2\/types\/post"}],"author":[{"embeddable":true,"href":"https:\/\/www.amicidellorgano.org\/index.php\/wp-json\/wp\/v2\/users\/1"}],"replies":[{"embeddable":true,"href":"https:\/\/www.amicidellorgano.org\/index.php\/wp-json\/wp\/v2\/comments?post=1424"}],"version-history":[{"count":3,"href":"https:\/\/www.amicidellorgano.org\/index.php\/wp-json\/wp\/v2\/posts\/1424\/revisions"}],"predecessor-version":[{"id":1444,"href":"https:\/\/www.amicidellorgano.org\/index.php\/wp-json\/wp\/v2\/posts\/1424\/revisions\/1444"}],"wp:attachment":[{"href":"https:\/\/www.amicidellorgano.org\/index.php\/wp-json\/wp\/v2\/media?parent=1424"}],"wp:term":[{"taxonomy":"category","embeddable":true,"href":"https:\/\/www.amicidellorgano.org\/index.php\/wp-json\/wp\/v2\/categories?post=1424"},{"taxonomy":"post_tag","embeddable":true,"href":"https:\/\/www.amicidellorgano.org\/index.php\/wp-json\/wp\/v2\/tags?post=1424"}],"curies":[{"name":"wp","href":"https:\/\/api.w.org\/{rel}","templated":true}]}}