{"id":1378,"date":"2020-10-04T01:00:52","date_gmt":"2020-10-03T23:00:52","guid":{"rendered":"http:\/\/www.amicidellorgano.org\/?p=1378"},"modified":"2020-09-30T12:44:11","modified_gmt":"2020-09-30T10:44:11","slug":"concerto-enrico-viccardi-4-ottobre-2020","status":"publish","type":"post","link":"https:\/\/www.amicidellorgano.org\/index.php\/2020\/10\/04\/concerto-enrico-viccardi-4-ottobre-2020\/","title":{"rendered":"Concerto Enrico Viccardi &#8211; 4 ottobre 2020"},"content":{"rendered":"<p><strong>Concerto Enrico Viccardi &#8211; 4 ottobre 2020<\/strong><\/p>\n<p><img loading=\"lazy\" decoding=\"async\" class=\"aligncenter wp-image-1367 size-large\" src=\"http:\/\/www.amicidellorgano.org\/wp-content\/uploads\/concerti2020\/12-enrico-viccardi-576x1024.jpg\" alt=\"Concerto Enrico Viccardi - 4 ottobre 2020\" width=\"474\" height=\"843\" \/><\/p>\n<p><strong>domenica 4 ottobre ore 21<\/strong><strong>, ore 16<br \/>\nVALENZA, duomo<br \/>\nENRICO VICCARDI, organo<br \/>\n<\/strong><strong>XLI Stagione internazionale di concerti sugli organi storici<br \/>\n<\/strong><\/p>\n<p>Secondo la normativa anti Covid-19 per l\u2019accesso ai concerti sar\u00e0 necessario essere muniti di mascherina ed osservare le distanze previste, ad ogni modo nelle chiese troverete i posti gi\u00e0 distanziati come per le celebrazioni liturgiche.<br \/>\n<strong>Visto il numero limitato dei posti, specialmente nelle chiese di non estese dimensioni, \u00e8 caldamente raccomandabile la prenotazione dei posti, telefonando al 3387193623 oppure via mail scrivendo a<\/strong><br \/>\n<strong><a href=\"&#x6d;&#x61;&#x69;&#x6c;&#x74;&#x6f;&#x3a;&#x6c;&#101;&#116;&#105;&#122;&#105;&#97;&#46;romi&#x74;&#x69;&#x40;&#x67;&#x6d;&#x61;&#x69;&#x6c;&#x2e;&#99;&#111;&#109;\">&#x6c;&#x65;&#x74;&#x69;&#x7a;&#x69;&#x61;&#x2e;&#x72;&#x6f;&#x6d;&#x69;&#x74;&#x69;&#x40;&#x67;&#x6d;&#x61;&#x69;&#x6c;&#x2e;&#x63;&#111;&#109;<\/a><\/strong><\/p>\n<p>Sar\u00e0 Enrico Viccardi, organista assai noto in Italia come all&#8217;estero, il protagonista del concerto che si terr\u00e0 domenica 4 ottobre alle ore 16 nel Duomo di Valenza. Sostituir\u00e0 il maestro Luca Massaglia purtroppo seriamente indisposto.<\/p>\n<p>Il concerto si svolge nell&#8217;ambito della quarantunesima Stagione di concerti sugli organi storici della provincia di Alessandria, organizzata come sempre dagli Amici dell&#8217;Organo con il contributo delle Fondazioni CRT, CRAL, SociAl, della Regione Piemonte e da quest&#8217;anno anche dell&#8217;AMAG, che ringraziamo calorosamente per essersi voluto unire alla cordata dei nostri sostenitori.<br \/>\nIl programma, che alterna brani di grandi compositori tedeschi quali Bach, Boehm e Mozart ad autori italiani ottocenteschi, senza trascurare il 250\u00b0 della nascita di Ludwig van Beethoven, \u00e8 sapientemente concepito per esaltare le caratteristiche del grande organo &#8220;Serassi&#8221;, a due tastiere con controttava e pedale, uno dei pi\u00f9 significativi esemplari di tutto il territorio provinciale. Lo strumento fu restaurato nel 1978 dalla ditta organaria &#8221; Fratelli Piccinelli&#8221; di Ponteranica, vicino a Bergamo. Si tratta in assoluto del secondo restauro compiuto con criteri filologici in provincia<\/p>\n<p>E&#8217; veramente ragguardevole l&#8217;attivit\u00e0 artistica di <strong>Enrico Viccardi<\/strong>. Nato nel 1961, si \u00e8 diplomato con il massimo dei voti in Organo e Composizione organistica al Conservatorio di Piacenza nella classe di Giuseppina Perotti, perfezionandosi poi con M.Radulescu alla Hochschule f\u00fcr Musik di Vienna. Ha segu\u00ecto quindi numerosi corsi di perfezionamento con artisti quali E.Fadini, C.Tilney, J.Langlais, D.Roth e in particolare quelli tenuti da L.F.Tagliavini all\u2019Accademia di Pistoia. L\u2019attivit\u00e0 concertistica lo ha portato a suonare per rassegne ed associazioni prestigiose in Italia ed all\u2019estero (Portogallo, Spagna, Andorra, Francia, Svizzera, Austria, Germania, Slovacchia, Slovenia, Polonia, Svezia, Inghilterra, Kazakistan, Uruguay) fra le quali Musica e poesia a San Maurizio (Milano), Feste organistiche di Venezia, Accademia di Pistoia, Colorno, Cattedrale di Cremona, Genova, Festival Internazionale di Trento, Bolzano, Festival Internazionale di Paola, Napoli, Bari, La Chaise Dieu, Lavaur, Cannes, Montpellier, Granada, Festival Internazionale delle Asturie, Barcellona, Andorra, Festival Internazionale di Lisbona, Porto, Isole Azzorre, Citt\u00e0 del Vaticano, Londra, Malm\u00f6, Leufstabruk, Copenhagen, Kazimierz Dolny, Bydgoszcz, Kremnica, Dornum, Uttum, Berlino (Konzerthaus), Hamburg, Neufelden, Alma-Ata, Montevideo. Ha collaborato anche con prestigiosi complessi come il Coro della Radio della Svizzera Italiana, l\u2019ensemble Vanitas, i Sonatori della Gioiosa Marca con direttori quali R.Clemencic, D.Fasolis, G.Carmignola. Ha registrato per Bottega Discantica, Divox Antiqua e Dynamics; per la casa Fugatto ha invece realizzato, oltre a diversi CD, un DVD intieramente dedicato a musiche per organo di J.S.Bach (segnalato con cinque stelle dalla rivista Musica). Sempre per la medesima etichetta ha intrapreso il progetto dell\u2019incisione degli Opera Omnia organistici di J.S.Bach su strumenti italiani antichi e moderni; recente \u00e8 invece la registrazione dell\u2019Arte della Fuga sul Mascioni di Giubiasco (Svizzera) per la Radio della Svizzera italiana. Per Brilliant ha inciso le composizioni organistiche di Tarquinio Merula all\u2019organo Chiappani del 1647 di Mezzana Casati (LO); in uscita \u00e8 invece l\u2019incisione delle opere per clavicembalo ed organo di Bernardo Storace. Ha registrato un CD per l\u2019Associazione Serassi con musiche di Frescobaldi sull\u2019organo Antegnati (1580)\/Giani (2015) del monastero di San Pietro in Lamosa di Provaglio d\u2019Iseo (BS). Ha tenuto corsi di perfezionamento in Italia, Spagna, Portogallo, Svizzera, Germania, Svezia e Kazakhstan. Sue interpretazioni sono state trasmesse da RadioTre, da Radio Cl\u00e1sica Barcelona, dal Secondo Canale della Radio della Svizzera italiana e dalla radio canadese CKRL. \u00c8 docente d\u2019Organo alla Scuola diocesana di musica sacra \u00abDante Caifa\u00bb di Cremona nonch\u00e9 presidente dell\u2019associazione musicale Accademia Maestro Raro. Direttore artistico dei \u201cPercorsi d\u2019Organo in Provincia di Como\u201d e dell\u2019Autunno Organistico nel Lodigiano, \u00e8 titolare della cattedra d\u2019Organo e Composizione organistica al Conservatorio di Parma.<\/p>\n","protected":false},"excerpt":{"rendered":"<p>Concerto Enrico Viccardi &#8211; 4 ottobre 2020 domenica 4 ottobre ore 21, ore 16 VALENZA, duomo ENRICO VICCARDI, organo XLI Stagione internazionale di concerti sugli organi storici Secondo la normativa &hellip; <a href=\"https:\/\/www.amicidellorgano.org\/index.php\/2020\/10\/04\/concerto-enrico-viccardi-4-ottobre-2020\/\" class=\"more-link\">Continua la lettura di <span class=\"screen-reader-text\">Concerto Enrico Viccardi &#8211; 4 ottobre 2020<\/span> <span class=\"meta-nav\">&rarr;<\/span><\/a><\/p>\n","protected":false},"author":1,"featured_media":0,"comment_status":"closed","ping_status":"closed","sticky":false,"template":"","format":"standard","meta":{"footnotes":""},"categories":[171,13],"tags":[172,174,91],"class_list":["post-1378","post","type-post","status-publish","format-standard","hentry","category-concerti-2020","category-news","tag-concerti2020","tag-enrico-viccardi","tag-valenza"],"_links":{"self":[{"href":"https:\/\/www.amicidellorgano.org\/index.php\/wp-json\/wp\/v2\/posts\/1378"}],"collection":[{"href":"https:\/\/www.amicidellorgano.org\/index.php\/wp-json\/wp\/v2\/posts"}],"about":[{"href":"https:\/\/www.amicidellorgano.org\/index.php\/wp-json\/wp\/v2\/types\/post"}],"author":[{"embeddable":true,"href":"https:\/\/www.amicidellorgano.org\/index.php\/wp-json\/wp\/v2\/users\/1"}],"replies":[{"embeddable":true,"href":"https:\/\/www.amicidellorgano.org\/index.php\/wp-json\/wp\/v2\/comments?post=1378"}],"version-history":[{"count":1,"href":"https:\/\/www.amicidellorgano.org\/index.php\/wp-json\/wp\/v2\/posts\/1378\/revisions"}],"predecessor-version":[{"id":1379,"href":"https:\/\/www.amicidellorgano.org\/index.php\/wp-json\/wp\/v2\/posts\/1378\/revisions\/1379"}],"wp:attachment":[{"href":"https:\/\/www.amicidellorgano.org\/index.php\/wp-json\/wp\/v2\/media?parent=1378"}],"wp:term":[{"taxonomy":"category","embeddable":true,"href":"https:\/\/www.amicidellorgano.org\/index.php\/wp-json\/wp\/v2\/categories?post=1378"},{"taxonomy":"post_tag","embeddable":true,"href":"https:\/\/www.amicidellorgano.org\/index.php\/wp-json\/wp\/v2\/tags?post=1378"}],"curies":[{"name":"wp","href":"https:\/\/api.w.org\/{rel}","templated":true}]}}