{"id":1349,"date":"2020-09-20T01:00:26","date_gmt":"2020-09-19T23:00:26","guid":{"rendered":"http:\/\/www.amicidellorgano.org\/?p=1349"},"modified":"2020-09-15T15:46:15","modified_gmt":"2020-09-15T13:46:15","slug":"concerto-olivier-eisenmann-20-settembre-2020","status":"publish","type":"post","link":"https:\/\/www.amicidellorgano.org\/index.php\/2020\/09\/20\/concerto-olivier-eisenmann-20-settembre-2020\/","title":{"rendered":"Concerto Olivier Eisenmann &#8211; 20 settembre 2020"},"content":{"rendered":"<p><strong>Concerto Olivier Eisenmann &#8211; 20 settembre 2020<\/strong><\/p>\n<p><img loading=\"lazy\" decoding=\"async\" class=\"aligncenter wp-image-1350 size-large\" src=\"http:\/\/www.amicidellorgano.org\/wp-content\/uploads\/concerti2020\/08-eisenmann-1024x768.jpg\" alt=\"Concerto Olivier Eisenmann - 20 settembre 2020\" width=\"474\" height=\"356\" \/><\/p>\n<p><strong>Domenica 20 settembre ore 16<br \/>\nALESSANDRIA, chiesa del Carmine<br \/>\nOLIVIER EISENMANN, organo<\/strong><br \/>\n<strong>XLI Stagione internazionale di concerti sugli organi storici<br \/>\n<\/strong><\/p>\n<p>Secondo la normativa anti Covid-19 per l\u2019accesso ai concerti sar\u00e0 necessario essere muniti di mascherina ed osservare le distanze previste, ad ogni modo nelle chiese troverete i posti gi\u00e0 distanziati come per le celebrazioni liturgiche.<br \/>\n<strong>Visto il numero limitato dei posti, specialmente nelle chiese di non estese dimensioni, \u00e8 caldamente raccomandabile la prenotazione dei posti, telefonando al 3387193623 oppure via mail scrivendo a<\/strong><br \/>\n<strong><a href=\"m&#97;&#x69;&#x6c;t&#111;&#58;&#x6c;&#x65;t&#105;&#x7a;&#x69;a&#46;&#114;&#x6f;&#x6d;i&#116;&#x69;&#x40;g&#109;&#97;&#x69;&#x6c;&#46;&#99;&#x6f;&#x6d;\">&#x6c;&#x65;&#x74;&#x69;&#122;&#105;&#97;&#46;r&#x6f;&#x6d;&#x69;&#x74;&#x69;&#64;&#103;&#109;ai&#x6c;&#x2e;&#x63;&#x6f;&#x6d;<\/a><\/strong><\/p>\n<p>La chiesa del Carmine ad Alessandria custodisce un pregevole organo opera della ditta &#8220;Marin&#8221; di Genova-Bolzaneto, costruito nel 1962 con i contributi per i danni di guerra perch\u00e9 nel corso dell&#8217;ultimo conflitto mondiale uno spezzone incendiario precipit\u00f2 proprio sull&#8217;organo danneggiandolo gravemente. Lo strumento incorpora buona parte del canneggio del precedente organo &#8220;Lingiardi&#8221; del 1885.<br \/>\nRecentemente la Parrocchia ha voluto procedere ad una manutenzione straordinaria per riportare lo strumento alla piena fruibilit\u00e0 sia liturgica che concertistica, per cui dopo molti anni la Stagione di concerti degli Amici dell&#8217;Organo far\u00e0 nuovamente tappa in questa suggestiva chiesa domenica 20 settembre alle ore 16, con un concerto dell&#8217;organista svizzero Olivier Eisenmann, noto a livello mondiale. Il concerto \u00e8 stato organizzato nel quadro della nota manifestazione &#8220;Gagliaudo tra i mercanti&#8221;<br \/>\nIl programma \u00e8 incentrato principalmente sul repertorio ottocentesco e del primo Novecento e comprende pagine di autori celeberrimi quali Mendelssohn e Franck, oltre a brani di Georg Muffat, Fanny Mendelssohn-Hensel. Otto Olsson ed altri.<\/p>\n<p><strong>Programma<br \/>\n<\/strong>Georg Muffat (1653-1704)<br \/>\nToccata undecima in do minore<br \/>\n(dal Apparatus musico-organisticus, 1690)<\/p>\n<p>Felix Mendelssohn Bartholdy (1809-1847)<br \/>\nAndante con variazioni in Re maggiore (1844)<\/p>\n<p>Fanny Hensel-Mendelssohn (1805-1847)<br \/>\nPreludio in Sol maggiore (1829)<\/p>\n<p>C\u00e9sar Franck (1822-1890)<br \/>\nCantabile in Si maggiore (1878)<\/p>\n<p>Gustav Adolph Merkel (1827-1885)<br \/>\nFantasia in re minore, op. 176 (1884)<br \/>\nModerato assai \u2013 Adagio \u2013 Moderato assai\/Allegro<\/p>\n<p>Otto Olsson (1879-1964)<br \/>\nAllegretto in la minore (1898)<\/p>\n<p>Giuseppe Garovi (1908-1985)<br \/>\nToccata (1951)<\/p>\n<p>Christopher Tambling (1964-2015)<br \/>\nPreludio, Interludio e Toccata sopra un tema di Edward Elgar (2013)<\/p>\n<p>Nato a Zurigo, <strong>Olivier Eisenmann<\/strong> ha iniziato lo studio del pianoforte con il padre, il compositore Will Eisenmann, e in seguito al Conservatorio di Lucerna con Sava Savoff. Contemporaneamente agli studi organistici con Eduard Kaufmann, organista della \u201eHofkirche\u201c di Lucerna, ha seguito lo studio della Scienza conseguendo il grado di dottore all`Universit\u00e0 di Zurigo. Ha svolto attivit\u00e0 concertistica come pianista e poi come organista nelle pi\u00f9 importanti citt\u00e0: duomi di Aquisgrana, Colonia, Treviri, Fulda, Dresda (anche Frauenkirche e Kreuzkirche), Passavia, W\u00fcrzburg, Amburgo e Berlino, nelle cattedrali di Ginevra, Losanna, San Gallo, Vienna (Santo Stefano), Salisburgo, Graz, Oslo, Copenhagen, Stoccolma, Turku, Helsinki, Riga, Varsavia, Danzica, Rotterdam, Haarlem, Digione, Parigi (Notre-Dame e St-Sulpice), Cahors, Montpellier, Brusselle, Porto, Siviglia, Barcelona, Padova, Lucca, Ravenna (Basilica di S.Vitale), Dublino, Londra (St.Paul), York (Minster), Lincoln, Chester, inoltre in quasi tutti duomi svedesi, in Pietroburgo, Kasan (Russia), Tallin, Vilnius, L`Aja, Lione, Alessandria, Ferrara, Bologna, Parma, Cagliari, Palermo, Madrid, Budapest, Lubiana, Bratislava, Praga, Cracovia, Monaco di Baviera etc.<br \/>\nSi \u00e8 esibito anche in USA (New York, Washington D.C., Boston, Chicago, Memphis, Seattle etc.), Islanda, Australia (Melbourne, Camberra, Sydney), Nuova Zelanda, Messico City, nel Hong Kong Arts Festival, nel Festival d`Avignon e nel Festival Internazionale di Musica Lucerna e nei Festival Internazionali d`organo a Mosca, Niscni Novgorod, Ufa (Russia) e Jalta, Minsk (Filarmonia), Oliva (Polonia), Ragusa, Napoli, Roma, Verona, Torino, Palma di Maiorca, Bonn (M\u00fcnster), Rostock, Helsing\u00f6r, Ko\u0161ice (Slovacchia), Brusselle, Anversa e Gent (Belgio), San Paolo (Brasile), Montevideo (Uruguay), Buenos Aires (Argentina) e nelle cattedrali di Morelia e Guadalajara (Messico). Inoltre ha svolto attivit\u00e0 solistica in qualit\u00e0 di organista in concerti sinfonici con l`Orchestre de la Suisse Romande, la Deutsche Bachorchester Ratzeburg, la Filarmonia statale di Ko\u0161ice, la S\u00fcdwestdeutsche Philharmonie, Singapore Symphony Orchestra a Singapore e diversi altri complessi orchestrali. Ha effettuato numerose registrazioni radio-televisive in Svizzera, Spagna, Svezia, Finlandia, Germania, Austria, Slovenia, Slovacchia, Repubblica Ceca, Ungheria, Polonia, Bielorussia, Russia, Brasile e Singapore, oltre a 21 incisioni discografiche, compresi 9 CD.<br \/>\nPer tanti anni Olivier Eisenmann \u00e8 stato membro direttore dell`Associazione della Musica Contemporanea (Sezione Svizzera Centrale) e professore al Liceo di Zug. Gli sono stati affidati conferenze su musica d`organo presso diverse accademie, p.es. a Herford, Sydney, Mosca e Niscni Novgorod, e recentemente dava un masterclass al Conservatorio Statale di Musica a Parma. Inoltre pubblica in riviste musicale. 2014 fu distinto dalla sua residenza comunale colla \u201eWeggiser Rose\u201c per la sua attivit\u00e0 mondiale come concertista e \u201eambasciatore musicale\u201c.<\/p>\n","protected":false},"excerpt":{"rendered":"<p>Concerto Olivier Eisenmann &#8211; 20 settembre 2020 Domenica 20 settembre ore 16 ALESSANDRIA, chiesa del Carmine OLIVIER EISENMANN, organo XLI Stagione internazionale di concerti sugli organi storici Secondo la normativa &hellip; <a href=\"https:\/\/www.amicidellorgano.org\/index.php\/2020\/09\/20\/concerto-olivier-eisenmann-20-settembre-2020\/\" class=\"more-link\">Continua la lettura di <span class=\"screen-reader-text\">Concerto Olivier Eisenmann &#8211; 20 settembre 2020<\/span> <span class=\"meta-nav\">&rarr;<\/span><\/a><\/p>\n","protected":false},"author":1,"featured_media":0,"comment_status":"closed","ping_status":"closed","sticky":false,"template":"","format":"standard","meta":{"footnotes":""},"categories":[171,13],"tags":[51,172,129],"class_list":["post-1349","post","type-post","status-publish","format-standard","hentry","category-concerti-2020","category-news","tag-alessandria","tag-concerti2020","tag-olivier-eisenmann"],"_links":{"self":[{"href":"https:\/\/www.amicidellorgano.org\/index.php\/wp-json\/wp\/v2\/posts\/1349"}],"collection":[{"href":"https:\/\/www.amicidellorgano.org\/index.php\/wp-json\/wp\/v2\/posts"}],"about":[{"href":"https:\/\/www.amicidellorgano.org\/index.php\/wp-json\/wp\/v2\/types\/post"}],"author":[{"embeddable":true,"href":"https:\/\/www.amicidellorgano.org\/index.php\/wp-json\/wp\/v2\/users\/1"}],"replies":[{"embeddable":true,"href":"https:\/\/www.amicidellorgano.org\/index.php\/wp-json\/wp\/v2\/comments?post=1349"}],"version-history":[{"count":1,"href":"https:\/\/www.amicidellorgano.org\/index.php\/wp-json\/wp\/v2\/posts\/1349\/revisions"}],"predecessor-version":[{"id":1353,"href":"https:\/\/www.amicidellorgano.org\/index.php\/wp-json\/wp\/v2\/posts\/1349\/revisions\/1353"}],"wp:attachment":[{"href":"https:\/\/www.amicidellorgano.org\/index.php\/wp-json\/wp\/v2\/media?parent=1349"}],"wp:term":[{"taxonomy":"category","embeddable":true,"href":"https:\/\/www.amicidellorgano.org\/index.php\/wp-json\/wp\/v2\/categories?post=1349"},{"taxonomy":"post_tag","embeddable":true,"href":"https:\/\/www.amicidellorgano.org\/index.php\/wp-json\/wp\/v2\/tags?post=1349"}],"curies":[{"name":"wp","href":"https:\/\/api.w.org\/{rel}","templated":true}]}}