{"id":1340,"date":"2020-09-15T15:33:01","date_gmt":"2020-09-15T13:33:01","guid":{"rendered":"http:\/\/www.amicidellorgano.org\/?p=1340"},"modified":"2020-09-15T15:33:01","modified_gmt":"2020-09-15T13:33:01","slug":"concerto-verena-steffen-olivier-eisenmann-19-settembre-2020","status":"publish","type":"post","link":"https:\/\/www.amicidellorgano.org\/index.php\/2020\/09\/15\/concerto-verena-steffen-olivier-eisenmann-19-settembre-2020\/","title":{"rendered":"Concerto Verena Steffen, Olivier Eisenmann &#8211; 19 settembre 2020"},"content":{"rendered":"<p><strong>Concerto Verena Steffen, Olivier Eisenmann &#8211; 19 settembre 2020<\/strong><\/p>\n<p><img loading=\"lazy\" decoding=\"async\" class=\"aligncenter wp-image-1338 size-large\" src=\"http:\/\/www.amicidellorgano.org\/wp-content\/uploads\/concerti2020\/07-eisenmann-steffen-1024x764.jpg\" alt=\"Concerto Verena Steffen, Olivier Eisenmann - 19 settembre 2020\" width=\"474\" height=\"354\" \/><\/p>\n<p><strong>Sabato 19 settembre ore 21.00<br \/>\nOVADA, oratorio dell&#8217;Annunziata<br \/>\n<\/strong><strong>VERENA STEFFEN, flauto<\/strong><br \/>\n<strong>OLIVIER EISENMANN, organo<\/strong><br \/>\n<strong>XLI Stagione internazionale di concerti sugli organi storici<br \/>\n<\/strong><\/p>\n<p>Secondo la normativa anti Covid-19 per l\u2019accesso ai concerti sar\u00e0 necessario essere muniti di mascherina ed osservare le distanze previste, ad ogni modo nelle chiese troverete i posti gi\u00e0 distanziati come per le celebrazioni liturgiche.<br \/>\n<strong>Visto il numero limitato dei posti, specialmente nelle chiese di non estese dimensioni, \u00e8 caldamente raccomandabile la prenotazione dei posti, telefonando al 3387193623 oppure via mail scrivendo a<\/strong><br \/>\n<strong><a href=\"&#109;&#x61;&#105;&#x6c;&#116;&#x6f;&#58;&#x6c;&#101;&#x74;&#105;&#x7a;i&#x61;&#46;&#x72;o&#x6d;i&#x74;i&#x40;g&#109;&#x61;&#105;&#x6c;&#46;&#x63;&#111;&#x6d;\">&#x6c;&#101;t&#x69;&#122;i&#x61;&#46;r&#x6f;&#109;i&#x74;&#105;&#64;&#x67;&#x6d;a&#x69;&#x6c;&#46;&#x63;&#x6f;&#109;<\/a><\/strong><\/p>\n<p>Sabato 19 settembre alle 21 nell&#8217;Oratorio dell&#8217;Annunziata di Ovada settimo appuntamento della quarantunesima Stagione sugli Organi storici della provincia di Alessandria , sostenuta dalle Fondazioni CRT, CRAL, SOCIAL, dalla Regione Piemonte e dall&#8217;AMAG. Per l&#8217;occasione sar\u00e0 di scena il notissimo duo svizzero formato da Verena Steffen al flauto e da Olivier Eisenmann all&#8217;organo &#8220;Sersassi&#8221;. Il programma propone pagine assai interessanti dal periodo barocco fino al secolo scorso. Si potranno ascoltare le bellissime &#8220;Variazioni sulla Follia di Spagna&#8221; di Marin Marais (qualcuno ricorder\u00e0 il magnifico film &#8220;Tutte le mattine del mondo&#8221;, imperniato proprio sulla figura di questo famoso compositore francese), la stranota &#8220;Serenata&#8221; di Mozart e l&#8217;impegnativa terza Sonata di Haendel in fa maggiore per flauto e basso continuo oltre a pezzi per solo organo. Non mancher\u00e0 l&#8217;omaggio a Beethoven con la Fuga in re maggiore, uno dei rari brani che il sommo musicista volle dedicare all&#8217;organo.<\/p>\n<p><strong>Programma<br \/>\n<\/strong>Alessandro Besozzi (1702-1775)<br \/>\nSonata in Do maggiore<br \/>\nAndante \u2013 Allegro \u2013 Larghetto \u2013 Allegretto<br \/>\nper flauto e organo<\/p>\n<p>Girolamo Frescobaldi (1583-1643)<br \/>\nToccata in Fa<br \/>\nper organo<\/p>\n<p>Marin Marais (1656-1728)<br \/>\nLes Folies d`Espagne<br \/>\nper flauto<\/p>\n<p>Johann Nepomuk Hummel (1778-1837)<br \/>\nPreludio in Do minore, op. post. 7<br \/>\nper organo<\/p>\n<p>Wolfgang Amadeus Mozart (1756-1791)<br \/>\nSerenata III in Do maggiore KV 439b<br \/>\nper flauto e organo<br \/>\nAllegro \u2013 Menuetto \u2013 Adagio \u2013 Menuetto \u2013 Rondo<\/p>\n<p>Ludwig van Beethoven 1770-1827<br \/>\nFuga in Re maggiore (1783)<br \/>\nper organo<\/p>\n<p>Friedrich Kuhlau (1786-1832)<br \/>\nAdagio della Fantasia in Re maggiore,<br \/>\nop. 38, no 1 (1821)<br \/>\nper flauto<\/p>\n<p>Marian Sawa (1937-2005)<br \/>\nDuetto (2004)<br \/>\nper flauto e organo<\/p>\n<p>Georg Friedrich H\u00e4ndel (1685-1759)<br \/>\nSonata in Fa maggiore, op. 1, no 11 HWV 369<br \/>\nper flauto e organo<br \/>\nLarghetto \u2013 Allegro \u2013 Siciliano \u2013 Allegro<\/p>\n<p><strong>Verena Steffen<\/strong> ha iniziato gli studi musicali al Conservatorio di Lucerna conseguendo il diploma di flauto nella classe di Jean Soldan. In seguito si perfeziona con Andr\u00e9 Jaunet di Zurigo e Heinrich Keller di Winterthur. Ha tenuto concerti nelle principali citt\u00e0 svizzere, in Europa (Germania, Danimarca, Norvegia, Svezia, Finlandia, Estonia, Lituania, Islanda, Inghilterra, Francia, Spagna, Portogallo, Austria, Italia, Polonia, Cecoslovacchia, Russia), in U.S.A ( New York, Monroe, Madison) e Messico, in Singapore, in Nuova Zelanda e in Australia.<br \/>\nHa al suo attivo registrazioni radiofoniche ed ha inciso LP e CD. Particolarmente si esibisce col parnter Olivier Eisenmann all`organo in varie tourn\u00e9es ed in Festival nonch\u00e9 nelle cattedrali di Montpellier, Brusselle, Bruges, Lund, G\u00f6teborg, Karlstad, Link\u00f6ping, Kalmar, Tampere, Kuopio, Aquisgrana, Klagenfurt, Salisburgo e Porto.<\/p>\n<p>Nato a Zurigo, <strong>Olivier Eisenmann<\/strong> ha iniziato lo studio del pianoforte con il padre, il compositore Will Eisenmann, e in seguito al Conservatorio di Lucerna con Sava Savoff. Contemporaneamente agli studi organistici con Eduard Kaufmann, organista della \u201eHofkirche\u201c di Lucerna, ha seguito lo studio della Scienza conseguendo il grado di dottore all`Universit\u00e0 di Zurigo. Ha svolto attivit\u00e0 concertistica come pianista e poi come organista nelle pi\u00f9 importanti citt\u00e0: duomi di Aquisgrana, Colonia, Treviri, Fulda, Dresda (anche Frauenkirche e Kreuzkirche), Passavia, W\u00fcrzburg, Amburgo e Berlino, nelle cattedrali di Ginevra, Losanna, San Gallo, Vienna (Santo Stefano), Salisburgo, Graz, Oslo, Copenhagen, Stoccolma, Turku, Helsinki, Riga, Varsavia, Danzica, Rotterdam, Haarlem, Digione, Parigi (Notre-Dame e St-Sulpice), Cahors, Montpellier, Brusselle, Porto, Siviglia, Barcelona, Padova, Lucca, Ravenna (Basilica di S.Vitale), Dublino, Londra (St.Paul), York (Minster), Lincoln, Chester, inoltre in quasi tutti duomi svedesi, in Pietroburgo, Kasan (Russia), Tallin, Vilnius, L`Aja, Lione, Alessandria, Ferrara, Bologna, Parma, Cagliari, Palermo, Madrid, Budapest, Lubiana, Bratislava, Praga, Cracovia, Monaco di Baviera etc.<br \/>\nSi \u00e8 esibito anche in USA (New York, Washington D.C., Boston, Chicago, Memphis, Seattle etc.), Islanda, Australia (Melbourne, Camberra, Sydney), Nuova Zelanda, Messico City, nel Hong Kong Arts Festival, nel Festival d`Avignon e nel Festival Internazionale di Musica Lucerna e nei Festival Internazionali d`organo a Mosca, Niscni Novgorod, Ufa (Russia) e Jalta, Minsk (Filarmonia), Oliva (Polonia), Ragusa, Napoli, Roma, Verona, Torino, Palma di Maiorca, Bonn (M\u00fcnster), Rostock, Helsing\u00f6r, Ko\u0161ice (Slovacchia), Brusselle, Anversa e Gent (Belgio), San Paolo (Brasile), Montevideo (Uruguay), Buenos Aires (Argentina) e nelle cattedrali di Morelia e Guadalajara (Messico). Inoltre ha svolto attivit\u00e0 solistica in qualit\u00e0 di organista in concerti sinfonici con l`Orchestre de la Suisse Romande, la Deutsche Bachorchester Ratzeburg, la Filarmonia statale di Ko\u0161ice, la S\u00fcdwestdeutsche Philharmonie, Singapore Symphony Orchestra a Singapore e diversi altri complessi orchestrali. Ha effettuato numerose registrazioni radio-televisive in Svizzera, Spagna, Svezia, Finlandia, Germania, Austria, Slovenia, Slovacchia, Repubblica Ceca, Ungheria, Polonia, Bielorussia, Russia, Brasile e Singapore, oltre a 21 incisioni discografiche, compresi 9 CD.<br \/>\nPer tanti anni Olivier Eisenmann \u00e8 stato membro direttore dell`Associazione della Musica Contemporanea (Sezione Svizzera Centrale) e professore al Liceo di Zug. Gli sono stati affidati conferenze su musica d`organo presso diverse accademie, p.es. a Herford, Sydney, Mosca e Niscni Novgorod, e recentemente dava un masterclass al Conservatorio Statale di Musica a Parma. Inoltre pubblica in riviste musicale. 2014 fu distinto dalla sua residenza comunale colla \u201eWeggiser Rose\u201c per la sua attivit\u00e0 mondiale come concertista e \u201eambasciatore musicale\u201c.<\/p>\n","protected":false},"excerpt":{"rendered":"<p>Concerto Verena Steffen, Olivier Eisenmann &#8211; 19 settembre 2020 Sabato 19 settembre ore 21.00 OVADA, oratorio dell&#8217;Annunziata VERENA STEFFEN, flauto OLIVIER EISENMANN, organo XLI Stagione internazionale di concerti sugli organi &hellip; <a href=\"https:\/\/www.amicidellorgano.org\/index.php\/2020\/09\/15\/concerto-verena-steffen-olivier-eisenmann-19-settembre-2020\/\" class=\"more-link\">Continua la lettura di <span class=\"screen-reader-text\">Concerto Verena Steffen, Olivier Eisenmann &#8211; 19 settembre 2020<\/span> <span class=\"meta-nav\">&rarr;<\/span><\/a><\/p>\n","protected":false},"author":1,"featured_media":0,"comment_status":"closed","ping_status":"closed","sticky":false,"template":"","format":"standard","meta":{"footnotes":""},"categories":[171,13],"tags":[172,129,25,183],"class_list":["post-1340","post","type-post","status-publish","format-standard","hentry","category-concerti-2020","category-news","tag-concerti2020","tag-olivier-eisenmann","tag-ovada","tag-verena-steffen"],"_links":{"self":[{"href":"https:\/\/www.amicidellorgano.org\/index.php\/wp-json\/wp\/v2\/posts\/1340"}],"collection":[{"href":"https:\/\/www.amicidellorgano.org\/index.php\/wp-json\/wp\/v2\/posts"}],"about":[{"href":"https:\/\/www.amicidellorgano.org\/index.php\/wp-json\/wp\/v2\/types\/post"}],"author":[{"embeddable":true,"href":"https:\/\/www.amicidellorgano.org\/index.php\/wp-json\/wp\/v2\/users\/1"}],"replies":[{"embeddable":true,"href":"https:\/\/www.amicidellorgano.org\/index.php\/wp-json\/wp\/v2\/comments?post=1340"}],"version-history":[{"count":1,"href":"https:\/\/www.amicidellorgano.org\/index.php\/wp-json\/wp\/v2\/posts\/1340\/revisions"}],"predecessor-version":[{"id":1343,"href":"https:\/\/www.amicidellorgano.org\/index.php\/wp-json\/wp\/v2\/posts\/1340\/revisions\/1343"}],"wp:attachment":[{"href":"https:\/\/www.amicidellorgano.org\/index.php\/wp-json\/wp\/v2\/media?parent=1340"}],"wp:term":[{"taxonomy":"category","embeddable":true,"href":"https:\/\/www.amicidellorgano.org\/index.php\/wp-json\/wp\/v2\/categories?post=1340"},{"taxonomy":"post_tag","embeddable":true,"href":"https:\/\/www.amicidellorgano.org\/index.php\/wp-json\/wp\/v2\/tags?post=1340"}],"curies":[{"name":"wp","href":"https:\/\/api.w.org\/{rel}","templated":true}]}}