{"id":1320,"date":"2020-09-06T01:00:32","date_gmt":"2020-09-05T23:00:32","guid":{"rendered":"http:\/\/www.amicidellorgano.org\/?p=1320"},"modified":"2020-09-01T17:23:38","modified_gmt":"2020-09-01T15:23:38","slug":"concerto-daniela-scavio-franco-taulino-6-settembre-2020","status":"publish","type":"post","link":"https:\/\/www.amicidellorgano.org\/index.php\/2020\/09\/06\/concerto-daniela-scavio-franco-taulino-6-settembre-2020\/","title":{"rendered":"Concerto Daniela Scavio, Franco Taulino &#8211; 6 settembre 2020"},"content":{"rendered":"<p><strong>Concerto Daniela Scavio, Franco Taulino &#8211; 6 settembre 2020<\/strong><\/p>\n<p><img loading=\"lazy\" decoding=\"async\" class=\"aligncenter wp-image-1309 size-full\" src=\"http:\/\/www.amicidellorgano.org\/wp-content\/uploads\/concerti2020\/04-daniela-scavio.jpg\" alt=\"Concerto Daniela Scavio, Franco Taulino - 6 settembre 2020\" width=\"480\" height=\"640\" \/><\/p>\n<p><img loading=\"lazy\" decoding=\"async\" class=\"aligncenter wp-image-1310 size-full\" src=\"http:\/\/www.amicidellorgano.org\/wp-content\/uploads\/concerti2020\/04-franco-taulino.jpg\" alt=\"Concerto Daniela Scavio, Franco Taulino - 6 settembre 2020\" width=\"320\" height=\"320\" \/><\/p>\n<p><strong>Domenica 6 settembre ore 17.00<br \/>\nOVIGLIO, chiesa Parrocchiale<br \/>\n<\/strong><strong>DANIELA SCAVIO, organo<br \/>\nFRANCO TAULINO, fagotto e flauto<br \/>\n<\/strong><strong>XLI Stagione internazionale di concerti sugli organi storici<br \/>\n<\/strong><\/p>\n<p>Secondo la normativa anti Covid-19 per l\u2019accesso ai concerti sar\u00e0 necessario essere muniti di mascherina ed osservare le distanze previste, ad ogni modo nelle chiese troverete i posti gi\u00e0 distanziati come per le celebrazioni liturgiche.<br \/>\n<strong>Visto il numero limitato dei posti, specialmente nelle chiese di non estese dimensioni, \u00e8 caldamente raccomandabile la prenotazione dei posti, telefonando al 3387193623 oppure via mail scrivendo a<\/strong><br \/>\n<strong><a href=\"&#109;a&#x69;l&#x74;o&#x3a;l&#x65;t&#x69;z&#x69;&#97;&#x2e;&#114;&#x6f;&#109;&#x69;&#116;&#x69;&#64;&#x67;&#109;&#x61;&#105;l&#x2e;c&#x6f;m\">&#x6c;e&#x74;&#105;&#x7a;&#105;a&#x2e;&#114;&#x6f;&#109;i&#x74;&#105;&#x40;&#103;m&#x61;i&#x6c;&#46;&#x63;&#x6f;m<\/a><\/strong><\/p>\n<p>Domenica 6 settembre ad Oviglio nella chiesa parrocchiale alle ore 17, sempre per la Stagione Internazionale sugli organi storici della provincia di Alessandria si potr\u00e0 ascoltare un insolito organico formato da Franco Taulino al flauto ed al fagotto e da Daniela Scavio all&#8217;organo. Il concerto, originariamente previsto nella chiesa della Madonna a corollario dei lavori di restauro ivi svoltisi, \u00e8 stato trasferito nella Parrocchiale di San Felice a causa delle norme di distanziamento imposte dall&#8217;emergenza Covid. Chi vorr\u00e0, al termine delle esecuzioni, potr\u00e0 comunque visitare la chiesa della Madonna dove il dott. Nino Ivaldi illustrer\u00e0 ai presenti i beni artistici recuperati e le fasi dei lavori che li hanno riportati allo stato originario ed alla piena fruibilit\u00e0 del pubblico.<br \/>\nIl programma prevede brani originali del periodo barocco come pure trascrizioni di brani celebri del XIX secolo, quali \u201cL&#8217;apprendista stregone\u201d di Paul Dukas, oltre a brani per organo solo che ci porteranno fino alla prima met\u00e0 del Novecento.<\/p>\n<p><strong>Programma<br \/>\n<\/strong>Bernardo Pasquini (1637-1710)<br \/>\nToccata in sol min.<br \/>\n[per organo]<\/p>\n<p>George Friedrich Haendel (1685-1759)<br \/>\nBourr\u00e8 (dalla sonata in sol magg.)<br \/>\n[per flauto e organo]<\/p>\n<p>Johann Sebastian Bach (1685-1750)<br \/>\nSiciliana (dalla sonata BWV 1031)<br \/>\n[per flauto e organo]<\/p>\n<p>Domenico Zipoli (1688-1726)<br \/>\nAll\u2019Elevatione in fa maggiore<br \/>\n[per organo]<\/p>\n<p>Johann Sebastian Bach (1685-1750)<br \/>\nCorale (dalla cantata BWV 147)<br \/>\n[per fagotto e organo]<\/p>\n<p>Benedetto Marcello (1686- 1739)<br \/>\nSonata in la minore<br \/>\n[per fagotto e organo]<\/p>\n<p>Leon Boellmann (1862-1897)<br \/>\nChoral- Priere a Notre Dame (da Suite Gothique)<br \/>\n[per organo]<\/p>\n<p>Paul Dukas (1865-1935)<br \/>\nTema da Apprenti Soucier<br \/>\n[per fagotto e organo]<\/p>\n<p>Giacomo Pedemonte (1894-1963)<br \/>\nElegia<br \/>\n[per organo]<\/p>\n<p>Charles Gounod (1818-1893)<br \/>\nMarcia funebre di una marionetta<br \/>\n[per fagotto e organo]<\/p>\n<p><strong>Franco Taulino<\/strong>, nato a Torino nel 1956, si \u00e8 diplomato in fagotto presso il Conservatorio \u201c G. Verdi\u201d di Torino sotto la guida del M\u00b0 Giovanni Graglia.<br \/>\nSvolge attivit\u00e0 concertistica e collabora con diverse formazioni musicali, sia nell&#8217;ambito classico che moderno.<br \/>\nCollabora con famosi musicisti quali Ian Paice (Deep Purple), Ian Anderson (Jethro Tull), Vittorio Nocenzi e Francesco Di Giacomo (Banci del Mutuo Soccorso), Tullio De Piscopo e diverse formazioni orchestrali classiche come la Polifonica Seravallese, Trio Petit Ensemble (flauto, clavicembalo e fagotto), musica barocca e rinascimentale.<br \/>\nInsegna fagotto presso il Liceo Musicale Saluzzo Plana di Alessandria.<\/p>\n<p><strong>Daniela Scavio<\/strong>, diplomata in Pianoforte, Organo e Composizione Organistica, consegue il Biennio di II livello in Organo concertistico con il massimo dei voti presso Conservatorio \u201cA.Vivaldi\u201d di Alessandria sotto la guida della prof.ssa Letizia Romiti. Consegue inoltre la Laurea in Musicoterapia e partecipa a stage e festival pedagogici sulle problematiche \u201cDsa e musica\u201d.<br \/>\nSvolge intensa attivit\u00e0 concertistica sia come solista che in formazioni da camera. Collabora con diverse Associazioni culturali, quali Amici dell\u2019Organo, Regione Piemonte, Regione Liguria, Emilia Romagna, Lombardia, Valle D\u2019Aosta e Conservatorio di Alessandria.<br \/>\n\u00c8 autrice di musiche originali per Parchi Natura, Regione Liguria e Piemonte. Ha partecipato in qualit\u00e0 di assistente di produzione e di organista aggiunto alla produzione discografica Opere Sacre del compositore Pellegrino Santucci, pubblicato nel 2017 dall\u2019etichetta discografica Tactus di Bologna (TC.921980)<br \/>\nE\u2019 docente di pianoforte al Liceo Musicale Saluzzo Plana di Alessandria e di Organo e Grammatiche Musicali, laboratorio per adulti, del Conservatorio \u201cA.Vivaldi\u201d di Alessandria.<\/p>\n","protected":false},"excerpt":{"rendered":"<p>Concerto Daniela Scavio, Franco Taulino &#8211; 6 settembre 2020 Domenica 6 settembre ore 17.00 OVIGLIO, chiesa Parrocchiale DANIELA SCAVIO, organo FRANCO TAULINO, fagotto e flauto XLI Stagione internazionale di concerti &hellip; <a href=\"https:\/\/www.amicidellorgano.org\/index.php\/2020\/09\/06\/concerto-daniela-scavio-franco-taulino-6-settembre-2020\/\" class=\"more-link\">Continua la lettura di <span class=\"screen-reader-text\">Concerto Daniela Scavio, Franco Taulino &#8211; 6 settembre 2020<\/span> <span class=\"meta-nav\">&rarr;<\/span><\/a><\/p>\n","protected":false},"author":1,"featured_media":0,"comment_status":"closed","ping_status":"closed","sticky":false,"template":"","format":"standard","meta":{"footnotes":""},"categories":[171,13],"tags":[172,76,180,33],"class_list":["post-1320","post","type-post","status-publish","format-standard","hentry","category-concerti-2020","category-news","tag-concerti2020","tag-daniela-scavio","tag-franco-taulino","tag-oviglio"],"_links":{"self":[{"href":"https:\/\/www.amicidellorgano.org\/index.php\/wp-json\/wp\/v2\/posts\/1320"}],"collection":[{"href":"https:\/\/www.amicidellorgano.org\/index.php\/wp-json\/wp\/v2\/posts"}],"about":[{"href":"https:\/\/www.amicidellorgano.org\/index.php\/wp-json\/wp\/v2\/types\/post"}],"author":[{"embeddable":true,"href":"https:\/\/www.amicidellorgano.org\/index.php\/wp-json\/wp\/v2\/users\/1"}],"replies":[{"embeddable":true,"href":"https:\/\/www.amicidellorgano.org\/index.php\/wp-json\/wp\/v2\/comments?post=1320"}],"version-history":[{"count":2,"href":"https:\/\/www.amicidellorgano.org\/index.php\/wp-json\/wp\/v2\/posts\/1320\/revisions"}],"predecessor-version":[{"id":1326,"href":"https:\/\/www.amicidellorgano.org\/index.php\/wp-json\/wp\/v2\/posts\/1320\/revisions\/1326"}],"wp:attachment":[{"href":"https:\/\/www.amicidellorgano.org\/index.php\/wp-json\/wp\/v2\/media?parent=1320"}],"wp:term":[{"taxonomy":"category","embeddable":true,"href":"https:\/\/www.amicidellorgano.org\/index.php\/wp-json\/wp\/v2\/categories?post=1320"},{"taxonomy":"post_tag","embeddable":true,"href":"https:\/\/www.amicidellorgano.org\/index.php\/wp-json\/wp\/v2\/tags?post=1320"}],"curies":[{"name":"wp","href":"https:\/\/api.w.org\/{rel}","templated":true}]}}