{"id":1318,"date":"2020-09-01T17:21:06","date_gmt":"2020-09-01T15:21:06","guid":{"rendered":"http:\/\/www.amicidellorgano.org\/?p=1318"},"modified":"2020-09-01T17:21:26","modified_gmt":"2020-09-01T15:21:26","slug":"concerto-przemyslav-jacub-kapitula-5-settembre-2020","status":"publish","type":"post","link":"https:\/\/www.amicidellorgano.org\/index.php\/2020\/09\/01\/concerto-przemyslav-jacub-kapitula-5-settembre-2020\/","title":{"rendered":"Concerto Przemyslav Jacub Kapitula &#8211; 5 settembre 2020"},"content":{"rendered":"<p><strong>Concerto Przemyslav Jacub Kapitula &#8211; 5 settembre 2020<\/strong><\/p>\n<p><img loading=\"lazy\" decoding=\"async\" class=\"aligncenter wp-image-1304 size-large\" src=\"http:\/\/www.amicidellorgano.org\/wp-content\/uploads\/concerti2020\/03-przemyslav-jacub-kapitula-1024x688.jpg\" alt=\"Concerto Przemyslav Jacub Kapitula - 5 settembre 2020\" width=\"474\" height=\"318\" \/><\/p>\n<p><strong>Sabato 5 settembre ore 21.00<br \/>\nCASALNOCETO, chiesa Parrocchiale<br \/>\n<\/strong><strong>PRZEMYSLAV JACUB KAPITULA<\/strong><strong>, organo<br \/>\nXLI Stagione internazionale di concerti sugli organi storici<br \/>\n<\/strong><\/p>\n<p>Secondo la normativa anti Covid-19 per l\u2019accesso ai concerti sar\u00e0 necessario essere muniti di mascherina ed osservare le distanze previste, ad ogni modo nelle chiese troverete i posti gi\u00e0 distanziati come per le celebrazioni liturgiche.<br \/>\n<strong>Visto il numero limitato dei posti, specialmente nelle chiese di non estese dimensioni, \u00e8 caldamente raccomandabile la prenotazione dei posti, telefonando al 3387193623 oppure via mail scrivendo a<\/strong><br \/>\n<strong><a href=\"&#x6d;&#x61;&#105;lt&#x6f;&#x3a;&#108;&#101;t&#x69;&#x7a;&#105;&#97;&#46;&#x72;&#x6f;&#x6d;&#105;ti&#x40;&#x67;&#109;&#97;i&#x6c;&#x2e;&#99;&#111;m\">&#108;&#x65;&#x74;&#105;&#x7a;&#x69;a&#x2e;&#x72;o&#109;&#x69;t&#105;&#x40;g&#109;&#x61;i&#108;&#x2e;c&#111;&#x6d;<\/a><\/strong><\/p>\n<p>Per il terzo concerto della Stagione sugli organi storici, sostenuta dalle Fondazioni CRT, CRAL, SociAl, dalla Regione Piemonte e dall&#8217;Amag, il grande organista polacco Przemyslaw Kapitula si esibir\u00e0 sabato 5 settembre alle ore 21 nella chiesa Parrocchiale di Casalnoceto, sul notevole organo \u201cLingiardi\u201d, con un programma di musiche barocche comprendente anche brani di autori polacchi antichi e romantici, che costituiscono una sua specialit\u00e0: Kapitula \u00e8 un nome ben noto agli appassionati per essere stato pi\u00f9 volte ospite della Stagione e per aver tenuto anni fa una masterclass a Grondona sulle antiche intavolature polacche di musica organistica.<\/p>\n<p><strong>Programma<br \/>\n<\/strong>Georg Muffat (1653 \u2013 1704)<br \/>\nToccata XII aus \u201eApparatus musico-organisticus\u201c<br \/>\nSamuel Scheidt (1587 \u2013 1654)<br \/>\nVariationen \u00fcber das Niederl\u00e4ndische Lied: \u201eEi, du feiner Reiter\u201c<br \/>\nBart\u0142omiej P\u0119kiel (? \u2013 1670)<br \/>\nFantazja<br \/>\nFeliks Nowowiejski (1877-1946)<br \/>\nMarche solennelle<br \/>\nJohannes von Lublin (XVI)<br \/>\n5 T\u00e4nze<br \/>\nClaude Daqiun (1694 \u2013 1772)<br \/>\nLe Coucou<br \/>\nJohann Sebastian Bach (1685-1750) \u2013<br \/>\n2 Chorale \u201cWer nur den lieben Gott l\u00e4sst walten\u201c, BWV 690, BWV 691<br \/>\nFantasia und Fuge a-moll, BWV 561<\/p>\n<p><strong>Przemyslav Jacub Kapitula<\/strong>, nato a Varsavia nel 1965,ha compiuto gli studi musicali presso l\u2019Accademia \u201cF. Chopin\u201d di Varsavia nella classe di Organo di J\u00f2zef Serafin diplomandosi nel 1990.<br \/>\nHa studiato pianoforte privatamente con il prof. Kajetan Mochtak ed ha seguito corsi di perfezionamento con N. Danby, D. Roth, M. Sletcha, Z. Satmary e G. Bovet.<br \/>\nPer molti anni ha collaborato con il Prof. Dr. hab.Jerzy Erdman.<br \/>\nL\u2019artista tiene regolarmente circa 120 concerti l&#8217;anno tanto in patria come all\u2019estero (Austria, Argentina, Bulgaria, Belgio, Brasile, Republicca Ceca, Danimarca, Finlandia, Francia, Germania, Olanda, Italia, Moldavia, Norvegia, Portogallo, Romania, Russia, Republica Slovacca, Spagna, Svizzera ed Uruguay), molti dei quali nell\u2019ambito dei pi\u00f9 importanti Festivals europei, con riconoscimenti da parte della critica pi\u00f9 qualificata (S\u00fcddeutsche Zeitung, Musica Sacra, L\u2019Arena, Schwabischezeitung, DNA, La Stampa, M\u00fcnchner Merkum e molti altri ),collaborando anche con solisti,cori ed orchestre.<br \/>\nAll\u2019interno della propria attivit\u00e0 Kapitula riserva largo spazio allo studio ed alla divulgazione delle opere dei pi\u00f9 importanti musicisti polacchi,antichi e moderni, specialmente a Feliks Nowowiejski (1877-1946) ed a Mieczys\u0142aw Surzy\u0144ski (1866-1924) dei quali ha pubblicato tutte le opere per organo. Dopo la seconda guerra mondiale \u00e8 stato il primo musicista ad eseguire in pubblico il concerto in sol minore di Surzy\u0144ski per organo e orchestra.<br \/>\nSi ricollega idealmente all\u2019eredit\u00e0 musicale secolare dell\u2019Arcicatterale di S.Giovanni di Varsavia.<br \/>\nCome presidente della Fondazione del Festival di Musica Sacra \u00e8 fondatore e direttore del Festival di Musica Sacra di Varsavia e del Festival internazionale d\u2019Organo \u201cOrgani dell\u2019Arcicattedrale di Varsavia\u201d, ed \u00e8 un riconosciuto promotore ed animatore di molti eventi culturali e di cicli concertistici nella sua citt\u00e0 natale ed in tutta la Polonia.<br \/>\nA lui \u00e8 stato affidato il progetto del restauro dell\u2019organo storico della chiesa di S.Guglielmo a Varsavia.<br \/>\nHa effettuato numerose registrazioni radiotelevisive ed un CD.<br \/>\nE\u2019membro della commissione per la musica sacra dell\u2019Arcidiocesi di Varsavia.<br \/>\nDal 1999 al 2001 \u00e8 stato membro della commissione culturale del distretto di Wola in Varsavia.<br \/>\nHa inciso su CD l\u2019 \u201copera omnia\u201d di Feliks Nowowiejski e di Mieczys\u0142aw Surzy\u0144ski<\/p>\n","protected":false},"excerpt":{"rendered":"<p>Concerto Przemyslav Jacub Kapitula &#8211; 5 settembre 2020 Sabato 5 settembre ore 21.00 CASALNOCETO, chiesa Parrocchiale PRZEMYSLAV JACUB KAPITULA, organo XLI Stagione internazionale di concerti sugli organi storici Secondo la &hellip; <a href=\"https:\/\/www.amicidellorgano.org\/index.php\/2020\/09\/01\/concerto-przemyslav-jacub-kapitula-5-settembre-2020\/\" class=\"more-link\">Continua la lettura di <span class=\"screen-reader-text\">Concerto Przemyslav Jacub Kapitula &#8211; 5 settembre 2020<\/span> <span class=\"meta-nav\">&rarr;<\/span><\/a><\/p>\n","protected":false},"author":1,"featured_media":0,"comment_status":"closed","ping_status":"closed","sticky":false,"template":"","format":"standard","meta":{"footnotes":""},"categories":[171,13],"tags":[29,172,179],"class_list":["post-1318","post","type-post","status-publish","format-standard","hentry","category-concerti-2020","category-news","tag-casalnoceto","tag-concerti2020","tag-przemyslav-jacub-kapitula"],"_links":{"self":[{"href":"https:\/\/www.amicidellorgano.org\/index.php\/wp-json\/wp\/v2\/posts\/1318"}],"collection":[{"href":"https:\/\/www.amicidellorgano.org\/index.php\/wp-json\/wp\/v2\/posts"}],"about":[{"href":"https:\/\/www.amicidellorgano.org\/index.php\/wp-json\/wp\/v2\/types\/post"}],"author":[{"embeddable":true,"href":"https:\/\/www.amicidellorgano.org\/index.php\/wp-json\/wp\/v2\/users\/1"}],"replies":[{"embeddable":true,"href":"https:\/\/www.amicidellorgano.org\/index.php\/wp-json\/wp\/v2\/comments?post=1318"}],"version-history":[{"count":1,"href":"https:\/\/www.amicidellorgano.org\/index.php\/wp-json\/wp\/v2\/posts\/1318\/revisions"}],"predecessor-version":[{"id":1319,"href":"https:\/\/www.amicidellorgano.org\/index.php\/wp-json\/wp\/v2\/posts\/1318\/revisions\/1319"}],"wp:attachment":[{"href":"https:\/\/www.amicidellorgano.org\/index.php\/wp-json\/wp\/v2\/media?parent=1318"}],"wp:term":[{"taxonomy":"category","embeddable":true,"href":"https:\/\/www.amicidellorgano.org\/index.php\/wp-json\/wp\/v2\/categories?post=1318"},{"taxonomy":"post_tag","embeddable":true,"href":"https:\/\/www.amicidellorgano.org\/index.php\/wp-json\/wp\/v2\/tags?post=1318"}],"curies":[{"name":"wp","href":"https:\/\/api.w.org\/{rel}","templated":true}]}}