{"id":130,"date":"2016-06-13T15:57:45","date_gmt":"2016-06-13T13:57:45","guid":{"rendered":"http:\/\/www.amicidellorgano.org\/?p=130"},"modified":"2016-06-15T13:55:01","modified_gmt":"2016-06-15T11:55:01","slug":"xxxvii-stagione-internazionale-di-concerti-sugli-organi-storici-citta-di-alessandria-della-provincia-di-alessandria","status":"publish","type":"post","link":"https:\/\/www.amicidellorgano.org\/index.php\/2016\/06\/13\/xxxvii-stagione-internazionale-di-concerti-sugli-organi-storici-citta-di-alessandria-della-provincia-di-alessandria\/","title":{"rendered":"XXXVII Stagione internazionale di concerti sugli organi storici della provincia di Alessandria"},"content":{"rendered":"<p><a href=\"http:\/\/www.amicidellorgano.org\/wp-content\/uploads\/concerti2016\/locandinaorgano2016.jpg\"><img loading=\"lazy\" decoding=\"async\" class=\"alignnone size-medium wp-image-129 aligncenter\" src=\"http:\/\/www.amicidellorgano.org\/wp-content\/uploads\/concerti2016\/locandinaorgano2016min-212x300.jpg\" alt=\"locandinaorgano2016min\" width=\"212\" height=\"300\" \/><\/a><\/p>\n<p>Il sottotitolo di questa XXXVII Stagione di concerti potrebbe essere a buon diritto &#8220;la Stagione del cambiamento&#8221; perch\u00e9 per la prima volta, nonostante l\u2019intento sia come sempre quello di salvaguardare la diffusione della musica organistica classica e l\u2019uso degli antichi strumenti del territorio, apriremo a generi musicali assai diversi dal nostro con proposte assolutamente inusuali e raramente presenti in un Festival organistico tradizionale.<!--more--><br \/>\nPotrete ascoltare un concerto con l\u2019organo Hammond, strumento che evoca per tutti la musica leggera degli anni 60, ma che in realt\u00e0 nacque proprio per la liturgia, nel tentativo di ovviare alla mancanza dell\u2019organo a canne in quelle chiese che ne erano sprovviste. In omaggio a queste origini il maestro Pier Dino Tisato proporr\u00e0 un programma interessantissimo, accostando brani classici a melodie popolari dell\u2019epoca.<br \/>\nIl secondo concerto ad Oviglio \u00e8 invece una contaminazione assai ardita fra la musica italiana del \u2019500 ed il Jazz.<br \/>\nIl titolo, \u201cFrescobaldi per noi\u201d, \u00e8 quello di un CD che il fisarmonicista Gianni Coscia volle realizzare nel 2007 su temi e suggestioni frescobaldiane. Il programma, composto da brani del grande compositore rinascimentale ed inframezzato da interventi dello stesso Gianni Coscia, dar\u00e0 modo di capire perch\u00e9 un Maestro tanto lontano nel tempo abbia potuto affascinare dei musicisti jazz, e perch\u00e9 il suo linguaggio, a distanza di quasi cinque secoli, possa essere considerato ancora attuale.<br \/>\nNon mancheranno comunque gli appuntamenti tradizionali, che gi\u00e0 ci hanno guadagnato la Medaglia del Presidente della Repubblica e l\u2019\u201cEFFE Label\u201d della Comunit\u00e0 Europea, anche se quest\u2019anno i concerti per organo solo sono in minoranza rispetto a quelli che prevedono accostamenti con strumenti diversi. In compenso ad Alessandria verr\u00e0 proposta, in prima assoluta per la nostra provincia, la monumentale Terza Sinfonia di Saint-Sa\u00ebns per organo e orchestra.<br \/>\nAlcune iniziative collaterali, come la masterclass di Gail Archer a Garbagna (15-17 luglio), la visita ad un laboratorio di costruzione di clavicembali ed una lezione sull\u2019organo per le scuole di Oviglio faranno da corollario ai concerti.<br \/>\nAncora una volta grazie a tutti gli Enti che ci hanno permesso di allestire questa nuova edizione del nostro Festival. A tutti voi, Amici ed appassionati, buon ascolto.<\/p>\n<p><img loading=\"lazy\" decoding=\"async\" class=\"alignnone size-full wp-image-121\" src=\"http:\/\/www.amicidellorgano.org\/wp-content\/uploads\/icone\/s_icon_pdf.gif\" alt=\"Icona pdf\" width=\"16\" height=\"16\" \/> <a href=\"http:\/\/www.amicidellorgano.org\/wp-content\/uploads\/concerti2016\/librettoconcerti2016.pdf\">Scarica il libretto della manifestazione (file pdf 2 Mb)<\/a><\/p>\n<p><strong>Maggior sostenitore:<br \/>\nCompagnia di San Paolo<\/strong><br \/>\n<img loading=\"lazy\" decoding=\"async\" class=\"alignnone size-medium wp-image-74\" src=\"http:\/\/www.amicidellorgano.org\/wp-content\/uploads\/loghi\/logosanpaolo2016-300x117.jpg\" alt=\"Compagnia di San Paolo\" width=\"300\" height=\"117\" \/><\/p>\n<hr \/>\n<p><strong>Con il sostegno di:<br \/>\nFondazione CRT<br \/>\n<img loading=\"lazy\" decoding=\"async\" class=\"alignnone size-medium wp-image-69\" src=\"http:\/\/www.amicidellorgano.org\/wp-content\/uploads\/loghi\/fondazionecrt2016-300x64.jpg\" alt=\"Fondazione CRT\" width=\"300\" height=\"64\" \/><br \/>\n<\/strong><\/p>\n<hr \/>\n<p><strong>Fondazione Cassa di Risparmio di Alessandria<br \/>\n<\/strong><br \/>\n<img loading=\"lazy\" decoding=\"async\" class=\"alignnone size-full wp-image-66\" src=\"http:\/\/www.amicidellorgano.org\/wp-content\/uploads\/loghi\/fondazionecassarisparmioalessandria.jpg\" alt=\" Fondazione Cassa di Risparmio di Alessandria\" width=\"101\" height=\"53\" \/><\/p>\n<hr \/>\n<p><strong>Fondazione Social<\/strong><\/p>\n<p><img loading=\"lazy\" decoding=\"async\" class=\"alignnone size-full wp-image-72\" src=\"http:\/\/www.amicidellorgano.org\/wp-content\/uploads\/loghi\/fondazionesocial2016.jpg\" alt=\" Fondazione Social \" width=\"127\" height=\"77\" \/><\/p>\n<hr \/>\n<p><strong>In collaborazione con:<br \/>\nPiemonte dal vivo<\/strong><\/p>\n<p><img loading=\"lazy\" decoding=\"async\" class=\"alignnone wp-image-73 size-medium\" src=\"http:\/\/www.amicidellorgano.org\/wp-content\/uploads\/loghi\/logopiemontedalvivo-300x118.jpg\" alt=\"Piemonte dal vivo\" width=\"300\" height=\"118\" \/><\/p>\n<hr \/>\n<p><strong>Conservatorio A. Vivaldi<\/strong><\/p>\n<p><img loading=\"lazy\" decoding=\"async\" class=\"alignnone size-full wp-image-77\" src=\"http:\/\/www.amicidellorgano.org\/wp-content\/uploads\/loghi\/conservatoriovivaldi2016.jpg\" alt=\" Conservatorio A. Vivaldi \" width=\"181\" height=\"73\" \/><\/p>\n<hr \/>\n<p><strong>Con il patrocinio di:<br \/>\nProvincia di Alessandria<\/strong><\/p>\n<p><img loading=\"lazy\" decoding=\"async\" class=\"alignnone size-full wp-image-70\" src=\"http:\/\/www.amicidellorgano.org\/wp-content\/uploads\/loghi\/provinciaalessandria.jpg\" alt=\"Provincia di Alessandria\" width=\"82\" height=\"100\" \/><\/p>\n<hr \/>\n<p><strong>Citt\u00e0 di Alessandria<\/strong><\/p>\n<p><img loading=\"lazy\" decoding=\"async\" class=\"alignnone size-full wp-image-80\" src=\"http:\/\/www.amicidellorgano.org\/wp-content\/uploads\/loghi\/comunealessandria.gif\" alt=\" Citt\u00e0 di Alessandria \" width=\"60\" height=\"58\" \/><\/p>\n","protected":false},"excerpt":{"rendered":"<p>Il sottotitolo di questa XXXVII Stagione di concerti potrebbe essere a buon diritto &#8220;la Stagione del cambiamento&#8221; perch\u00e9 per la prima volta, nonostante l\u2019intento sia come sempre quello di salvaguardare &hellip; <a href=\"https:\/\/www.amicidellorgano.org\/index.php\/2016\/06\/13\/xxxvii-stagione-internazionale-di-concerti-sugli-organi-storici-citta-di-alessandria-della-provincia-di-alessandria\/\" class=\"more-link\">Continua la lettura di <span class=\"screen-reader-text\">XXXVII Stagione internazionale di concerti sugli organi storici della provincia di Alessandria<\/span> <span class=\"meta-nav\">&rarr;<\/span><\/a><\/p>\n","protected":false},"author":1,"featured_media":0,"comment_status":"open","ping_status":"open","sticky":false,"template":"","format":"standard","meta":{"footnotes":""},"categories":[7,13],"tags":[8],"class_list":["post-130","post","type-post","status-publish","format-standard","hentry","category-concerti2016","category-news","tag-concerti2016"],"_links":{"self":[{"href":"https:\/\/www.amicidellorgano.org\/index.php\/wp-json\/wp\/v2\/posts\/130"}],"collection":[{"href":"https:\/\/www.amicidellorgano.org\/index.php\/wp-json\/wp\/v2\/posts"}],"about":[{"href":"https:\/\/www.amicidellorgano.org\/index.php\/wp-json\/wp\/v2\/types\/post"}],"author":[{"embeddable":true,"href":"https:\/\/www.amicidellorgano.org\/index.php\/wp-json\/wp\/v2\/users\/1"}],"replies":[{"embeddable":true,"href":"https:\/\/www.amicidellorgano.org\/index.php\/wp-json\/wp\/v2\/comments?post=130"}],"version-history":[{"count":7,"href":"https:\/\/www.amicidellorgano.org\/index.php\/wp-json\/wp\/v2\/posts\/130\/revisions"}],"predecessor-version":[{"id":340,"href":"https:\/\/www.amicidellorgano.org\/index.php\/wp-json\/wp\/v2\/posts\/130\/revisions\/340"}],"wp:attachment":[{"href":"https:\/\/www.amicidellorgano.org\/index.php\/wp-json\/wp\/v2\/media?parent=130"}],"wp:term":[{"taxonomy":"category","embeddable":true,"href":"https:\/\/www.amicidellorgano.org\/index.php\/wp-json\/wp\/v2\/categories?post=130"},{"taxonomy":"post_tag","embeddable":true,"href":"https:\/\/www.amicidellorgano.org\/index.php\/wp-json\/wp\/v2\/tags?post=130"}],"curies":[{"name":"wp","href":"https:\/\/api.w.org\/{rel}","templated":true}]}}