{"id":1201,"date":"2019-12-23T16:36:35","date_gmt":"2019-12-23T15:36:35","guid":{"rendered":"http:\/\/www.amicidellorgano.org\/?p=1201"},"modified":"2019-12-23T16:38:17","modified_gmt":"2019-12-23T15:38:17","slug":"la-chiesa-di-san-nicola-di-bari-strapiena-per-il-concerto-di-domenica","status":"publish","type":"post","link":"https:\/\/www.amicidellorgano.org\/index.php\/2019\/12\/23\/la-chiesa-di-san-nicola-di-bari-strapiena-per-il-concerto-di-domenica\/","title":{"rendered":"La chiesa di San Nicola di Bari strapiena per il concerto di domenica"},"content":{"rendered":"<p><strong>La chiesa di San Nicola di Bari strapiena per il concerto di domenica<\/strong><\/p>\n<p><img loading=\"lazy\" decoding=\"async\" class=\"aligncenter wp-image-1203 size-full\" src=\"http:\/\/www.amicidellorgano.org\/wp-content\/uploads\/varie\/80202191_140850884003556_8413353101888585728_n.jpg\" alt=\"La chiesa di San Nicola di Bari strapiena per il concerto di domenica\" width=\"849\" height=\"730\" \/><\/p>\n<p>Ha raggiunto il &#8216;pienone&#8217; il concerto di domenica 22 dicembre dicembre nella chiesa di San Nicola da Bari ad Avolasca. Si \u00e8 trattato di un concerto natalizio molto particolare, in quanto \u00e8 stato inaugurato il restauro dell&#8217;harmonium &#8220;F.lli Radice&#8221; (prima met\u00e0 del XX secolo) ivi conservato e recentemente ripristinato ad opera della ditta &#8220;Fratelli Pedrazzi&#8221; di Broni, grazie all&#8217;iniziativa di un gruppo di pri<span class=\"text_exposed_show\">vati.<br \/>\nGli onori di casa sono stati fatti dal sindaco di Avolasca, Valter Raimondi e da un componente del consiglio parrocchiale.<br \/>\nE&#8217; stata la prima volta che gli Amici dell&#8217;Organo hanno collaborato all&#8217;organizzazione di un evento che coinvolge l&#8217;harmonium, di fatto lo strumento pi\u00f9 affine all&#8217;organo che ci sia vuoi per le caratteristiche costruttive, vuoi per la destinazione d&#8217;uso sia sacra che profana come pure per la vasta letteratura &#8220;per Organo o Harmonium&#8221; che fior\u00ec soprattutto in Francia, Inghilterra ed America.<br \/>\nMolti grandissimi compositori, basti citare Franck e Vierne, si cimentarono in questo genere musicale lasciando cicli anche di vaste dimensioni.<br \/>\nQuesto strumento sta vivendo oggi una grande rivalutazione e sta tornando nuovamente di moda: a lui vengono ora dedicati concerti, ricerche e studi, e recentemente si \u00e8 tenuto proprio in Italia anche un convegno internazionale sul suo repertorio.<\/span><\/p>\n<div class=\"text_exposed_show\">\n<p>Il tenore SIMONE BARBATO e l&#8217;organista DANIELA SCAVIO hanno proposto un programma al tempo stesso popolare e ricercato, alternando brani di Franck, Perosi, Gruber, Adam a canti tradizionali natalizi.<\/p>\n<p><strong>AlessandriaNotizie da Citt\u00e0 e Provincia<\/strong><\/p>\n<\/div>\n","protected":false},"excerpt":{"rendered":"<p>La chiesa di San Nicola di Bari strapiena per il concerto di domenica Ha raggiunto il &#8216;pienone&#8217; il concerto di domenica 22 dicembre dicembre nella chiesa di San Nicola da &hellip; <a href=\"https:\/\/www.amicidellorgano.org\/index.php\/2019\/12\/23\/la-chiesa-di-san-nicola-di-bari-strapiena-per-il-concerto-di-domenica\/\" class=\"more-link\">Continua la lettura di <span class=\"screen-reader-text\">La chiesa di San Nicola di Bari strapiena per il concerto di domenica<\/span> <span class=\"meta-nav\">&rarr;<\/span><\/a><\/p>\n","protected":false},"author":1,"featured_media":0,"comment_status":"closed","ping_status":"closed","sticky":false,"template":"","format":"standard","meta":{"footnotes":""},"categories":[13,3],"tags":[168,76,169],"class_list":["post-1201","post","type-post","status-publish","format-standard","hentry","category-news","category-varie","tag-avolasca","tag-daniela-scavio","tag-simone-barbato"],"_links":{"self":[{"href":"https:\/\/www.amicidellorgano.org\/index.php\/wp-json\/wp\/v2\/posts\/1201"}],"collection":[{"href":"https:\/\/www.amicidellorgano.org\/index.php\/wp-json\/wp\/v2\/posts"}],"about":[{"href":"https:\/\/www.amicidellorgano.org\/index.php\/wp-json\/wp\/v2\/types\/post"}],"author":[{"embeddable":true,"href":"https:\/\/www.amicidellorgano.org\/index.php\/wp-json\/wp\/v2\/users\/1"}],"replies":[{"embeddable":true,"href":"https:\/\/www.amicidellorgano.org\/index.php\/wp-json\/wp\/v2\/comments?post=1201"}],"version-history":[{"count":2,"href":"https:\/\/www.amicidellorgano.org\/index.php\/wp-json\/wp\/v2\/posts\/1201\/revisions"}],"predecessor-version":[{"id":1204,"href":"https:\/\/www.amicidellorgano.org\/index.php\/wp-json\/wp\/v2\/posts\/1201\/revisions\/1204"}],"wp:attachment":[{"href":"https:\/\/www.amicidellorgano.org\/index.php\/wp-json\/wp\/v2\/media?parent=1201"}],"wp:term":[{"taxonomy":"category","embeddable":true,"href":"https:\/\/www.amicidellorgano.org\/index.php\/wp-json\/wp\/v2\/categories?post=1201"},{"taxonomy":"post_tag","embeddable":true,"href":"https:\/\/www.amicidellorgano.org\/index.php\/wp-json\/wp\/v2\/tags?post=1201"}],"curies":[{"name":"wp","href":"https:\/\/api.w.org\/{rel}","templated":true}]}}