{"id":1195,"date":"2019-12-13T13:19:37","date_gmt":"2019-12-13T12:19:37","guid":{"rendered":"http:\/\/www.amicidellorgano.org\/?p=1195"},"modified":"2019-12-13T13:20:56","modified_gmt":"2019-12-13T12:20:56","slug":"concerto-ad-avolasca-22-dicembre-2019","status":"publish","type":"post","link":"https:\/\/www.amicidellorgano.org\/index.php\/2019\/12\/13\/concerto-ad-avolasca-22-dicembre-2019\/","title":{"rendered":"Concerto ad Avolasca &#8211; 22 dicembre 2019"},"content":{"rendered":"<div class=\"gmail_quote\">\n<div dir=\"ltr\">\n<div><strong>Concerto ad Avolasca &#8211; 22 dicembre 2019<\/strong><\/div>\n<div><img loading=\"lazy\" decoding=\"async\" class=\"aligncenter wp-image-1197 size-full\" src=\"http:\/\/www.amicidellorgano.org\/wp-content\/uploads\/varie\/foto-Scavio-e-Barbato.jpg\" alt=\"Concerto ad Avolasca - 22 dicembre 2019\" width=\"640\" height=\"480\" \/><\/div>\n<div><\/div>\n<div>Domenica 22 dicembre alle 15.30 nella chiesa di San Nicola <span class=\"gmail_default\">da<\/span> Bari ad Avolasca ci sar\u00e0 un concerto natalizio molto particolare: verr\u00e0 infatti inaugurato il restauro dell&#8217;harmonium &#8220;F.lli Radice&#8221; (prima met\u00e0 del XX secolo) ivi conservato e recentemente ripristinato ad opera della ditta &#8220;Fratelli Pedrazzi&#8221; di Bron<span class=\"gmail_default\">i, grazie ad un gruppo di privati.<\/span><span style=\"color: #ff0000;\"><br \/>\n<\/span><\/div>\n<div><span style=\"color: #ff0000;\">\u00a0<\/span><\/div>\n<div>E&#8217; la prima volta che gli Amici dell&#8217;Organo collaborano all&#8217;organizzazione di un evento che coinvolge l&#8217;harmonium, di fatto lo strumento\u00a0 pi\u00f9 affine all&#8217;organo vuoi per le caratteristiche costruttive, vuoi per la destinazione d&#8217;uso sia sacra che profana come pure per la vasta letteratura &#8220;per Organo o Harmonium&#8221; che fior\u00ec soprattutto in Francia, Inghilterra ed America. Molti grandissimi compositori, basti citare Franck e Vierne, si cimentarono in questo\u00a0<span class=\"gmail_default\">genere musicale,<\/span> lasciando cicli anche di vaste dimensioni.<\/div>\n<div>Anticipiamo gi\u00e0 che nella nostra prossima Stagione concertistica avremo modo di occuparci in pi\u00f9 occasioni di questo strumento, che oggi sta vivendo una grande rivalutazione e sta tornando<span class=\"gmail_default\"> fortemente<\/span> di moda: a lui sono dedicati concerti, ricerche, recentemente anche un convegno internazionale di studi.<\/div>\n<div><\/div>\n<div>Il tenore SIMONE BARBATO e DANIELA SCAVIO proporranno un programma al tempo stesso popolare e ricercato, alternando brani di Franck, Perosi, Gruber, Adam\u00a0<span class=\"gmail_default\">a<\/span> canti tradizionali natalizi.Sar\u00e0 anche l&#8217;occasione per scambiarci gli auguri di buone Feste e per ringraziarvi tutti per aver seguito anche quest&#8217;anno i nostri appuntamenti.<\/div>\n<\/div>\n<\/div>\n","protected":false},"excerpt":{"rendered":"<p>Concerto ad Avolasca &#8211; 22 dicembre 2019 Domenica 22 dicembre alle 15.30 nella chiesa di San Nicola da Bari ad Avolasca ci sar\u00e0 un concerto natalizio molto particolare: verr\u00e0 infatti &hellip; <a href=\"https:\/\/www.amicidellorgano.org\/index.php\/2019\/12\/13\/concerto-ad-avolasca-22-dicembre-2019\/\" class=\"more-link\">Continua la lettura di <span class=\"screen-reader-text\">Concerto ad Avolasca &#8211; 22 dicembre 2019<\/span> <span class=\"meta-nav\">&rarr;<\/span><\/a><\/p>\n","protected":false},"author":1,"featured_media":0,"comment_status":"closed","ping_status":"closed","sticky":false,"template":"","format":"standard","meta":{"footnotes":""},"categories":[13],"tags":[168,76,169],"class_list":["post-1195","post","type-post","status-publish","format-standard","hentry","category-news","tag-avolasca","tag-daniela-scavio","tag-simone-barbato"],"_links":{"self":[{"href":"https:\/\/www.amicidellorgano.org\/index.php\/wp-json\/wp\/v2\/posts\/1195"}],"collection":[{"href":"https:\/\/www.amicidellorgano.org\/index.php\/wp-json\/wp\/v2\/posts"}],"about":[{"href":"https:\/\/www.amicidellorgano.org\/index.php\/wp-json\/wp\/v2\/types\/post"}],"author":[{"embeddable":true,"href":"https:\/\/www.amicidellorgano.org\/index.php\/wp-json\/wp\/v2\/users\/1"}],"replies":[{"embeddable":true,"href":"https:\/\/www.amicidellorgano.org\/index.php\/wp-json\/wp\/v2\/comments?post=1195"}],"version-history":[{"count":3,"href":"https:\/\/www.amicidellorgano.org\/index.php\/wp-json\/wp\/v2\/posts\/1195\/revisions"}],"predecessor-version":[{"id":1199,"href":"https:\/\/www.amicidellorgano.org\/index.php\/wp-json\/wp\/v2\/posts\/1195\/revisions\/1199"}],"wp:attachment":[{"href":"https:\/\/www.amicidellorgano.org\/index.php\/wp-json\/wp\/v2\/media?parent=1195"}],"wp:term":[{"taxonomy":"category","embeddable":true,"href":"https:\/\/www.amicidellorgano.org\/index.php\/wp-json\/wp\/v2\/categories?post=1195"},{"taxonomy":"post_tag","embeddable":true,"href":"https:\/\/www.amicidellorgano.org\/index.php\/wp-json\/wp\/v2\/tags?post=1195"}],"curies":[{"name":"wp","href":"https:\/\/api.w.org\/{rel}","templated":true}]}}