{"id":1165,"date":"2019-10-13T01:00:48","date_gmt":"2019-10-12T23:00:48","guid":{"rendered":"http:\/\/www.amicidellorgano.org\/?p=1165"},"modified":"2019-10-08T11:34:59","modified_gmt":"2019-10-08T09:34:59","slug":"concerto-mario-verdicchio-13-ottobre-2019","status":"publish","type":"post","link":"https:\/\/www.amicidellorgano.org\/index.php\/2019\/10\/13\/concerto-mario-verdicchio-13-ottobre-2019\/","title":{"rendered":"Concerto Mario Verdicchio &#8211; 13 ottobre 2019"},"content":{"rendered":"<p>Concerto Mario Verdicchio &#8211; 13 ottobre 2019<\/p>\n<p><img loading=\"lazy\" decoding=\"async\" class=\"aligncenter wp-image-1074 size-large\" src=\"http:\/\/www.amicidellorgano.org\/wp-content\/uploads\/concerti2019\/15-mario-verdicchio-1024x768.jpg\" alt=\"Concerto Mario Verdicchio - 13 ottobre 2019\" width=\"474\" height=\"356\" \/><\/p>\n<p>Un programma assai particolare ed un abbinamento insolito caratterizzano il concerto di domenica 13 ottobre alle ore 16 nel DUOMO DI VALENZA ove alla consolle del grandioso &#8220;Serassi&#8221; del 1852, restaurato dalla ditta &#8220;Fratelli Piccinelli&#8221; di Ponteranica (Bergamo) nel 1978, sieder\u00e0 il noto organista MARIO VERDICCHIO, originario di Parma ove per numerosi anni \u00e8 stato docente di Organo e Composizione Organistica.<\/p>\n<p>L&#8217;accostamento \u00e8 tra due autori entrambi di immensa grandezza, ma rappresentanti due mondi lontanissimi tra loro: Bach e Verdi.<br \/>\nBach \u00e8 uno degli autori di cui Verdicchio \u00e8 specialista internazionalmente riconosciuto, Verdi invece \u00e8 un po&#8217; lo specialista degli organi Serassi, soprattutto se di notevoli dimensioni come quello di Valenza, perch\u00e9 nel nostro Ottocento non solo tutta la letteratura per organo obbediva agli stilemi dell&#8217;opera lirica, ma era anche consuetudine eseguire durante la Messa vere e proprie trascrizioni delle pi\u00f9 note melodie verdiane, sia per voce solista sia per coro, non escludendo affatto Sinfonie ed intermezzi. Ne \u00e8 una prova la raccolta di brani per la Messa su melodie verdiane redatta da Carlo Fumagalli (1822 &#8211; 1907) che include tre Messe complete, basate rispettivamente su estratti da &#8220;Aida&#8221;, &#8221; Giovanna di Guzman&#8221; (Vespri Siciliani ) e &#8220;Simon Boccanegra..<br \/>\nAnche le trascrizioni di Paolo Sperati (1821 &#8211; 1884) sono del resto destinate espressamente alla liturgia, come inequivocabilmente recitano i singoli titoli Elevazione,Consumazione, Offertorio, e di nuovo Elevazione e Consumazione . Di Bach verranno invece proposte, oltre al celebre Adagio da Alessandro Marcello, ben due TOCCATE E FUGHE IN RE MINORE: la prima \u00e8 una corposa composizione che porta il numero di catalogo BWV 913, la seconda \u00e8 quel celebre brano che tutti conoscono almeno nelle note iniziali e che evoca automaticamente nell&#8217;immaginario collettivo il re degli strumenti, ma che invece&#8230;.quasi sicuramente non fu scritto per organo, e forse nemmeno da Bach.<\/p>\n<p><!--more--><\/p>\n<p><strong>Mario Verdicchio<\/strong> \u00e8 nato a Fidenza (Parma) e ha compiuto gli studi musicali presso il Conservatorio \u201cArrigo Boito\u201d di Parma diplomandosi sia in Pianoforte che in Organo e Composizione organistica con il massimo dei voti. Dopo aver seguito corsi con Luigi Ferdinando Tagliavini per il repertorio classico italiano ed Anton Heiller per la musica bachiana, ha proseguito il perfezionamento organistico con Marie Claire Alain.<br \/>\nHa partecipato ad importanti Festival e Rassegne organistiche in Italia ,Europa ( Svizzera, Austria, Germania, Slovenia, Romania, Danimarca, Inghilterra presso l&#8217;Universit\u00e0 di Oxford, Galles, Francia, Spagna ) e Stati Uniti ( New York).<br \/>\nIl suo repertorio comprende l&#8217;intera opera bachiana, di cui ha sovente proposto concerti monografici imperniati in particolare sulle grandi raccolte di Corali, come la \u201cDritter Teil der Klavieruebung\u201d, i \u201cLeipziger Choraele\u201de le Triosonate, episodi su cui si \u00e8 soffermata la stampa tedesca, come il \u201cFrankfurther Blatte\u201d.<br \/>\nPer il repertorio romantico e tardo romantico ha eseguito l&#8217;intera opera di C. Franck, Sinfonie di C.M.Widor e L.Vierne, di cui ha registrato in CD la Terza Sinfonia per organo. Per il repertorio contemporaneo l&#8217;intera opera di Maurice Durufl\u00e8, opere di Marcel Dupr\u00e9 ( tra cui la versione integrale del \u201cChemin de la Croix\u201dper organo e voce recitante ) e la Sonata per organo di Nino Rota.<br \/>\nHa registrato diversi CD anche per conto della VIDEORAIFONOLA con musiche di Franck, Liszt, Dupr\u00e9, riscuotendo entusiastiche critiche da parte delle principali riviste musicali: Amadeus, Suonare, Magazzini Sonori,ecc.<br \/>\nAll&#8217;attivit\u00e0 solistica ha affiancato quella cameristica in duo al clavicembalo con Rita Sfara (con musiche di Johann Christian Bach, Padre Soler) , in duo col pianista Pierluigi Puglisi (con musiche di M.Dupr\u00e9, E. Ghezzi e U. Salteri), col violinista Crtomir Siskovic (con musiche di Max Reger, M.E.Bossi. J.Rheinberger) e come solista in formazioni orchestrali con l&#8217;orchestra \u201cSanta Cecilia\u201d di Salisburgo e \u201cJulian Orbon\u201d di Avil\u00e9s.<br \/>\nE&#8217; stato docente di Organo Principale presso il Conservatorio di Parma.<br \/>\nNell&#8217;ambito dei progetti di scambi interculturali Erasmus, come rappresentante del Conservatorio, ha tenuto Masterclass di organo presso in Conservatorio \u201cJ.Haydn\u201d di Eisenstadt (Austria) e il Conservatorio di Cluj Napoca (Romania).<br \/>\nE&#8217; stato membro di giuria del \u201c Concorso Internazionale di Organo\u201d di Pisa, edizione 1986 e della commissione del Concorso Ministeriale a cattedre svoltosi a Trieste nel 1994.<\/p>\n","protected":false},"excerpt":{"rendered":"<p>Concerto Mario Verdicchio &#8211; 13 ottobre 2019 Un programma assai particolare ed un abbinamento insolito caratterizzano il concerto di domenica 13 ottobre alle ore 16 nel DUOMO DI VALENZA ove &hellip; <a href=\"https:\/\/www.amicidellorgano.org\/index.php\/2019\/10\/13\/concerto-mario-verdicchio-13-ottobre-2019\/\" class=\"more-link\">Continua la lettura di <span class=\"screen-reader-text\">Concerto Mario Verdicchio &#8211; 13 ottobre 2019<\/span> <span class=\"meta-nav\">&rarr;<\/span><\/a><\/p>\n","protected":false},"author":1,"featured_media":0,"comment_status":"closed","ping_status":"closed","sticky":false,"template":"","format":"standard","meta":{"footnotes":""},"categories":[141,13],"tags":[143,161,91],"class_list":["post-1165","post","type-post","status-publish","format-standard","hentry","category-concerti-2019","category-news","tag-concerti2019","tag-mario-verdicchio","tag-valenza"],"_links":{"self":[{"href":"https:\/\/www.amicidellorgano.org\/index.php\/wp-json\/wp\/v2\/posts\/1165"}],"collection":[{"href":"https:\/\/www.amicidellorgano.org\/index.php\/wp-json\/wp\/v2\/posts"}],"about":[{"href":"https:\/\/www.amicidellorgano.org\/index.php\/wp-json\/wp\/v2\/types\/post"}],"author":[{"embeddable":true,"href":"https:\/\/www.amicidellorgano.org\/index.php\/wp-json\/wp\/v2\/users\/1"}],"replies":[{"embeddable":true,"href":"https:\/\/www.amicidellorgano.org\/index.php\/wp-json\/wp\/v2\/comments?post=1165"}],"version-history":[{"count":1,"href":"https:\/\/www.amicidellorgano.org\/index.php\/wp-json\/wp\/v2\/posts\/1165\/revisions"}],"predecessor-version":[{"id":1166,"href":"https:\/\/www.amicidellorgano.org\/index.php\/wp-json\/wp\/v2\/posts\/1165\/revisions\/1166"}],"wp:attachment":[{"href":"https:\/\/www.amicidellorgano.org\/index.php\/wp-json\/wp\/v2\/media?parent=1165"}],"wp:term":[{"taxonomy":"category","embeddable":true,"href":"https:\/\/www.amicidellorgano.org\/index.php\/wp-json\/wp\/v2\/categories?post=1165"},{"taxonomy":"post_tag","embeddable":true,"href":"https:\/\/www.amicidellorgano.org\/index.php\/wp-json\/wp\/v2\/tags?post=1165"}],"curies":[{"name":"wp","href":"https:\/\/api.w.org\/{rel}","templated":true}]}}