{"id":1147,"date":"2019-09-30T22:43:15","date_gmt":"2019-09-30T20:43:15","guid":{"rendered":"http:\/\/www.amicidellorgano.org\/?p=1147"},"modified":"2019-09-30T22:43:15","modified_gmt":"2019-09-30T20:43:15","slug":"concerto-alessandro-urbano-4-ottobre-2019","status":"publish","type":"post","link":"https:\/\/www.amicidellorgano.org\/index.php\/2019\/09\/30\/concerto-alessandro-urbano-4-ottobre-2019\/","title":{"rendered":"Concerto Alessandro Urbano &#8211; 4 ottobre 2019"},"content":{"rendered":"<p><strong>Concerto Alessandro Urbano &#8211; 4 ottobre 2019<\/strong><\/p>\n<p><img loading=\"lazy\" decoding=\"async\" class=\"aligncenter wp-image-1066 size-large\" src=\"http:\/\/www.amicidellorgano.org\/wp-content\/uploads\/concerti2019\/10-alessandro-urbano-1024x681.jpg\" alt=\"Concerto Alessandro Urbano - 4 ottobre 2019\" width=\"474\" height=\"315\" \/><\/p>\n<div class=\"gmail_default\">Torna a suonare l&#8217;antico organo della chiesa Parrocchiale di Molo Borbera. E&#8217; opera dell&#8217; importante organaro ottocentesco Camillo Guglielmo Bianchi, originario di Lodi ma stabilitosi presto a Novi Ligure, diventando di fatto uno dei pochissimi organari il cui laboratorio era situato in provincia di Alessandria, facendo seguito a rari precedenti tra i quali il pi\u00f9 rappresentativo risulta essere Francesco Bellosio, che aveva bottega ad Orsara Bormida e che nel 1788 costru\u00ec il bellissimo organo della chiesa di Santa Caterina a Cassine.<\/div>\n<div class=\"gmail_quote\">\n<div dir=\"ltr\">\n<div>Lo strumento fu commissionato nel 1855 dall&#8217;antica chiesa dei Francescani nel centro storico di Novi, oggi non pi\u00f9 esistente, e fu inaugurato nientepop\u00f2 di meno che da Padre Davide da Bergamo, allora organista al monumentale &#8220;Serassi&#8221; dell&#8217;Abbazia di Santa Maria di Campagna a Piacenza. Fu in seguito trasportato nella nuova sede dell&#8217; Ordine subendo un rifacimento ad opera degli stessi allievi del Bianchi nel 1892. Infine nel 1959, quando i frati decisero di rimpiazzarlo con un organo a trasmissione elettrica, fu acquistato dalla Parrocchia di Molo Borbera per volont\u00e0 dell&#8217;allora Parroco<\/div>\n<div>don Manlio Pisacco.<\/div>\n<div>All&#8217; interesse ed alle amorevoli cure di alcuni giovani del paese si deve lo stato di conservazione relativamente buono che ha facilitato sotto tutti gli aspetti le operazioni di ripristino, sostenute dalla CEI con i fondi dell&#8217; 8 per 1000, dalla Consulta per la valorizzazine dei Beni Culturali presieduta dall&#8217; ingegnere Pier Giacomo Guala e dalle.Fondazioni CRT e CRAL.<\/div>\n<div>Il restauro filologico \u00e8 stato recentemente ultimato dalla ditta &#8220;Fratelli Marin&#8221; di Lumarzo (GE) ed ha comportato l&#8217;integrale ricostruzione della cassa.<\/div>\n<div>Ad inaugurarlo, <span style=\"font-family: Arial, sans-serif;\"><span style=\"font-size: medium;\">venerd\u00ec 4 ottobre alle ore 21, sar\u00e0 il giovane organista novese Alessandro Urbano.<\/span><\/span><\/div>\n<\/div>\n<\/div>\n<div><\/div>\n<p><!--more--><\/p>\n<div class=\"gmail_quote\">\n<div><strong>Programma<\/strong><\/div>\n<div>\n<p><strong>Antonio Vivaldi (1678 \u2013 1750)<br \/>\n<\/strong><strong>Transcr. Johann Sebastian Bach (1685 \u2013 1750)<br \/>\n<\/strong>Concerto in re maggiore RV 230 \/ BWV 972<br \/>\n<em>(Allegro)<br \/>\n<\/em><em>Larghetto<br \/>\n<\/em><em>Allegro<\/em><\/p>\n<p><strong>Girolamo Frescobaldi (1583 \u2013 1643)<br \/>\n<\/strong>Capriccio sopra l\u2019aria di Ruggero<\/p>\n<p><strong>Bernardo Pasquini (1637 \u2013 1710)<br \/>\n<\/strong>Ricercare primo II tuono<br \/>\nRicercare secondo II tuono<br \/>\nSonata I tuono<\/p>\n<p><strong>Vincenzo Petrali (1830 \u2013 1889)<br \/>\n<\/strong>Ripieno semplice<br \/>\nAdagio per l\u2019Elevazione<\/p>\n<p><strong>Padre Davide da Bergamo (1791 \u2013 1863)<br \/>\n<\/strong>Suonatina in fa<\/p>\n<p><strong>Vincenzo Bellini (1801 \u2013 1835)<br \/>\n<\/strong>Sonata per organo<\/p>\n<p><strong>Giovanni Morandi (1777 \u2013 1856)<br \/>\n<\/strong>Elevazione<\/p>\n<p><strong>Carlo Bodro (1840 \u2013 1900)<br \/>\n<\/strong>Adagio cantabile<br \/>\nAllegro sinfonico<\/p>\n<p><strong>ALESSANDRO URBANO<br \/>\n<\/strong>Diplomato di organo (10\/10) nella classe di Letizia Romiti e clavicembalo (110\/110 e lode) nella classe di Francesca Lanfranco al Conservatorio Statale \u201cA.Vivaldi\u201d di Alessandria (IT), ottiene nel 2012 il Master con lode di Maestro al Cembalo alla Haute Ecole de Musique di Ginevra (Svizzera), nella classe di Leonardo Garc\u00eda Alarc\u00f3n con la riconstituzione dell\u2019opera int\u00e9grale \u201cOrfeo Dolente\u201d di Domenico Belli (1616), eseguendola in prima mondiale in tempi moderni. Nel 2014 ottiene il Master Concerto di Organo alla Haute Ecole de Musique di Ginevra nella classe di Alessio Corti.<br \/>\nHa ricevuto diversi riconoscimenti per la sua attivit\u00e0 (II Premio al Concorso Internazionale d\u2019Organo \u00ab Schubert \u00bb 2002, Premio Speciale Groux-Extermann della Haute Ecole de Musqiue de Gen\u00e8ve, Prix d\u2019Orgue Pierre Segond della Citt\u00e0 di Ginevra).<br \/>\nHa partecipato a numerosi corsi di perfezionamento in organo, clavicembalo, direzione di coro e d\u2019orchestra con Gustav Leonhardt, Prz\u00e9myslaw Kapitula, Ewald Kooiman, Luigi Ferdinando Tagliavini, Bob van Asperen, Emilia Fadini, Marco Berrini, Giacomo Baroffio, Peter Neumann, Gabriel Garrido, Celso Antunes&#8230;<br \/>\nA Pasqua 2010 \u00e8 invitato a dirigere l\u2019oratorio La Resurrezione di G.F.H\u00e4ndel con l\u2019orchestra barocca Vallotti de Vercelli (Italia).<br \/>\nTra il 2010 e il 2011, si occupa della trascrizione di un manoscritto di una cantata profana di Vincenzo Calderara e ne dirige, come Maestro al Cembalo, la prima mondiale al XIV Festival \u201cScatola Sonora\u201d, al Conservatoirio \u201cA.Vivaldi\u201d di Alessandria.<br \/>\nNel 2013 \u00e8 in tourn\u00e9e in Francia e Belgio con l&#8217;Acad\u00e9mie Baroque d&#8217;Ambronay nell&#8217;Orfeo di Claudio Monteverdi diretto da Leonardo Garcia Alarcon.<br \/>\nDal 2015 in poi partecipa come organista a diversi progetti concertistici e discografici del Ch\u0153ur de Chambre de Namur (Belgio), premiati dalla stampa europea. Questa collaborazione l\u2019ha portato a esibirsi in vari Festival in Belgio e in Francia (Anversa, Mons, Bruxelles, St.Denis), spesso ripresi in diretta da radio o televisione.<br \/>\nNel 2013 fonda a Ginevra l&#8217;ensemble di musica antica L&#8217;Armonia degli Affetti, lavorando con cantanti quali Carlos Mena, Fernando Guimar\u00e3es\u2026L\u2019Armonia degli Affetti risulta tra i vincitori del concorso \u00ab Jeunes Ensembles \u00bb e ottiene una residenza al Centre Culturel de Rencontres di Ambronay, in Francia, per il 2014.<br \/>\nIn veste di organista, ha realizzato una registrazione per Radio Vaticana nel 2010 (Organo Mascioni del \u201cPonficium Institutum Musicae Sacrae\u201d a Roma), concerti alla Victoria Hall di Ginevra nel 2012, Cattedrale e Collegiata di Albi per il Festival Toulouse Les Orgues nel 2014 e numerosi concerti in Svizzera, Germania, Italia, Inghilterra, Lussemburgo e due concerti in Romania nel 2018 su invito del Ministero alla Cultura del Lussemburgo nel programma di gemellaggio tra Lussemburgo e la citt\u00e0 di Sibiu.<br \/>\nTra gli ultimi impegni, si segnalano la partecipazione all\u2019Opera di Ginevra con l\u2019Orchestre de la Suisse Romande diretta da Hartmut Haenchen (op\u00e9ra Cos\u00ec Fan Tutte, W.A.Mozart, clavicembalo), a l\u2019Op\u00e9ra Bastille di Parigi con il Coro e l\u2019Orchestra dell\u2019Opera diretti da Philip Jourdan (Messa in si minore, J.S.Bach, clavicembalo), Teatro della Citt\u00e0 di Lussemburgo con Cappella Mediterranea diretta da Leonardo Garcia Alarcon (opera Erismena, Francesco Cavalli, clavicembalo) oltre ad una collaborazione con l\u2019ensemble barocco ArteMandoline e Nuria Rial.<\/p>\n<\/div>\n<\/div>\n","protected":false},"excerpt":{"rendered":"<p>Concerto Alessandro Urbano &#8211; 4 ottobre 2019 Torna a suonare l&#8217;antico organo della chiesa Parrocchiale di Molo Borbera. E&#8217; opera dell&#8217; importante organaro ottocentesco Camillo Guglielmo Bianchi, originario di Lodi &hellip; <a href=\"https:\/\/www.amicidellorgano.org\/index.php\/2019\/09\/30\/concerto-alessandro-urbano-4-ottobre-2019\/\" class=\"more-link\">Continua la lettura di <span class=\"screen-reader-text\">Concerto Alessandro Urbano &#8211; 4 ottobre 2019<\/span> <span class=\"meta-nav\">&rarr;<\/span><\/a><\/p>\n","protected":false},"author":1,"featured_media":0,"comment_status":"closed","ping_status":"closed","sticky":false,"template":"","format":"standard","meta":{"footnotes":""},"categories":[141,13],"tags":[155,143,84],"class_list":["post-1147","post","type-post","status-publish","format-standard","hentry","category-concerti-2019","category-news","tag-alessandro-urbano","tag-concerti2019","tag-molo-borbera"],"_links":{"self":[{"href":"https:\/\/www.amicidellorgano.org\/index.php\/wp-json\/wp\/v2\/posts\/1147"}],"collection":[{"href":"https:\/\/www.amicidellorgano.org\/index.php\/wp-json\/wp\/v2\/posts"}],"about":[{"href":"https:\/\/www.amicidellorgano.org\/index.php\/wp-json\/wp\/v2\/types\/post"}],"author":[{"embeddable":true,"href":"https:\/\/www.amicidellorgano.org\/index.php\/wp-json\/wp\/v2\/users\/1"}],"replies":[{"embeddable":true,"href":"https:\/\/www.amicidellorgano.org\/index.php\/wp-json\/wp\/v2\/comments?post=1147"}],"version-history":[{"count":1,"href":"https:\/\/www.amicidellorgano.org\/index.php\/wp-json\/wp\/v2\/posts\/1147\/revisions"}],"predecessor-version":[{"id":1148,"href":"https:\/\/www.amicidellorgano.org\/index.php\/wp-json\/wp\/v2\/posts\/1147\/revisions\/1148"}],"wp:attachment":[{"href":"https:\/\/www.amicidellorgano.org\/index.php\/wp-json\/wp\/v2\/media?parent=1147"}],"wp:term":[{"taxonomy":"category","embeddable":true,"href":"https:\/\/www.amicidellorgano.org\/index.php\/wp-json\/wp\/v2\/categories?post=1147"},{"taxonomy":"post_tag","embeddable":true,"href":"https:\/\/www.amicidellorgano.org\/index.php\/wp-json\/wp\/v2\/tags?post=1147"}],"curies":[{"name":"wp","href":"https:\/\/api.w.org\/{rel}","templated":true}]}}